{"id":1836,"date":"2017-04-11T13:16:00","date_gmt":"2017-04-11T13:16:00","guid":{"rendered":"http:\/\/ecloudagency.com\/?p=1836"},"modified":"2017-04-11T13:16:00","modified_gmt":"2017-04-11T13:16:00","slug":"los-falsos-mitos-sobre-el-aire-acondicionado","status":"publish","type":"post","link":"http:\/\/pujolclima.com\/ca\/los-falsos-mitos-sobre-el-aire-acondicionado\/","title":{"rendered":"Els falsos mites sobre l&#039;aire condicionat"},"content":{"rendered":"<p>Benvinguts un dia m\u00e9s al bloc de Pujol Clima, una empresa de <strong>Terrassa<\/strong> especialitzada en instal\u00b7laci\u00f3 i manteniment d&#039;equips de <strong>aire condicionat<\/strong> i calefacci\u00f3.<\/p>\n<p>A la nostra empresa de <strong>Terrassa<\/strong>, comptem amb les millors marques del mercat tals com: Mitsubishi Electric, Fujitsu, Toshiba\u2026 Som molt vers\u00e0tils, ja que realitzem instal\u00b7lacions de <strong>aire condicionat<\/strong> o calefacci\u00f3 des d&#039;un habitatge petit a <strong>Terrassa<\/strong>, passant per una oficina, fins a una f\u00e0brica o nau industrial, adaptant-nos sempre a totes les vostres necessitats.<\/p>\n<p>Per aquesta ra\u00f3, al nou article d&#039;avui, us volem parlar del <strong>aire condicionat<\/strong>, ja que segur que heu sentit a parlar molt sobre aquest tema, per\u00f2 segur que mai de la m\u00e0 de professionals, com els de Pujol Clima <strong>Terrassa<\/strong>.<\/p>\n<p>Per\u00f2 creure&#039;s el que tothom diu sobre el <strong>aire condicionat<\/strong>, no \u00e9s bona idea, ja que hi ha molts mites de persones desinformades, que volen tenir la ra\u00f3 encara que no entenguin del tema, per aix\u00f2 ara des del bloc dels vostres instal\u00b7ladors de <strong>aires condicionats<\/strong> a <strong>Terrassa<\/strong>, us parlarem d&#039;aquests mites i de les seves realitats.<\/p>\n<h2><u>Mites de l&#039;aire condicionat a Terrassa<\/u><\/h2>\n<ul>\n<li>\u201cLes revisions del <strong>aire condicionat<\/strong> de casa vostra de <strong>Terrassa<\/strong>, s\u00f3n una p\u00e8rdua tant de diners com de temps\u201d Aix\u00f2 \u00e9s un mite totalment fals, ja que perqu\u00e8 el <strong>aire condicionat<\/strong> de casa teva <strong>Terrassa<\/strong> no es faci malb\u00e9 i pugui fer-ne el correcte manteniment, \u00e9s molt important netejar-lo regularment ia m\u00e9s amb el manteniment detectarem possibles errors, que a la llarga es poden convertir en problemes majors.<\/li>\n<\/ul>\n<ul>\n<li>\u201cSi vols estalviar diners, quan marxes de casa teva <strong>Terrassa<\/strong>, has d&#039;apagar el <strong>aire condicionat<\/strong>, i quan arribes, encendre&#039;l\u201d Aix\u00f2 \u00e9s un altre greu error que cometem, ja que si arribes a casa teva <strong>Terrassa<\/strong> i fa molta calor, el <strong>aire condicionat<\/strong> haur\u00e0 de treballar molt m\u00e9s i per tant gastar\u00e0 m\u00e9s.<\/li>\n<\/ul>\n<ul>\n<li>\u201cSi utilitzes <strong>aire condicionat<\/strong> a casa teva de <strong>Terrassa<\/strong>, agafar\u00e0s un refredat\u201d Aquest \u00e9s un dels mites m\u00e9s populars sobre <strong>aire condicionat<\/strong>, per\u00f2 en realitat, \u00e9s totalment fals, ja que els refredats provenen dels virus, no de les temperatures baixes.<\/li>\n<\/ul>\n<ul>\n<li>\u201cComprar el <strong>aire condicionat<\/strong> m\u00e9s gran que trobis al mercat, ja que ser\u00e0 el millor per a casa teva de <strong>Terrassa<\/strong>\u201d Aix\u00f2 no \u00e9s cert, encara que no hi ha una mida concreta que sigui l&#039;adequada, cal buscar la mida que m\u00e9s s&#039;adapta a casa nostra de <strong>Terrassa<\/strong>, tant a la mida, com a les condicions f\u00edsiques. Per fer-ho, cal comptar amb l&#039;ajuda d&#039;aut\u00e8ntics professionals, com els de Pujol Clima <strong>Terrassa<\/strong>, que t&#039;aconsellaran i t&#039;ajudaran en tot el que necessiteu.<\/li>\n<\/ul>\n<p><img loading=\"lazy\" decoding=\"async\" class=\"aligncenter wp-image-1837 size-full\" src=\"http:\/\/ecloudagency.com\/wp-content\/uploads\/2017\/05\/Pujol-Clima-Abril.jpg\" alt=\"\" width=\"810\" height=\"450\" srcset=\"https:\/\/pujolclima.com\/wp-content\/uploads\/2017\/05\/Pujol-Clima-Abril.jpg 810w, https:\/\/pujolclima.com\/wp-content\/uploads\/2017\/05\/Pujol-Clima-Abril-300x167.jpg 300w, https:\/\/pujolclima.com\/wp-content\/uploads\/2017\/05\/Pujol-Clima-Abril-768x427.jpg 768w\" sizes=\"auto, (max-width: 810px) 100vw, 810px\" \/><\/p>\n<p>&nbsp;<\/p>","protected":false},"excerpt":{"rendered":"<p>Benvinguts un dia m\u00e9s al bloc de Pujol Clima, una empresa de Terrassa especialitzada en instal\u00b7laci\u00f3 i manteniment d&#039;equips d&#039;aire condicionat i calefacci\u00f3.<\/p>","protected":false},"author":2,"featured_media":1838,"comment_status":"closed","ping_status":"open","sticky":false,"template":"","format":"standard","meta":{"_kad_blocks_custom_css":"","_kad_blocks_head_custom_js":"","_kad_blocks_body_custom_js":"","_kad_blocks_footer_custom_js":"","_kadence_starter_templates_imported_post":false,"_kad_post_transparent":"","_kad_post_title":"","_kad_post_layout":"","_kad_post_sidebar_id":"","_kad_post_content_style":"","_kad_post_vertical_padding":"","_kad_post_feature":"","_kad_post_feature_position":"","_kad_post_header":false,"_kad_post_footer":false,"_kad_post_classname":"","_joinchat":[],"footnotes":""},"categories":[59,48,70,55],"tags":[],"class_list":["post-1836","post","type-post","status-publish","format-standard","has-post-thumbnail","hentry","category-aire-acondicionado","category-blog","category-instalacion-aire-acondicionado","category-mantenimiento-aire-acondicionado"],"aioseo_notices":[],"aioseo_head":"\n\t\t<!-- All in One SEO 5.0.1.1 - aioseo.com -->\n\t<meta name=\"description\" content=\"Bienvenidos un d\u00eda m\u00e1s al blog de Pujol Clima, una empresa de Terrassa especializada en instalaci\u00f3n y mantenimiento de equipos de aire acondicionado y calefacci\u00f3n. En nuestra empresa de Terrassa, contamos con las mejores marcas del mercado tales como: Mitsubishi Electric, Fujitsu, Toshiba\u2026 Somos muy vers\u00e1tiles, ya que realizamos instalaciones de aire acondicionado o calefacci\u00f3n\" \/>\n\t<meta name=\"robots\" content=\"max-image-preview:large\" \/>\n\t<meta name=\"author\" content=\"soporte\"\/>\n\t<link rel=\"canonical\" href=\"http:\/\/pujolclima.com\/ca\/los-falsos-mitos-sobre-el-aire-acondicionado\/\" \/>\n\t<meta name=\"generator\" content=\"All in One SEO (AIOSEO) 5.0.1.1\" \/>\n\t\t<meta property=\"og:locale\" content=\"ca_ES\" \/>\n\t\t<meta property=\"og:site_name\" content=\"Pujolclima. Expertos en climatizaci\u00f3n - Expertos en climatizaci\u00f3n para hogares y empresas. Instalaci\u00f3n, mantenimiento y reparaci\u00f3n de aire acondicionado y calefacci\u00f3n con tecnolog\u00eda eficiente, servicio r\u00e1pido y el mejor confort\u00a0garantizado.\" \/>\n\t\t<meta property=\"og:type\" content=\"article\" \/>\n\t\t<meta property=\"og:title\" content=\"Los falsos mitos sobre el aire acondicionado - Pujolclima. Expertos en climatizaci\u00f3n\" \/>\n\t\t<meta property=\"og:description\" content=\"Bienvenidos un d\u00eda m\u00e1s al blog de Pujol Clima, una empresa de Terrassa especializada en instalaci\u00f3n y mantenimiento de equipos de aire acondicionado y calefacci\u00f3n. En nuestra empresa de Terrassa, contamos con las mejores marcas del mercado tales como: Mitsubishi Electric, Fujitsu, Toshiba\u2026 Somos muy vers\u00e1tiles, ya que realizamos instalaciones de aire acondicionado o calefacci\u00f3n\" \/>\n\t\t<meta property=\"og:url\" content=\"http:\/\/pujolclima.com\/ca\/los-falsos-mitos-sobre-el-aire-acondicionado\/\" \/>\n\t\t<meta property=\"og:image\" content=\"http:\/\/pujolclima.com\/wp-content\/uploads\/2025\/03\/cropped-PujolCLIMA-VECTOR-1.png\" \/>\n\t\t<meta property=\"article:published_time\" content=\"2017-04-11T13:16:00+00:00\" \/>\n\t\t<meta property=\"article:modified_time\" content=\"2017-04-11T13:16:00+00:00\" \/>\n\t\t<meta name=\"twitter:card\" content=\"summary_large_image\" \/>\n\t\t<meta name=\"twitter:title\" content=\"Los falsos mitos sobre el aire acondicionado - Pujolclima. Expertos en climatizaci\u00f3n\" \/>\n\t\t<meta name=\"twitter:description\" content=\"Bienvenidos un d\u00eda m\u00e1s al blog de Pujol Clima, una empresa de Terrassa especializada en instalaci\u00f3n y mantenimiento de equipos de aire acondicionado y calefacci\u00f3n. En nuestra empresa de Terrassa, contamos con las mejores marcas del mercado tales como: Mitsubishi Electric, Fujitsu, Toshiba\u2026 Somos muy vers\u00e1tiles, ya que realizamos instalaciones de aire acondicionado o calefacci\u00f3n\" \/>\n\t\t<meta name=\"twitter:image\" content=\"https:\/\/pujolclima.com\/wp-content\/uploads\/2025\/03\/cropped-PujolCLIMA-VECTOR-1.png\" \/>\n\t\t<script type=\"application\/ld+json\" class=\"aioseo-schema\">\n\t\t\t{\"@context\":\"https:\\\/\\\/schema.org\",\"@graph\":[{\"@type\":\"BlogPosting\",\"@id\":\"http:\\\/\\\/pujolclima.com\\\/ca\\\/los-falsos-mitos-sobre-el-aire-acondicionado\\\/#blogposting\",\"name\":\"Los falsos mitos sobre el aire acondicionado - Pujolclima. Expertos en climatizaci\\u00f3n\",\"headline\":\"Los falsos mitos sobre el aire acondicionado\",\"author\":{\"@id\":\"http:\\\/\\\/pujolclima.com\\\/ca\\\/author\\\/soporte\\\/#author\"},\"publisher\":{\"@id\":\"http:\\\/\\\/pujolclima.com\\\/ca\\\/#organization\"},\"image\":{\"@type\":\"ImageObject\",\"url\":\"https:\\\/\\\/pujolclima.com\\\/wp-content\\\/uploads\\\/2017\\\/05\\\/aire-acondicionado-terrassa.jpg\",\"width\":1012,\"height\":674},\"datePublished\":\"2017-04-11T13:16:00+02:00\",\"dateModified\":\"2017-04-11T13:16:00+02:00\",\"inLanguage\":\"ca\",\"mainEntityOfPage\":{\"@id\":\"http:\\\/\\\/pujolclima.com\\\/ca\\\/los-falsos-mitos-sobre-el-aire-acondicionado\\\/#webpage\"},\"isPartOf\":{\"@id\":\"http:\\\/\\\/pujolclima.com\\\/ca\\\/los-falsos-mitos-sobre-el-aire-acondicionado\\\/#webpage\"},\"articleSection\":\"Aire Acondicionado, Blog, Instalaci\\u00f3n aire acondicionado, Mantenimiento aire acondicionado\"},{\"@type\":\"BreadcrumbList\",\"@id\":\"http:\\\/\\\/pujolclima.com\\\/ca\\\/los-falsos-mitos-sobre-el-aire-acondicionado\\\/#breadcrumblist\",\"itemListElement\":[{\"@type\":\"ListItem\",\"@id\":\"http:\\\/\\\/pujolclima.com\\\/ca#listItem\",\"position\":1,\"name\":\"Inicio\",\"item\":\"http:\\\/\\\/pujolclima.com\\\/ca\",\"nextItem\":{\"@type\":\"ListItem\",\"@id\":\"http:\\\/\\\/pujolclima.com\\\/ca\\\/category\\\/blog\\\/#listItem\",\"name\":\"Blog\"}},{\"@type\":\"ListItem\",\"@id\":\"http:\\\/\\\/pujolclima.com\\\/ca\\\/category\\\/blog\\\/#listItem\",\"position\":2,\"name\":\"Blog\",\"item\":\"http:\\\/\\\/pujolclima.com\\\/ca\\\/category\\\/blog\\\/\",\"nextItem\":{\"@type\":\"ListItem\",\"@id\":\"http:\\\/\\\/pujolclima.com\\\/ca\\\/los-falsos-mitos-sobre-el-aire-acondicionado\\\/#listItem\",\"name\":\"Los falsos mitos sobre el aire acondicionado\"},\"previousItem\":{\"@type\":\"ListItem\",\"@id\":\"http:\\\/\\\/pujolclima.com\\\/ca#listItem\",\"name\":\"Inicio\"}},{\"@type\":\"ListItem\",\"@id\":\"http:\\\/\\\/pujolclima.com\\\/ca\\\/los-falsos-mitos-sobre-el-aire-acondicionado\\\/#listItem\",\"position\":3,\"name\":\"Los falsos mitos sobre el aire acondicionado\",\"previousItem\":{\"@type\":\"ListItem\",\"@id\":\"http:\\\/\\\/pujolclima.com\\\/ca\\\/category\\\/blog\\\/#listItem\",\"name\":\"Blog\"}}]},{\"@type\":\"Organization\",\"@id\":\"http:\\\/\\\/pujolclima.com\\\/ca\\\/#organization\",\"name\":\"Pujolclima. Colaborador Oficial de Nedgia\",\"description\":\"Expertos en climatizaci\\u00f3n para hogares y empresas. Instalaci\\u00f3n, mantenimiento y reparaci\\u00f3n de aire acondicionado y calefacci\\u00f3n con tecnolog\\u00eda eficiente, servicio r\\u00e1pido y el mejor confort\\u00a0garantizado.\",\"url\":\"http:\\\/\\\/pujolclima.com\\\/ca\\\/\",\"telephone\":\"+34664582238\",\"logo\":{\"@type\":\"ImageObject\",\"url\":\"https:\\\/\\\/pujolclima.com\\\/wp-content\\\/uploads\\\/2025\\\/03\\\/cropped-PujolCLIMA-VECTOR-1.png\",\"@id\":\"http:\\\/\\\/pujolclima.com\\\/ca\\\/los-falsos-mitos-sobre-el-aire-acondicionado\\\/#organizationLogo\",\"width\":1925,\"height\":570},\"image\":{\"@id\":\"http:\\\/\\\/pujolclima.com\\\/ca\\\/los-falsos-mitos-sobre-el-aire-acondicionado\\\/#organizationLogo\"}},{\"@type\":\"Person\",\"@id\":\"http:\\\/\\\/pujolclima.com\\\/ca\\\/author\\\/soporte\\\/#author\",\"url\":\"http:\\\/\\\/pujolclima.com\\\/ca\\\/author\\\/soporte\\\/\",\"name\":\"soporte\"},{\"@type\":\"WebPage\",\"@id\":\"http:\\\/\\\/pujolclima.com\\\/ca\\\/los-falsos-mitos-sobre-el-aire-acondicionado\\\/#webpage\",\"url\":\"http:\\\/\\\/pujolclima.com\\\/ca\\\/los-falsos-mitos-sobre-el-aire-acondicionado\\\/\",\"name\":\"Los falsos mitos sobre el aire acondicionado - Pujolclima. Expertos en climatizaci\\u00f3n\",\"description\":\"Bienvenidos un d\\u00eda m\\u00e1s al blog de Pujol Clima, una empresa de Terrassa especializada en instalaci\\u00f3n y mantenimiento de equipos de aire acondicionado y calefacci\\u00f3n. En nuestra empresa de Terrassa, contamos con las mejores marcas del mercado tales como: Mitsubishi Electric, Fujitsu, Toshiba\\u2026 Somos muy vers\\u00e1tiles, ya que realizamos instalaciones de aire acondicionado o calefacci\\u00f3n\",\"inLanguage\":\"ca\",\"isPartOf\":{\"@id\":\"http:\\\/\\\/pujolclima.com\\\/ca\\\/#website\"},\"breadcrumb\":{\"@id\":\"http:\\\/\\\/pujolclima.com\\\/ca\\\/los-falsos-mitos-sobre-el-aire-acondicionado\\\/#breadcrumblist\"},\"author\":{\"@id\":\"http:\\\/\\\/pujolclima.com\\\/ca\\\/author\\\/soporte\\\/#author\"},\"creator\":{\"@id\":\"http:\\\/\\\/pujolclima.com\\\/ca\\\/author\\\/soporte\\\/#author\"},\"image\":{\"@type\":\"ImageObject\",\"url\":\"https:\\\/\\\/pujolclima.com\\\/wp-content\\\/uploads\\\/2017\\\/05\\\/aire-acondicionado-terrassa.jpg\",\"@id\":\"http:\\\/\\\/pujolclima.com\\\/ca\\\/los-falsos-mitos-sobre-el-aire-acondicionado\\\/#mainImage\",\"width\":1012,\"height\":674},\"primaryImageOfPage\":{\"@id\":\"http:\\\/\\\/pujolclima.com\\\/ca\\\/los-falsos-mitos-sobre-el-aire-acondicionado\\\/#mainImage\"},\"datePublished\":\"2017-04-11T13:16:00+02:00\",\"dateModified\":\"2017-04-11T13:16:00+02:00\"},{\"@type\":\"WebSite\",\"@id\":\"http:\\\/\\\/pujolclima.com\\\/ca\\\/#website\",\"url\":\"http:\\\/\\\/pujolclima.com\\\/ca\\\/\",\"name\":\"Pujolclima. Colaborador Gas Natural Fernosa\",\"description\":\"Expertos en climatizaci\\u00f3n para hogares y empresas. Instalaci\\u00f3n, mantenimiento y reparaci\\u00f3n de aire acondicionado y calefacci\\u00f3n con tecnolog\\u00eda eficiente, servicio r\\u00e1pido y el mejor confort\\u00a0garantizado.\",\"inLanguage\":\"ca\",\"publisher\":{\"@id\":\"http:\\\/\\\/pujolclima.com\\\/ca\\\/#organization\"}}]}\n\t\t<\/script>\n\t\t<!-- All in One SEO -->\n\n","aioseo_head_json":{"title":"Los falsos mitos sobre el aire acondicionado - Pujolclima. Expertos en climatizaci\u00f3n","description":"Bienvenidos un d\u00eda m\u00e1s al blog de Pujol Clima, una empresa de Terrassa especializada en instalaci\u00f3n y mantenimiento de equipos de aire acondicionado y calefacci\u00f3n. En nuestra empresa de Terrassa, contamos con las mejores marcas del mercado tales como: Mitsubishi Electric, Fujitsu, Toshiba\u2026 Somos muy vers\u00e1tiles, ya que realizamos instalaciones de aire acondicionado o calefacci\u00f3n","canonical_url":"http:\/\/pujolclima.com\/ca\/los-falsos-mitos-sobre-el-aire-acondicionado\/","robots":"max-image-preview:large","keywords":"","webmasterTools":{"miscellaneous":""},"schema":{"@context":"https:\/\/schema.org","@graph":[{"@type":"BlogPosting","@id":"http:\/\/pujolclima.com\/ca\/los-falsos-mitos-sobre-el-aire-acondicionado\/#blogposting","name":"Los falsos mitos sobre el aire acondicionado - Pujolclima. Expertos en climatizaci\u00f3n","headline":"Los falsos mitos sobre el aire acondicionado","author":{"@id":"http:\/\/pujolclima.com\/ca\/author\/soporte\/#author"},"publisher":{"@id":"http:\/\/pujolclima.com\/ca\/#organization"},"image":{"@type":"ImageObject","url":"https:\/\/pujolclima.com\/wp-content\/uploads\/2017\/05\/aire-acondicionado-terrassa.jpg","width":1012,"height":674},"datePublished":"2017-04-11T13:16:00+02:00","dateModified":"2017-04-11T13:16:00+02:00","inLanguage":"ca","mainEntityOfPage":{"@id":"http:\/\/pujolclima.com\/ca\/los-falsos-mitos-sobre-el-aire-acondicionado\/#webpage"},"isPartOf":{"@id":"http:\/\/pujolclima.com\/ca\/los-falsos-mitos-sobre-el-aire-acondicionado\/#webpage"},"articleSection":"Aire Acondicionado, Blog, Instalaci\u00f3n aire acondicionado, Mantenimiento aire acondicionado"},{"@type":"BreadcrumbList","@id":"http:\/\/pujolclima.com\/ca\/los-falsos-mitos-sobre-el-aire-acondicionado\/#breadcrumblist","itemListElement":[{"@type":"ListItem","@id":"http:\/\/pujolclima.com\/ca#listItem","position":1,"name":"Inicio","item":"http:\/\/pujolclima.com\/ca","nextItem":{"@type":"ListItem","@id":"http:\/\/pujolclima.com\/ca\/category\/blog\/#listItem","name":"Blog"}},{"@type":"ListItem","@id":"http:\/\/pujolclima.com\/ca\/category\/blog\/#listItem","position":2,"name":"Blog","item":"http:\/\/pujolclima.com\/ca\/category\/blog\/","nextItem":{"@type":"ListItem","@id":"http:\/\/pujolclima.com\/ca\/los-falsos-mitos-sobre-el-aire-acondicionado\/#listItem","name":"Los falsos mitos sobre el aire acondicionado"},"previousItem":{"@type":"ListItem","@id":"http:\/\/pujolclima.com\/ca#listItem","name":"Inicio"}},{"@type":"ListItem","@id":"http:\/\/pujolclima.com\/ca\/los-falsos-mitos-sobre-el-aire-acondicionado\/#listItem","position":3,"name":"Los falsos mitos sobre el aire acondicionado","previousItem":{"@type":"ListItem","@id":"http:\/\/pujolclima.com\/ca\/category\/blog\/#listItem","name":"Blog"}}]},{"@type":"Organization","@id":"http:\/\/pujolclima.com\/ca\/#organization","name":"Pujolclima. Colaborador Oficial de Nedgia","description":"Expertos en climatizaci\u00f3n para hogares y empresas. Instalaci\u00f3n, mantenimiento y reparaci\u00f3n de aire acondicionado y calefacci\u00f3n con tecnolog\u00eda eficiente, servicio r\u00e1pido y el mejor confort\u00a0garantizado.","url":"http:\/\/pujolclima.com\/ca\/","telephone":"+34664582238","logo":{"@type":"ImageObject","url":"https:\/\/pujolclima.com\/wp-content\/uploads\/2025\/03\/cropped-PujolCLIMA-VECTOR-1.png","@id":"http:\/\/pujolclima.com\/ca\/los-falsos-mitos-sobre-el-aire-acondicionado\/#organizationLogo","width":1925,"height":570},"image":{"@id":"http:\/\/pujolclima.com\/ca\/los-falsos-mitos-sobre-el-aire-acondicionado\/#organizationLogo"}},{"@type":"Person","@id":"http:\/\/pujolclima.com\/ca\/author\/soporte\/#author","url":"http:\/\/pujolclima.com\/ca\/author\/soporte\/","name":"soporte"},{"@type":"WebPage","@id":"http:\/\/pujolclima.com\/ca\/los-falsos-mitos-sobre-el-aire-acondicionado\/#webpage","url":"http:\/\/pujolclima.com\/ca\/los-falsos-mitos-sobre-el-aire-acondicionado\/","name":"Los falsos mitos sobre el aire acondicionado - Pujolclima. Expertos en climatizaci\u00f3n","description":"Bienvenidos un d\u00eda m\u00e1s al blog de Pujol Clima, una empresa de Terrassa especializada en instalaci\u00f3n y mantenimiento de equipos de aire acondicionado y calefacci\u00f3n. En nuestra empresa de Terrassa, contamos con las mejores marcas del mercado tales como: Mitsubishi Electric, Fujitsu, Toshiba\u2026 Somos muy vers\u00e1tiles, ya que realizamos instalaciones de aire acondicionado o calefacci\u00f3n","inLanguage":"ca","isPartOf":{"@id":"http:\/\/pujolclima.com\/ca\/#website"},"breadcrumb":{"@id":"http:\/\/pujolclima.com\/ca\/los-falsos-mitos-sobre-el-aire-acondicionado\/#breadcrumblist"},"author":{"@id":"http:\/\/pujolclima.com\/ca\/author\/soporte\/#author"},"creator":{"@id":"http:\/\/pujolclima.com\/ca\/author\/soporte\/#author"},"image":{"@type":"ImageObject","url":"https:\/\/pujolclima.com\/wp-content\/uploads\/2017\/05\/aire-acondicionado-terrassa.jpg","@id":"http:\/\/pujolclima.com\/ca\/los-falsos-mitos-sobre-el-aire-acondicionado\/#mainImage","width":1012,"height":674},"primaryImageOfPage":{"@id":"http:\/\/pujolclima.com\/ca\/los-falsos-mitos-sobre-el-aire-acondicionado\/#mainImage"},"datePublished":"2017-04-11T13:16:00+02:00","dateModified":"2017-04-11T13:16:00+02:00"},{"@type":"WebSite","@id":"http:\/\/pujolclima.com\/ca\/#website","url":"http:\/\/pujolclima.com\/ca\/","name":"Pujolclima. Colaborador Gas Natural Fernosa","description":"Expertos en climatizaci\u00f3n para hogares y empresas. Instalaci\u00f3n, mantenimiento y reparaci\u00f3n de aire acondicionado y calefacci\u00f3n con tecnolog\u00eda eficiente, servicio r\u00e1pido y el mejor confort\u00a0garantizado.","inLanguage":"ca","publisher":{"@id":"http:\/\/pujolclima.com\/ca\/#organization"}}]},"og:locale":"ca_ES","og:site_name":"Pujolclima. Expertos en climatizaci\u00f3n - Expertos en climatizaci\u00f3n para hogares y empresas. Instalaci\u00f3n, mantenimiento y reparaci\u00f3n de aire acondicionado y calefacci\u00f3n con tecnolog\u00eda eficiente, servicio r\u00e1pido y el mejor confort\u00a0garantizado.","og:type":"article","og:title":"Los falsos mitos sobre el aire acondicionado - Pujolclima. Expertos en climatizaci\u00f3n","og:description":"Bienvenidos un d\u00eda m\u00e1s al blog de Pujol Clima, una empresa de Terrassa especializada en instalaci\u00f3n y mantenimiento de equipos de aire acondicionado y calefacci\u00f3n. En nuestra empresa de Terrassa, contamos con las mejores marcas del mercado tales como: Mitsubishi Electric, Fujitsu, Toshiba\u2026 Somos muy vers\u00e1tiles, ya que realizamos instalaciones de aire acondicionado o calefacci\u00f3n","og:url":"http:\/\/pujolclima.com\/ca\/los-falsos-mitos-sobre-el-aire-acondicionado\/","og:image":"http:\/\/pujolclima.com\/wp-content\/uploads\/2025\/03\/cropped-PujolCLIMA-VECTOR-1.png","article:published_time":"2017-04-11T13:16:00+00:00","article:modified_time":"2017-04-11T13:16:00+00:00","twitter:card":"summary_large_image","twitter:title":"Los falsos mitos sobre el aire acondicionado - Pujolclima. Expertos en climatizaci\u00f3n","twitter:description":"Bienvenidos un d\u00eda m\u00e1s al blog de Pujol Clima, una empresa de Terrassa especializada en instalaci\u00f3n y mantenimiento de equipos de aire acondicionado y calefacci\u00f3n. En nuestra empresa de Terrassa, contamos con las mejores marcas del mercado tales como: Mitsubishi Electric, Fujitsu, Toshiba\u2026 Somos muy vers\u00e1tiles, ya que realizamos instalaciones de aire acondicionado o calefacci\u00f3n","twitter:image":"https:\/\/pujolclima.com\/wp-content\/uploads\/2025\/03\/cropped-PujolCLIMA-VECTOR-1.png"},"aioseo_meta_data":{"post_id":"1836","title":null,"description":null,"keywords":null,"keyphrases":null,"primary_term":null,"canonical_url":null,"og_title":null,"og_description":null,"og_object_type":"default","og_image_type":"default","og_image_url":null,"og_image_width":null,"og_image_height":null,"og_image_custom_url":null,"og_image_custom_fields":null,"og_video":null,"og_custom_url":null,"og_article_section":null,"og_article_tags":null,"twitter_use_og":false,"twitter_card":"default","twitter_image_type":"default","twitter_image_url":null,"twitter_image_custom_url":null,"twitter_image_custom_fields":null,"twitter_title":null,"twitter_description":null,"schema":{"blockGraphs":[],"customGraphs":[],"default":{"data":{"Article":[],"Course":[],"Dataset":[],"FAQPage":[],"Movie":[],"Person":[],"Product":[],"ProductReview":[],"Car":[],"Recipe":[],"Service":[],"SoftwareApplication":[],"WebPage":[]},"graphName":"","isEnabled":true},"graphs":[]},"schema_type":"default","schema_type_options":null,"pillar_content":false,"robots_default":true,"robots_noindex":false,"robots_noarchive":false,"robots_nosnippet":false,"robots_nofollow":false,"robots_noimageindex":false,"robots_noodp":false,"robots_notranslate":false,"robots_max_snippet":null,"robots_max_videopreview":null,"robots_max_imagepreview":"large","priority":null,"frequency":null,"local_seo":null,"breadcrumb_settings":null,"limit_modified_date":false,"ai":null,"created":"2024-06-13 09:23:48","updated":"2025-07-08 08:52:01","focus_keyword":null,"additional_keywords":null,"truseo_locale":null,"seo_analyzer_scan_date":null},"aioseo_breadcrumb":"<div class=\"aioseo-breadcrumbs\"><span class=\"aioseo-breadcrumb\">\n\t\t\t<a href=\"http:\/\/pujolclima.com\/ca\" title=\"Inicio\">Inicio<\/a>\n\t\t<\/span><span class=\"aioseo-breadcrumb-separator\">&raquo;<\/span><span class=\"aioseo-breadcrumb\">\n\t\t\t<a href=\"http:\/\/pujolclima.com\/ca\/category\/blog\/\" title=\"Blog\">Blog<\/a>\n\t\t<\/span><span class=\"aioseo-breadcrumb-separator\">&raquo;<\/span><span class=\"aioseo-breadcrumb\">\n\t\t\tLos falsos mitos sobre el aire acondicionado\n\t\t<\/span><\/div>","aioseo_breadcrumb_json":[{"label":"Inicio","link":"http:\/\/pujolclima.com\/ca"},{"label":"Blog","link":"http:\/\/pujolclima.com\/ca\/category\/blog\/"},{"label":"Los falsos mitos sobre el aire acondicionado","link":"http:\/\/pujolclima.com\/ca\/los-falsos-mitos-sobre-el-aire-acondicionado\/"}],"taxonomy_info":{"category":[{"value":59,"label":"Aire Acondicionado"},{"value":48,"label":"Blog"},{"value":70,"label":"Instalaci\u00f3n aire acondicionado"},{"value":55,"label":"Mantenimiento aire acondicionado"}]},"featured_image_src_large":["https:\/\/pujolclima.com\/wp-content\/uploads\/2017\/05\/aire-acondicionado-terrassa.jpg",1012,674,false],"author_info":{"display_name":"soporte","author_link":"http:\/\/pujolclima.com\/ca\/author\/soporte\/"},"comment_info":0,"category_info":[{"term_id":59,"name":"Aire Acondicionado","slug":"aire-acondicionado","term_group":0,"term_taxonomy_id":59,"taxonomy":"category","description":"","parent":0,"count":55,"filter":"raw","term_order":"12","cat_ID":59,"category_count":55,"category_description":"","cat_name":"Aire Acondicionado","category_nicename":"aire-acondicionado","category_parent":0},{"term_id":48,"name":"Blog","slug":"blog","term_group":0,"term_taxonomy_id":48,"taxonomy":"category","description":"","parent":0,"count":83,"filter":"raw","term_order":"13","cat_ID":48,"category_count":83,"category_description":"","cat_name":"Blog","category_nicename":"blog","category_parent":0},{"term_id":70,"name":"Instalaci\u00f3n aire acondicionado","slug":"instalacion-aire-acondicionado","term_group":0,"term_taxonomy_id":70,"taxonomy":"category","description":"","parent":0,"count":28,"filter":"raw","term_order":"10","cat_ID":70,"category_count":28,"category_description":"","cat_name":"Instalaci\u00f3n aire acondicionado","category_nicename":"instalacion-aire-acondicionado","category_parent":0},{"term_id":55,"name":"Mantenimiento aire acondicionado","slug":"mantenimiento-aire-acondicionado","term_group":0,"term_taxonomy_id":55,"taxonomy":"category","description":"","parent":0,"count":29,"filter":"raw","term_order":"15","cat_ID":55,"category_count":29,"category_description":"","cat_name":"Mantenimiento aire acondicionado","category_nicename":"mantenimiento-aire-acondicionado","category_parent":0}],"tag_info":false,"_links":{"self":[{"href":"http:\/\/pujolclima.com\/ca\/wp-json\/wp\/v2\/posts\/1836","targetHints":{"allow":["GET"]}}],"collection":[{"href":"http:\/\/pujolclima.com\/ca\/wp-json\/wp\/v2\/posts"}],"about":[{"href":"http:\/\/pujolclima.com\/ca\/wp-json\/wp\/v2\/types\/post"}],"author":[{"embeddable":true,"href":"http:\/\/pujolclima.com\/ca\/wp-json\/wp\/v2\/users\/2"}],"replies":[{"embeddable":true,"href":"http:\/\/pujolclima.com\/ca\/wp-json\/wp\/v2\/comments?post=1836"}],"version-history":[{"count":0,"href":"http:\/\/pujolclima.com\/ca\/wp-json\/wp\/v2\/posts\/1836\/revisions"}],"wp:featuredmedia":[{"embeddable":true,"href":"http:\/\/pujolclima.com\/ca\/wp-json\/wp\/v2\/media\/1838"}],"wp:attachment":[{"href":"http:\/\/pujolclima.com\/ca\/wp-json\/wp\/v2\/media?parent=1836"}],"wp:term":[{"taxonomy":"category","embeddable":true,"href":"http:\/\/pujolclima.com\/ca\/wp-json\/wp\/v2\/categories?post=1836"},{"taxonomy":"post_tag","embeddable":true,"href":"http:\/\/pujolclima.com\/ca\/wp-json\/wp\/v2\/tags?post=1836"}],"curies":[{"name":"wp","href":"https:\/\/api.w.org\/{rel}","templated":true}]}}