{"id":1869,"date":"2017-02-21T13:45:31","date_gmt":"2017-02-21T13:45:31","guid":{"rendered":"http:\/\/ecloudagency.com\/?p=1869"},"modified":"2017-02-21T13:45:31","modified_gmt":"2017-02-21T13:45:31","slug":"por-que-gotea-mi-aire-acondicionado","status":"publish","type":"post","link":"http:\/\/pujolclima.com\/ca\/por-que-gotea-mi-aire-acondicionado\/","title":{"rendered":"Per qu\u00e8 degota el meu aire condicionat?"},"content":{"rendered":"<p>A Pujol Clima, <strong>Sabadell<\/strong>, volem contestar aquesta pregunta que tantes vegades rebem. Si el <strong>aire<\/strong> <strong>condicionat<\/strong> de casa teva a <strong>Sabadell<\/strong> t\u00e9 p\u00e8rdues d&#039;aigua, segueix llegint per con\u00e8ixer-ne les causes.<\/p>\n<h2><strong>Causa de p\u00e8rdua daigua<\/strong><\/h2>\n<ul>\n<li>El desgu\u00e0s del teu <strong>aire<\/strong> <strong>condicionat<\/strong> est\u00e0 obstru\u00eft<\/li>\n<\/ul>\n<p style=\"padding-left: 60px;\">Aquest \u00e9s el motiu m\u00e9s habitual. Per norma general, els aires split tenen una canonada de desgu\u00e0s d&#039;un di\u00e0metre petit. Tot i aix\u00ed, aquest tub t\u00e9 la capacitat suficient per evacuar tota l&#039;aigua que condensa un <strong>aire<\/strong> <strong>condicionat<\/strong>, per\u00f2 amb l&#039;\u00fas, el tub es va obstruint i acaba tapant-se. D&#039;aquesta manera, es fa impossible que flueixi l&#039;aigua, ja que l&#039;aigua que condensa una unitat de <strong>aire<\/strong> <strong>condicionat<\/strong> no t\u00e9 for\u00e7a per arrossegar la brut\u00edcia i menys un tap.<\/p>\n<p style=\"padding-left: 60px;\">Si el teu aire t\u00e9 aquest problema i perd aigua per la part inferior, cal localitzar el desgu\u00e0s i bufar-hi fortament per desembossar-lo.<\/p>\n<p>&nbsp;<\/p>\n<ul>\n<li>Els filtres del <strong>aire<\/strong> <strong>condicionat<\/strong> estan bruts<\/li>\n<\/ul>\n<p style=\"padding-left: 60px;\">Els filtres s\u00f3n de vital import\u00e0ncia per al correcte funcionament del teu <strong>aire<\/strong>. En tenir els filtres bruts, la unitat de <strong>aire<\/strong> <strong>condicionat<\/strong> produeix una baixada de pressi\u00f3 de gas, i aquesta alhora genera que la unitat interior es comenci a comportar com un congelador.<\/p>\n<p>&nbsp;<\/p>\n<ul>\n<li>S&#039;ha trencat el tub de desgu\u00e0s<\/li>\n<\/ul>\n<p style=\"padding-left: 60px;\">Tamb\u00e9 pot ser que el tub de desgu\u00e0s s&#039;hagi trencat o esquerdat. Aix\u00f2 \u00e9s dif\u00edcil que passi si la unitat de <strong>aire<\/strong> <strong>condicionat<\/strong> porta ja temps instal\u00b7lat, per\u00f2 sol passar quan el tub flexible que s&#039;ha utilitzat per fer el desgu\u00e0s \u00e9s de mala qualitat, ja que s&#039;acaba doblegant en exc\u00e9s i genera esquerdes per les quals es pot perdre l&#039;aigua i acabant per degotejar.<\/p>\n<p>&nbsp;<\/p>\n<ul>\n<li>L&#039;ampolla que recull l&#039;aigua \u00e9s plena<\/li>\n<\/ul>\n<p style=\"padding-left: 60px;\">Aquesta no \u00e9s una avaria de l&#039;aparell de <strong>aire<\/strong> <strong>condicionat<\/strong>, per\u00f2 \u00e9s una causa bastant comuna. L&#039;aigua que genera el nostre aparell de <strong>aire<\/strong> <strong>condicionat<\/strong> flueix per gravetat i pel seu propi pes i pot ser recollida al final del desgu\u00e0s per un recipient. De vegades, el tub de desgu\u00e0s \u00e9s dins aquest recipient i es pot quedar submergit. Quan aix\u00f2 passa \u00e9s probable que llenci aigua per la unitat interior i per tant degoteu pel front.<\/p>\n<p style=\"padding-left: 60px;\">Per evitar-ho, de tant en tant cal revisar si teniu l&#039;ampolla plena.<\/p>\n<p>&nbsp;<\/p>\n<ul>\n<li>Manca de gas<\/li>\n<\/ul>\n<p style=\"padding-left: 60px;\">Si es tenen els filtres, lintercanviador i el ventilador net i tot i aix\u00ed la unitat interior del <strong>aire<\/strong> <strong>condicionat<\/strong> es congela, el problema \u00e9s que tens una manca de gas i per tant tamb\u00e9 una fuita de gas. \u00c9s una altra de les causes m\u00e9s comunes.<\/p>\n<p>&nbsp;<\/p>\n<ul>\n<li>La safata est\u00e0 trencada<\/li>\n<\/ul>\n<p style=\"padding-left: 60px;\">Aquesta causa \u00e9s mens com\u00fa, per\u00f2 si la safata de condensats es trenca o s&#039;esquerda, pot causar que el <strong>aire<\/strong> <strong>condicionat<\/strong> degoteu dins. Aquesta safata \u00e9s l&#039;encarregada de recollir l&#039;aigua que llen\u00e7a el <strong>aire<\/strong>, canalitzant-la cap al desgu\u00e0s.<\/p>\n<p><img loading=\"lazy\" decoding=\"async\" class=\"aligncenter wp-image-1870 size-full\" src=\"http:\/\/ecloudagency.com\/wp-content\/uploads\/2017\/05\/aire-acondicionado-sabadell1jpg-768x297.jpg\" alt=\"\" width=\"768\" height=\"297\" \/><\/p>\n<p>Si veieu que alguna d&#039;aquestes causes no us permet gaudir del vostre <strong>aire<\/strong> <strong>condicionat<\/strong>, nom\u00e9s heu d&#039;acudir als nostres professionals de Pujol Clima a <strong>Sabadell<\/strong>.<\/p>","protected":false},"excerpt":{"rendered":"<p>A Pujol Clima, Sabadell, volem contestar aquesta pregunta que tantes vegades rebem. Si l&#039;aire condicionat de casa teva a Sabadell t\u00e9 p\u00e8rdues d&#039;aigua,\u2026<\/p>","protected":false},"author":2,"featured_media":1871,"comment_status":"open","ping_status":"open","sticky":false,"template":"","format":"standard","meta":{"_kad_blocks_custom_css":"","_kad_blocks_head_custom_js":"","_kad_blocks_body_custom_js":"","_kad_blocks_footer_custom_js":"","_kadence_starter_templates_imported_post":false,"_kad_post_transparent":"","_kad_post_title":"","_kad_post_layout":"","_kad_post_sidebar_id":"","_kad_post_content_style":"","_kad_post_vertical_padding":"","_kad_post_feature":"","_kad_post_feature_position":"","_kad_post_header":false,"_kad_post_footer":false,"_kad_post_classname":"","_joinchat":[],"footnotes":""},"categories":[59,48,70,55,73],"tags":[],"class_list":["post-1869","post","type-post","status-publish","format-standard","has-post-thumbnail","hentry","category-aire-acondicionado","category-blog","category-instalacion-aire-acondicionado","category-mantenimiento-aire-acondicionado","category-reparacion-aire-acondicionado"],"aioseo_notices":[],"aioseo_head":"\n\t\t<!-- All in One SEO 5.0.1.1 - aioseo.com -->\n\t<meta name=\"description\" content=\"En Pujol Clima, Sabadell, queremos contestar esta pregunta que tantas veces recibimos. Si el aire acondicionado de tu casa en Sabadell tiene p\u00e9rdidas de agua, sigue leyendo para conocer las causas. Causa de p\u00e9rdida de agua El desag\u00fce de tu aire acondicionado est\u00e1 obstruido Este es el motivo m\u00e1s habitual. Por norma general, los aires\" \/>\n\t<meta name=\"robots\" content=\"max-image-preview:large\" \/>\n\t<meta name=\"author\" content=\"soporte\"\/>\n\t<link rel=\"canonical\" href=\"http:\/\/pujolclima.com\/ca\/por-que-gotea-mi-aire-acondicionado\/\" \/>\n\t<meta name=\"generator\" content=\"All in One SEO (AIOSEO) 5.0.1.1\" \/>\n\t\t<meta property=\"og:locale\" content=\"ca_ES\" \/>\n\t\t<meta property=\"og:site_name\" content=\"Pujolclima. Expertos en climatizaci\u00f3n - Expertos en climatizaci\u00f3n para hogares y empresas. Instalaci\u00f3n, mantenimiento y reparaci\u00f3n de aire acondicionado y calefacci\u00f3n con tecnolog\u00eda eficiente, servicio r\u00e1pido y el mejor confort\u00a0garantizado.\" \/>\n\t\t<meta property=\"og:type\" content=\"article\" \/>\n\t\t<meta property=\"og:title\" content=\"\u00bfPor qu\u00e9 gotea mi aire acondicionado? - Pujolclima. Expertos en climatizaci\u00f3n\" \/>\n\t\t<meta property=\"og:description\" content=\"En Pujol Clima, Sabadell, queremos contestar esta pregunta que tantas veces recibimos. Si el aire acondicionado de tu casa en Sabadell tiene p\u00e9rdidas de agua, sigue leyendo para conocer las causas. Causa de p\u00e9rdida de agua El desag\u00fce de tu aire acondicionado est\u00e1 obstruido Este es el motivo m\u00e1s habitual. Por norma general, los aires\" \/>\n\t\t<meta property=\"og:url\" content=\"http:\/\/pujolclima.com\/ca\/por-que-gotea-mi-aire-acondicionado\/\" \/>\n\t\t<meta property=\"og:image\" content=\"http:\/\/pujolclima.com\/wp-content\/uploads\/2025\/03\/cropped-PujolCLIMA-VECTOR-1.png\" \/>\n\t\t<meta property=\"article:published_time\" content=\"2017-02-21T13:45:31+00:00\" \/>\n\t\t<meta property=\"article:modified_time\" content=\"2017-02-21T13:45:31+00:00\" \/>\n\t\t<meta name=\"twitter:card\" content=\"summary_large_image\" \/>\n\t\t<meta name=\"twitter:title\" content=\"\u00bfPor qu\u00e9 gotea mi aire acondicionado? - Pujolclima. Expertos en climatizaci\u00f3n\" \/>\n\t\t<meta name=\"twitter:description\" content=\"En Pujol Clima, Sabadell, queremos contestar esta pregunta que tantas veces recibimos. Si el aire acondicionado de tu casa en Sabadell tiene p\u00e9rdidas de agua, sigue leyendo para conocer las causas. Causa de p\u00e9rdida de agua El desag\u00fce de tu aire acondicionado est\u00e1 obstruido Este es el motivo m\u00e1s habitual. Por norma general, los aires\" \/>\n\t\t<meta name=\"twitter:image\" content=\"https:\/\/pujolclima.com\/wp-content\/uploads\/2025\/03\/cropped-PujolCLIMA-VECTOR-1.png\" \/>\n\t\t<script type=\"application\/ld+json\" class=\"aioseo-schema\">\n\t\t\t{\"@context\":\"https:\\\/\\\/schema.org\",\"@graph\":[{\"@type\":\"BlogPosting\",\"@id\":\"http:\\\/\\\/pujolclima.com\\\/ca\\\/por-que-gotea-mi-aire-acondicionado\\\/#blogposting\",\"name\":\"\\u00bfPor qu\\u00e9 gotea mi aire acondicionado? - Pujolclima. Expertos en climatizaci\\u00f3n\",\"headline\":\"\\u00bfPor qu\\u00e9 gotea mi aire acondicionado?\",\"author\":{\"@id\":\"http:\\\/\\\/pujolclima.com\\\/ca\\\/author\\\/soporte\\\/#author\"},\"publisher\":{\"@id\":\"http:\\\/\\\/pujolclima.com\\\/ca\\\/#organization\"},\"image\":{\"@type\":\"ImageObject\",\"url\":\"https:\\\/\\\/pujolclima.com\\\/wp-content\\\/uploads\\\/2017\\\/05\\\/Aire-acondicionado-Sabadell.jpg\",\"width\":1024,\"height\":393},\"datePublished\":\"2017-02-21T13:45:31+01:00\",\"dateModified\":\"2017-02-21T13:45:31+01:00\",\"inLanguage\":\"ca\",\"mainEntityOfPage\":{\"@id\":\"http:\\\/\\\/pujolclima.com\\\/ca\\\/por-que-gotea-mi-aire-acondicionado\\\/#webpage\"},\"isPartOf\":{\"@id\":\"http:\\\/\\\/pujolclima.com\\\/ca\\\/por-que-gotea-mi-aire-acondicionado\\\/#webpage\"},\"articleSection\":\"Aire Acondicionado, Blog, Instalaci\\u00f3n aire acondicionado, Mantenimiento aire acondicionado, Reparaci\\u00f3n aire acondicionado\"},{\"@type\":\"BreadcrumbList\",\"@id\":\"http:\\\/\\\/pujolclima.com\\\/ca\\\/por-que-gotea-mi-aire-acondicionado\\\/#breadcrumblist\",\"itemListElement\":[{\"@type\":\"ListItem\",\"@id\":\"http:\\\/\\\/pujolclima.com\\\/ca#listItem\",\"position\":1,\"name\":\"Inicio\",\"item\":\"http:\\\/\\\/pujolclima.com\\\/ca\",\"nextItem\":{\"@type\":\"ListItem\",\"@id\":\"http:\\\/\\\/pujolclima.com\\\/ca\\\/category\\\/blog\\\/#listItem\",\"name\":\"Blog\"}},{\"@type\":\"ListItem\",\"@id\":\"http:\\\/\\\/pujolclima.com\\\/ca\\\/category\\\/blog\\\/#listItem\",\"position\":2,\"name\":\"Blog\",\"item\":\"http:\\\/\\\/pujolclima.com\\\/ca\\\/category\\\/blog\\\/\",\"nextItem\":{\"@type\":\"ListItem\",\"@id\":\"http:\\\/\\\/pujolclima.com\\\/ca\\\/por-que-gotea-mi-aire-acondicionado\\\/#listItem\",\"name\":\"\\u00bfPor qu\\u00e9 gotea mi aire acondicionado?\"},\"previousItem\":{\"@type\":\"ListItem\",\"@id\":\"http:\\\/\\\/pujolclima.com\\\/ca#listItem\",\"name\":\"Inicio\"}},{\"@type\":\"ListItem\",\"@id\":\"http:\\\/\\\/pujolclima.com\\\/ca\\\/por-que-gotea-mi-aire-acondicionado\\\/#listItem\",\"position\":3,\"name\":\"\\u00bfPor qu\\u00e9 gotea mi aire acondicionado?\",\"previousItem\":{\"@type\":\"ListItem\",\"@id\":\"http:\\\/\\\/pujolclima.com\\\/ca\\\/category\\\/blog\\\/#listItem\",\"name\":\"Blog\"}}]},{\"@type\":\"Organization\",\"@id\":\"http:\\\/\\\/pujolclima.com\\\/ca\\\/#organization\",\"name\":\"Pujolclima. Colaborador Oficial de Nedgia\",\"description\":\"Expertos en climatizaci\\u00f3n para hogares y empresas. Instalaci\\u00f3n, mantenimiento y reparaci\\u00f3n de aire acondicionado y calefacci\\u00f3n con tecnolog\\u00eda eficiente, servicio r\\u00e1pido y el mejor confort\\u00a0garantizado.\",\"url\":\"http:\\\/\\\/pujolclima.com\\\/ca\\\/\",\"telephone\":\"+34664582238\",\"logo\":{\"@type\":\"ImageObject\",\"url\":\"https:\\\/\\\/pujolclima.com\\\/wp-content\\\/uploads\\\/2025\\\/03\\\/cropped-PujolCLIMA-VECTOR-1.png\",\"@id\":\"http:\\\/\\\/pujolclima.com\\\/ca\\\/por-que-gotea-mi-aire-acondicionado\\\/#organizationLogo\",\"width\":1925,\"height\":570},\"image\":{\"@id\":\"http:\\\/\\\/pujolclima.com\\\/ca\\\/por-que-gotea-mi-aire-acondicionado\\\/#organizationLogo\"}},{\"@type\":\"Person\",\"@id\":\"http:\\\/\\\/pujolclima.com\\\/ca\\\/author\\\/soporte\\\/#author\",\"url\":\"http:\\\/\\\/pujolclima.com\\\/ca\\\/author\\\/soporte\\\/\",\"name\":\"soporte\"},{\"@type\":\"WebPage\",\"@id\":\"http:\\\/\\\/pujolclima.com\\\/ca\\\/por-que-gotea-mi-aire-acondicionado\\\/#webpage\",\"url\":\"http:\\\/\\\/pujolclima.com\\\/ca\\\/por-que-gotea-mi-aire-acondicionado\\\/\",\"name\":\"\\u00bfPor qu\\u00e9 gotea mi aire acondicionado? - Pujolclima. Expertos en climatizaci\\u00f3n\",\"description\":\"En Pujol Clima, Sabadell, queremos contestar esta pregunta que tantas veces recibimos. Si el aire acondicionado de tu casa en Sabadell tiene p\\u00e9rdidas de agua, sigue leyendo para conocer las causas. Causa de p\\u00e9rdida de agua El desag\\u00fce de tu aire acondicionado est\\u00e1 obstruido Este es el motivo m\\u00e1s habitual. Por norma general, los aires\",\"inLanguage\":\"ca\",\"isPartOf\":{\"@id\":\"http:\\\/\\\/pujolclima.com\\\/ca\\\/#website\"},\"breadcrumb\":{\"@id\":\"http:\\\/\\\/pujolclima.com\\\/ca\\\/por-que-gotea-mi-aire-acondicionado\\\/#breadcrumblist\"},\"author\":{\"@id\":\"http:\\\/\\\/pujolclima.com\\\/ca\\\/author\\\/soporte\\\/#author\"},\"creator\":{\"@id\":\"http:\\\/\\\/pujolclima.com\\\/ca\\\/author\\\/soporte\\\/#author\"},\"image\":{\"@type\":\"ImageObject\",\"url\":\"https:\\\/\\\/pujolclima.com\\\/wp-content\\\/uploads\\\/2017\\\/05\\\/Aire-acondicionado-Sabadell.jpg\",\"@id\":\"http:\\\/\\\/pujolclima.com\\\/ca\\\/por-que-gotea-mi-aire-acondicionado\\\/#mainImage\",\"width\":1024,\"height\":393},\"primaryImageOfPage\":{\"@id\":\"http:\\\/\\\/pujolclima.com\\\/ca\\\/por-que-gotea-mi-aire-acondicionado\\\/#mainImage\"},\"datePublished\":\"2017-02-21T13:45:31+01:00\",\"dateModified\":\"2017-02-21T13:45:31+01:00\"},{\"@type\":\"WebSite\",\"@id\":\"http:\\\/\\\/pujolclima.com\\\/ca\\\/#website\",\"url\":\"http:\\\/\\\/pujolclima.com\\\/ca\\\/\",\"name\":\"Pujolclima. Colaborador Gas Natural Fernosa\",\"description\":\"Expertos en climatizaci\\u00f3n para hogares y empresas. Instalaci\\u00f3n, mantenimiento y reparaci\\u00f3n de aire acondicionado y calefacci\\u00f3n con tecnolog\\u00eda eficiente, servicio r\\u00e1pido y el mejor confort\\u00a0garantizado.\",\"inLanguage\":\"ca\",\"publisher\":{\"@id\":\"http:\\\/\\\/pujolclima.com\\\/ca\\\/#organization\"}}]}\n\t\t<\/script>\n\t\t<!-- All in One SEO -->\n\n","aioseo_head_json":{"title":"\u00bfPor qu\u00e9 gotea mi aire acondicionado? - Pujolclima. Expertos en climatizaci\u00f3n","description":"En Pujol Clima, Sabadell, queremos contestar esta pregunta que tantas veces recibimos. Si el aire acondicionado de tu casa en Sabadell tiene p\u00e9rdidas de agua, sigue leyendo para conocer las causas. Causa de p\u00e9rdida de agua El desag\u00fce de tu aire acondicionado est\u00e1 obstruido Este es el motivo m\u00e1s habitual. Por norma general, los aires","canonical_url":"http:\/\/pujolclima.com\/ca\/por-que-gotea-mi-aire-acondicionado\/","robots":"max-image-preview:large","keywords":"","webmasterTools":{"miscellaneous":""},"schema":{"@context":"https:\/\/schema.org","@graph":[{"@type":"BlogPosting","@id":"http:\/\/pujolclima.com\/ca\/por-que-gotea-mi-aire-acondicionado\/#blogposting","name":"\u00bfPor qu\u00e9 gotea mi aire acondicionado? - Pujolclima. Expertos en climatizaci\u00f3n","headline":"\u00bfPor qu\u00e9 gotea mi aire acondicionado?","author":{"@id":"http:\/\/pujolclima.com\/ca\/author\/soporte\/#author"},"publisher":{"@id":"http:\/\/pujolclima.com\/ca\/#organization"},"image":{"@type":"ImageObject","url":"https:\/\/pujolclima.com\/wp-content\/uploads\/2017\/05\/Aire-acondicionado-Sabadell.jpg","width":1024,"height":393},"datePublished":"2017-02-21T13:45:31+01:00","dateModified":"2017-02-21T13:45:31+01:00","inLanguage":"ca","mainEntityOfPage":{"@id":"http:\/\/pujolclima.com\/ca\/por-que-gotea-mi-aire-acondicionado\/#webpage"},"isPartOf":{"@id":"http:\/\/pujolclima.com\/ca\/por-que-gotea-mi-aire-acondicionado\/#webpage"},"articleSection":"Aire Acondicionado, Blog, Instalaci\u00f3n aire acondicionado, Mantenimiento aire acondicionado, Reparaci\u00f3n aire acondicionado"},{"@type":"BreadcrumbList","@id":"http:\/\/pujolclima.com\/ca\/por-que-gotea-mi-aire-acondicionado\/#breadcrumblist","itemListElement":[{"@type":"ListItem","@id":"http:\/\/pujolclima.com\/ca#listItem","position":1,"name":"Inicio","item":"http:\/\/pujolclima.com\/ca","nextItem":{"@type":"ListItem","@id":"http:\/\/pujolclima.com\/ca\/category\/blog\/#listItem","name":"Blog"}},{"@type":"ListItem","@id":"http:\/\/pujolclima.com\/ca\/category\/blog\/#listItem","position":2,"name":"Blog","item":"http:\/\/pujolclima.com\/ca\/category\/blog\/","nextItem":{"@type":"ListItem","@id":"http:\/\/pujolclima.com\/ca\/por-que-gotea-mi-aire-acondicionado\/#listItem","name":"\u00bfPor qu\u00e9 gotea mi aire acondicionado?"},"previousItem":{"@type":"ListItem","@id":"http:\/\/pujolclima.com\/ca#listItem","name":"Inicio"}},{"@type":"ListItem","@id":"http:\/\/pujolclima.com\/ca\/por-que-gotea-mi-aire-acondicionado\/#listItem","position":3,"name":"\u00bfPor qu\u00e9 gotea mi aire acondicionado?","previousItem":{"@type":"ListItem","@id":"http:\/\/pujolclima.com\/ca\/category\/blog\/#listItem","name":"Blog"}}]},{"@type":"Organization","@id":"http:\/\/pujolclima.com\/ca\/#organization","name":"Pujolclima. Colaborador Oficial de Nedgia","description":"Expertos en climatizaci\u00f3n para hogares y empresas. Instalaci\u00f3n, mantenimiento y reparaci\u00f3n de aire acondicionado y calefacci\u00f3n con tecnolog\u00eda eficiente, servicio r\u00e1pido y el mejor confort\u00a0garantizado.","url":"http:\/\/pujolclima.com\/ca\/","telephone":"+34664582238","logo":{"@type":"ImageObject","url":"https:\/\/pujolclima.com\/wp-content\/uploads\/2025\/03\/cropped-PujolCLIMA-VECTOR-1.png","@id":"http:\/\/pujolclima.com\/ca\/por-que-gotea-mi-aire-acondicionado\/#organizationLogo","width":1925,"height":570},"image":{"@id":"http:\/\/pujolclima.com\/ca\/por-que-gotea-mi-aire-acondicionado\/#organizationLogo"}},{"@type":"Person","@id":"http:\/\/pujolclima.com\/ca\/author\/soporte\/#author","url":"http:\/\/pujolclima.com\/ca\/author\/soporte\/","name":"soporte"},{"@type":"WebPage","@id":"http:\/\/pujolclima.com\/ca\/por-que-gotea-mi-aire-acondicionado\/#webpage","url":"http:\/\/pujolclima.com\/ca\/por-que-gotea-mi-aire-acondicionado\/","name":"\u00bfPor qu\u00e9 gotea mi aire acondicionado? - Pujolclima. Expertos en climatizaci\u00f3n","description":"En Pujol Clima, Sabadell, queremos contestar esta pregunta que tantas veces recibimos. Si el aire acondicionado de tu casa en Sabadell tiene p\u00e9rdidas de agua, sigue leyendo para conocer las causas. Causa de p\u00e9rdida de agua El desag\u00fce de tu aire acondicionado est\u00e1 obstruido Este es el motivo m\u00e1s habitual. Por norma general, los aires","inLanguage":"ca","isPartOf":{"@id":"http:\/\/pujolclima.com\/ca\/#website"},"breadcrumb":{"@id":"http:\/\/pujolclima.com\/ca\/por-que-gotea-mi-aire-acondicionado\/#breadcrumblist"},"author":{"@id":"http:\/\/pujolclima.com\/ca\/author\/soporte\/#author"},"creator":{"@id":"http:\/\/pujolclima.com\/ca\/author\/soporte\/#author"},"image":{"@type":"ImageObject","url":"https:\/\/pujolclima.com\/wp-content\/uploads\/2017\/05\/Aire-acondicionado-Sabadell.jpg","@id":"http:\/\/pujolclima.com\/ca\/por-que-gotea-mi-aire-acondicionado\/#mainImage","width":1024,"height":393},"primaryImageOfPage":{"@id":"http:\/\/pujolclima.com\/ca\/por-que-gotea-mi-aire-acondicionado\/#mainImage"},"datePublished":"2017-02-21T13:45:31+01:00","dateModified":"2017-02-21T13:45:31+01:00"},{"@type":"WebSite","@id":"http:\/\/pujolclima.com\/ca\/#website","url":"http:\/\/pujolclima.com\/ca\/","name":"Pujolclima. Colaborador Gas Natural Fernosa","description":"Expertos en climatizaci\u00f3n para hogares y empresas. Instalaci\u00f3n, mantenimiento y reparaci\u00f3n de aire acondicionado y calefacci\u00f3n con tecnolog\u00eda eficiente, servicio r\u00e1pido y el mejor confort\u00a0garantizado.","inLanguage":"ca","publisher":{"@id":"http:\/\/pujolclima.com\/ca\/#organization"}}]},"og:locale":"ca_ES","og:site_name":"Pujolclima. Expertos en climatizaci\u00f3n - Expertos en climatizaci\u00f3n para hogares y empresas. Instalaci\u00f3n, mantenimiento y reparaci\u00f3n de aire acondicionado y calefacci\u00f3n con tecnolog\u00eda eficiente, servicio r\u00e1pido y el mejor confort\u00a0garantizado.","og:type":"article","og:title":"\u00bfPor qu\u00e9 gotea mi aire acondicionado? - Pujolclima. Expertos en climatizaci\u00f3n","og:description":"En Pujol Clima, Sabadell, queremos contestar esta pregunta que tantas veces recibimos. Si el aire acondicionado de tu casa en Sabadell tiene p\u00e9rdidas de agua, sigue leyendo para conocer las causas. Causa de p\u00e9rdida de agua El desag\u00fce de tu aire acondicionado est\u00e1 obstruido Este es el motivo m\u00e1s habitual. Por norma general, los aires","og:url":"http:\/\/pujolclima.com\/ca\/por-que-gotea-mi-aire-acondicionado\/","og:image":"http:\/\/pujolclima.com\/wp-content\/uploads\/2025\/03\/cropped-PujolCLIMA-VECTOR-1.png","article:published_time":"2017-02-21T13:45:31+00:00","article:modified_time":"2017-02-21T13:45:31+00:00","twitter:card":"summary_large_image","twitter:title":"\u00bfPor qu\u00e9 gotea mi aire acondicionado? - Pujolclima. Expertos en climatizaci\u00f3n","twitter:description":"En Pujol Clima, Sabadell, queremos contestar esta pregunta que tantas veces recibimos. Si el aire acondicionado de tu casa en Sabadell tiene p\u00e9rdidas de agua, sigue leyendo para conocer las causas. Causa de p\u00e9rdida de agua El desag\u00fce de tu aire acondicionado est\u00e1 obstruido Este es el motivo m\u00e1s habitual. Por norma general, los aires","twitter:image":"https:\/\/pujolclima.com\/wp-content\/uploads\/2025\/03\/cropped-PujolCLIMA-VECTOR-1.png"},"aioseo_meta_data":{"post_id":"1869","title":null,"description":null,"keywords":null,"keyphrases":null,"primary_term":null,"canonical_url":null,"og_title":null,"og_description":null,"og_object_type":"default","og_image_type":"default","og_image_url":null,"og_image_width":null,"og_image_height":null,"og_image_custom_url":null,"og_image_custom_fields":null,"og_video":null,"og_custom_url":null,"og_article_section":null,"og_article_tags":null,"twitter_use_og":false,"twitter_card":"default","twitter_image_type":"default","twitter_image_url":null,"twitter_image_custom_url":null,"twitter_image_custom_fields":null,"twitter_title":null,"twitter_description":null,"schema":{"blockGraphs":[],"customGraphs":[],"default":{"data":{"Article":[],"Course":[],"Dataset":[],"FAQPage":[],"Movie":[],"Person":[],"Product":[],"ProductReview":[],"Car":[],"Recipe":[],"Service":[],"SoftwareApplication":[],"WebPage":[]},"graphName":"","isEnabled":true},"graphs":[]},"schema_type":"default","schema_type_options":null,"pillar_content":false,"robots_default":true,"robots_noindex":false,"robots_noarchive":false,"robots_nosnippet":false,"robots_nofollow":false,"robots_noimageindex":false,"robots_noodp":false,"robots_notranslate":false,"robots_max_snippet":null,"robots_max_videopreview":null,"robots_max_imagepreview":"large","priority":null,"frequency":null,"local_seo":null,"breadcrumb_settings":null,"limit_modified_date":false,"ai":null,"created":"2024-06-13 09:23:48","updated":"2025-07-08 08:51:18","focus_keyword":null,"additional_keywords":null,"truseo_locale":null,"seo_analyzer_scan_date":null},"aioseo_breadcrumb":"<div class=\"aioseo-breadcrumbs\"><span class=\"aioseo-breadcrumb\">\n\t\t\t<a href=\"http:\/\/pujolclima.com\/ca\" title=\"Inicio\">Inicio<\/a>\n\t\t<\/span><span class=\"aioseo-breadcrumb-separator\">&raquo;<\/span><span class=\"aioseo-breadcrumb\">\n\t\t\t<a href=\"http:\/\/pujolclima.com\/ca\/category\/blog\/\" title=\"Blog\">Blog<\/a>\n\t\t<\/span><span class=\"aioseo-breadcrumb-separator\">&raquo;<\/span><span class=\"aioseo-breadcrumb\">\n\t\t\t\u00bfPor qu\u00e9 gotea mi aire acondicionado?\n\t\t<\/span><\/div>","aioseo_breadcrumb_json":[{"label":"Inicio","link":"http:\/\/pujolclima.com\/ca"},{"label":"Blog","link":"http:\/\/pujolclima.com\/ca\/category\/blog\/"},{"label":"\u00bfPor qu\u00e9 gotea mi aire acondicionado?","link":"http:\/\/pujolclima.com\/ca\/por-que-gotea-mi-aire-acondicionado\/"}],"taxonomy_info":{"category":[{"value":59,"label":"Aire Acondicionado"},{"value":48,"label":"Blog"},{"value":70,"label":"Instalaci\u00f3n aire acondicionado"},{"value":55,"label":"Mantenimiento aire acondicionado"},{"value":73,"label":"Reparaci\u00f3n aire acondicionado"}]},"featured_image_src_large":["https:\/\/pujolclima.com\/wp-content\/uploads\/2017\/05\/Aire-acondicionado-Sabadell.jpg",1024,393,false],"author_info":{"display_name":"soporte","author_link":"http:\/\/pujolclima.com\/ca\/author\/soporte\/"},"comment_info":0,"category_info":[{"term_id":59,"name":"Aire Acondicionado","slug":"aire-acondicionado","term_group":0,"term_taxonomy_id":59,"taxonomy":"category","description":"","parent":0,"count":55,"filter":"raw","term_order":"12","cat_ID":59,"category_count":55,"category_description":"","cat_name":"Aire Acondicionado","category_nicename":"aire-acondicionado","category_parent":0},{"term_id":48,"name":"Blog","slug":"blog","term_group":0,"term_taxonomy_id":48,"taxonomy":"category","description":"","parent":0,"count":83,"filter":"raw","term_order":"13","cat_ID":48,"category_count":83,"category_description":"","cat_name":"Blog","category_nicename":"blog","category_parent":0},{"term_id":70,"name":"Instalaci\u00f3n aire acondicionado","slug":"instalacion-aire-acondicionado","term_group":0,"term_taxonomy_id":70,"taxonomy":"category","description":"","parent":0,"count":28,"filter":"raw","term_order":"10","cat_ID":70,"category_count":28,"category_description":"","cat_name":"Instalaci\u00f3n aire acondicionado","category_nicename":"instalacion-aire-acondicionado","category_parent":0},{"term_id":55,"name":"Mantenimiento aire acondicionado","slug":"mantenimiento-aire-acondicionado","term_group":0,"term_taxonomy_id":55,"taxonomy":"category","description":"","parent":0,"count":29,"filter":"raw","term_order":"15","cat_ID":55,"category_count":29,"category_description":"","cat_name":"Mantenimiento aire acondicionado","category_nicename":"mantenimiento-aire-acondicionado","category_parent":0},{"term_id":73,"name":"Reparaci\u00f3n aire acondicionado","slug":"reparacion-aire-acondicionado","term_group":0,"term_taxonomy_id":73,"taxonomy":"category","description":"","parent":0,"count":12,"filter":"raw","term_order":"9","cat_ID":73,"category_count":12,"category_description":"","cat_name":"Reparaci\u00f3n aire acondicionado","category_nicename":"reparacion-aire-acondicionado","category_parent":0}],"tag_info":false,"_links":{"self":[{"href":"http:\/\/pujolclima.com\/ca\/wp-json\/wp\/v2\/posts\/1869","targetHints":{"allow":["GET"]}}],"collection":[{"href":"http:\/\/pujolclima.com\/ca\/wp-json\/wp\/v2\/posts"}],"about":[{"href":"http:\/\/pujolclima.com\/ca\/wp-json\/wp\/v2\/types\/post"}],"author":[{"embeddable":true,"href":"http:\/\/pujolclima.com\/ca\/wp-json\/wp\/v2\/users\/2"}],"replies":[{"embeddable":true,"href":"http:\/\/pujolclima.com\/ca\/wp-json\/wp\/v2\/comments?post=1869"}],"version-history":[{"count":0,"href":"http:\/\/pujolclima.com\/ca\/wp-json\/wp\/v2\/posts\/1869\/revisions"}],"wp:featuredmedia":[{"embeddable":true,"href":"http:\/\/pujolclima.com\/ca\/wp-json\/wp\/v2\/media\/1871"}],"wp:attachment":[{"href":"http:\/\/pujolclima.com\/ca\/wp-json\/wp\/v2\/media?parent=1869"}],"wp:term":[{"taxonomy":"category","embeddable":true,"href":"http:\/\/pujolclima.com\/ca\/wp-json\/wp\/v2\/categories?post=1869"},{"taxonomy":"post_tag","embeddable":true,"href":"http:\/\/pujolclima.com\/ca\/wp-json\/wp\/v2\/tags?post=1869"}],"curies":[{"name":"wp","href":"https:\/\/api.w.org\/{rel}","templated":true}]}}