{"id":2248,"date":"2017-09-08T06:53:59","date_gmt":"2017-09-08T06:53:59","guid":{"rendered":"https:\/\/pujolclima.com\/?p=2248"},"modified":"2017-09-08T06:53:59","modified_gmt":"2017-09-08T06:53:59","slug":"acostarse-con-el-aire-acondicionado-terrassa","status":"publish","type":"post","link":"http:\/\/pujolclima.com\/en\/acostarse-con-el-aire-acondicionado-terrassa\/","title":{"rendered":"Going to bed with air conditioning in Terrassa"},"content":{"rendered":"<p align=\"justify\">Welcome back to the Pujol Clima blog. <strong>Terrassa<\/strong>, as you may know, we are a company specialized in the installation, maintenance and repair of <strong>airs<\/strong> <strong>conditioned in Terrassa<\/strong>In today&#039;s new article, we want to talk about one of the most controversial topics related to the <strong>air-conditioning<\/strong>, which is sleeping with him <strong>air-conditioning<\/strong>.<\/p>\n<p align=\"justify\">Sleep with him <strong>air-conditioning<\/strong>, contrary to what everyone thinks, is not harmful to health, but only if we use it appropriately, since as with most things, excess is usually bad. First of all, when we consider sleeping in our house <strong>Terrassa<\/strong> with the <strong>air<\/strong> <strong>conditioned<\/strong> on, we need to take into account that at night the body temperature decreases, so the temperature we set to the <strong>air-conditioning<\/strong> must be adapted to that factor and therefore put your <strong>air<\/strong> <strong>conditioned<\/strong> from Barcelona to 25 or 26\u00b0C.<\/p>\n<p align=\"justify\"><img loading=\"lazy\" decoding=\"async\" class=\"alignleft  wp-image-2249\" src=\"https:\/\/pujolclima.com\/wp-content\/uploads\/2017\/09\/aire-acondicionado-terrassa-2.jpg\" alt=\"\" width=\"419\" height=\"279\" srcset=\"https:\/\/pujolclima.com\/wp-content\/uploads\/2017\/09\/aire-acondicionado-terrassa-2.jpg 960w, https:\/\/pujolclima.com\/wp-content\/uploads\/2017\/09\/aire-acondicionado-terrassa-2-300x200.jpg 300w, https:\/\/pujolclima.com\/wp-content\/uploads\/2017\/09\/aire-acondicionado-terrassa-2-768x512.jpg 768w\" sizes=\"auto, (max-width: 419px) 100vw, 419px\" \/>Although to get the temperature right, you also have to take into account other aspects such as the ambient temperature, although we can also use the \u201cSleep\u201d option that some of the <strong>air conditioners<\/strong> What we offer at Pujol Clima <strong>Terrassa<\/strong>, which allows the temperature to be adjusted during the night, so that it will gradually rise until it turns off if desired.<\/p>\n<p align=\"justify\">But it&#039;s more, it&#039;s not that sleeping with him <strong>air-conditioning<\/strong> in your house of <strong>Terrassa<\/strong> not only be harmful to your health, but it can also be beneficial, since sleeping at 27\u00b0C or more causes you to not be able to fall asleep, which has a series of consequences such as irritability, tiredness, anxiety and discomfort, among others. For this reason, on the hottest days of summer, it is necessary that you sleep with <strong>air-conditioning<\/strong> in your house of <strong>Terrassa<\/strong>.<\/p>\n<p align=\"justify\">Other great myths about sleeping with him <strong>air<\/strong> <strong>conditioned<\/strong> lit in your house <strong>Terrassa<\/strong>, is that the <strong>air<\/strong> The air we breathe has a lower quality, so we can catch illnesses and colds, but this is not true as long as we maintain it properly. <strong>air-conditioning<\/strong>, since if the filters are clean and everything is in perfect condition, the <strong>air-conditioning<\/strong> from your house of <strong>Terrassa<\/strong> It shouldn&#039;t cause any problems.<\/p>\n<p align=\"justify\">If you have any further questions on this topic or any other aspect related to the <strong>air-conditioning<\/strong>, do not hesitate to contact Pujol Clima <strong>Terrassa<\/strong>We will advise and help you in any way we can.<\/p>","protected":false},"excerpt":{"rendered":"<p>Welcome back to the Pujol Clima Terrassa blog. As you may know, we specialize in the installation, maintenance, and repair of\u2026<\/p>","protected":false},"author":2,"featured_media":2250,"comment_status":"closed","ping_status":"open","sticky":false,"template":"","format":"standard","meta":{"_kad_blocks_custom_css":"","_kad_blocks_head_custom_js":"","_kad_blocks_body_custom_js":"","_kad_blocks_footer_custom_js":"","_kadence_starter_templates_imported_post":false,"_kad_post_transparent":"","_kad_post_title":"","_kad_post_layout":"","_kad_post_sidebar_id":"","_kad_post_content_style":"","_kad_post_vertical_padding":"","_kad_post_feature":"","_kad_post_feature_position":"","_kad_post_header":false,"_kad_post_footer":false,"_kad_post_classname":"","_joinchat":[],"footnotes":""},"categories":[59,93,48,70,77,55,73],"tags":[98,99,108,61,92,118,119,120,94,84,107,96,90,115,53],"class_list":["post-2248","post","type-post","status-publish","format-standard","has-post-thumbnail","hentry","category-aire-acondicionado","category-aire-acondicionado-terrassa","category-blog","category-instalacion-aire-acondicionado","category-instalacion-de-climatizacion","category-mantenimiento-aire-acondicionado","category-reparacion-aire-acondicionado","tag-acondicionado","tag-aire","tag-aire-acondicionado","tag-aire-acondicionado-domestico","tag-aire-acondicionado-terrassa","tag-consejos","tag-consejos-aire-acondicionado","tag-dormir-aire-acondicionado","tag-limpieza-aire-acondicionado","tag-limpieza-de-filtros","tag-mantenimiento","tag-mantenimiento-aire-acondicionado","tag-mantenimiento-preventivo","tag-presupuesto-aire-acondicionado","tag-terrassa"],"aioseo_notices":[],"aioseo_head":"\n\t\t<!-- All in One SEO 5.0.1.1 - aioseo.com -->\n\t<meta name=\"description\" content=\"Bienvenidos un d\u00eda m\u00e1s al blog de Pujol Clima Terrassa, como ya sabr\u00e9is somos una empresa especialista en la instalaci\u00f3n, el mantenimiento y la reparaci\u00f3n de aires acondicionados en Terrassa. En el nuevo art\u00edculo de hoy, os queremos hablar de uno de los temas m\u00e1s pol\u00e9micos relacionados con el aire acondicionado, que es dormir con\" \/>\n\t<meta name=\"robots\" content=\"max-image-preview:large\" \/>\n\t<meta name=\"author\" content=\"soporte\"\/>\n\t<link rel=\"canonical\" href=\"http:\/\/pujolclima.com\/en\/acostarse-con-el-aire-acondicionado-terrassa\/\" \/>\n\t<meta name=\"generator\" content=\"All in One SEO (AIOSEO) 5.0.1.1\" \/>\n\t\t<meta property=\"og:locale\" content=\"en_US\" \/>\n\t\t<meta property=\"og:site_name\" content=\"Pujolclima. Expertos en climatizaci\u00f3n - Expertos en climatizaci\u00f3n para hogares y empresas. Instalaci\u00f3n, mantenimiento y reparaci\u00f3n de aire acondicionado y calefacci\u00f3n con tecnolog\u00eda eficiente, servicio r\u00e1pido y el mejor confort\u00a0garantizado.\" \/>\n\t\t<meta property=\"og:type\" content=\"article\" \/>\n\t\t<meta property=\"og:title\" content=\"Acostarse con el aire acondicionado Terrassa - Pujolclima. Expertos en climatizaci\u00f3n\" \/>\n\t\t<meta property=\"og:description\" content=\"Bienvenidos un d\u00eda m\u00e1s al blog de Pujol Clima Terrassa, como ya sabr\u00e9is somos una empresa especialista en la instalaci\u00f3n, el mantenimiento y la reparaci\u00f3n de aires acondicionados en Terrassa. En el nuevo art\u00edculo de hoy, os queremos hablar de uno de los temas m\u00e1s pol\u00e9micos relacionados con el aire acondicionado, que es dormir con\" \/>\n\t\t<meta property=\"og:url\" content=\"http:\/\/pujolclima.com\/en\/acostarse-con-el-aire-acondicionado-terrassa\/\" \/>\n\t\t<meta property=\"og:image\" content=\"http:\/\/pujolclima.com\/wp-content\/uploads\/2025\/03\/cropped-PujolCLIMA-VECTOR-1.png\" \/>\n\t\t<meta property=\"article:published_time\" content=\"2017-09-08T06:53:59+00:00\" \/>\n\t\t<meta property=\"article:modified_time\" content=\"2017-09-08T06:53:59+00:00\" \/>\n\t\t<meta name=\"twitter:card\" content=\"summary_large_image\" \/>\n\t\t<meta name=\"twitter:title\" content=\"Acostarse con el aire acondicionado Terrassa - Pujolclima. Expertos en climatizaci\u00f3n\" \/>\n\t\t<meta name=\"twitter:description\" content=\"Bienvenidos un d\u00eda m\u00e1s al blog de Pujol Clima Terrassa, como ya sabr\u00e9is somos una empresa especialista en la instalaci\u00f3n, el mantenimiento y la reparaci\u00f3n de aires acondicionados en Terrassa. En el nuevo art\u00edculo de hoy, os queremos hablar de uno de los temas m\u00e1s pol\u00e9micos relacionados con el aire acondicionado, que es dormir con\" \/>\n\t\t<meta name=\"twitter:image\" content=\"https:\/\/pujolclima.com\/wp-content\/uploads\/2025\/03\/cropped-PujolCLIMA-VECTOR-1.png\" \/>\n\t\t<script type=\"application\/ld+json\" class=\"aioseo-schema\">\n\t\t\t{\"@context\":\"https:\\\/\\\/schema.org\",\"@graph\":[{\"@type\":\"BlogPosting\",\"@id\":\"http:\\\/\\\/pujolclima.com\\\/en\\\/acostarse-con-el-aire-acondicionado-terrassa\\\/#blogposting\",\"name\":\"Acostarse con el aire acondicionado Terrassa - Pujolclima. Expertos en climatizaci\\u00f3n\",\"headline\":\"Acostarse con el aire acondicionado Terrassa\",\"author\":{\"@id\":\"http:\\\/\\\/pujolclima.com\\\/en\\\/author\\\/soporte\\\/#author\"},\"publisher\":{\"@id\":\"http:\\\/\\\/pujolclima.com\\\/en\\\/#organization\"},\"image\":{\"@type\":\"ImageObject\",\"url\":\"https:\\\/\\\/pujolclima.com\\\/wp-content\\\/uploads\\\/2017\\\/09\\\/aire-acondicionado-terrassa-1.jpg\",\"width\":960,\"height\":639},\"datePublished\":\"2017-09-08T06:53:59+02:00\",\"dateModified\":\"2017-09-08T06:53:59+02:00\",\"inLanguage\":\"en-US\",\"mainEntityOfPage\":{\"@id\":\"http:\\\/\\\/pujolclima.com\\\/en\\\/acostarse-con-el-aire-acondicionado-terrassa\\\/#webpage\"},\"isPartOf\":{\"@id\":\"http:\\\/\\\/pujolclima.com\\\/en\\\/acostarse-con-el-aire-acondicionado-terrassa\\\/#webpage\"},\"articleSection\":\"Aire Acondicionado, Aire acondicionado Terrassa, Blog, Instalaci\\u00f3n aire acondicionado, Instalaci\\u00f3n de climatizaci\\u00f3n, Mantenimiento aire acondicionado, Reparaci\\u00f3n aire acondicionado, acondicionado, aire, aire acondicionado, Aire acondicionado domestico, Aire acondicionado Terrassa, consejos, consejos aire acondicionado, dormir aire acondicionado, limpieza aire acondicionado, Limpieza de filtros, mantenimiento, mantenimiento aire acondicionado, mantenimiento preventivo, presupuesto aire acondicionado, Terrassa\"},{\"@type\":\"BreadcrumbList\",\"@id\":\"http:\\\/\\\/pujolclima.com\\\/en\\\/acostarse-con-el-aire-acondicionado-terrassa\\\/#breadcrumblist\",\"itemListElement\":[{\"@type\":\"ListItem\",\"@id\":\"http:\\\/\\\/pujolclima.com\\\/en#listItem\",\"position\":1,\"name\":\"Inicio\",\"item\":\"http:\\\/\\\/pujolclima.com\\\/en\",\"nextItem\":{\"@type\":\"ListItem\",\"@id\":\"http:\\\/\\\/pujolclima.com\\\/en\\\/category\\\/blog\\\/#listItem\",\"name\":\"Blog\"}},{\"@type\":\"ListItem\",\"@id\":\"http:\\\/\\\/pujolclima.com\\\/en\\\/category\\\/blog\\\/#listItem\",\"position\":2,\"name\":\"Blog\",\"item\":\"http:\\\/\\\/pujolclima.com\\\/en\\\/category\\\/blog\\\/\",\"nextItem\":{\"@type\":\"ListItem\",\"@id\":\"http:\\\/\\\/pujolclima.com\\\/en\\\/acostarse-con-el-aire-acondicionado-terrassa\\\/#listItem\",\"name\":\"Acostarse con el aire acondicionado Terrassa\"},\"previousItem\":{\"@type\":\"ListItem\",\"@id\":\"http:\\\/\\\/pujolclima.com\\\/en#listItem\",\"name\":\"Inicio\"}},{\"@type\":\"ListItem\",\"@id\":\"http:\\\/\\\/pujolclima.com\\\/en\\\/acostarse-con-el-aire-acondicionado-terrassa\\\/#listItem\",\"position\":3,\"name\":\"Acostarse con el aire acondicionado Terrassa\",\"previousItem\":{\"@type\":\"ListItem\",\"@id\":\"http:\\\/\\\/pujolclima.com\\\/en\\\/category\\\/blog\\\/#listItem\",\"name\":\"Blog\"}}]},{\"@type\":\"Organization\",\"@id\":\"http:\\\/\\\/pujolclima.com\\\/en\\\/#organization\",\"name\":\"Pujolclima. Colaborador Oficial de Nedgia\",\"description\":\"Expertos en climatizaci\\u00f3n para hogares y empresas. Instalaci\\u00f3n, mantenimiento y reparaci\\u00f3n de aire acondicionado y calefacci\\u00f3n con tecnolog\\u00eda eficiente, servicio r\\u00e1pido y el mejor confort\\u00a0garantizado.\",\"url\":\"http:\\\/\\\/pujolclima.com\\\/en\\\/\",\"telephone\":\"+34664582238\",\"logo\":{\"@type\":\"ImageObject\",\"url\":\"https:\\\/\\\/pujolclima.com\\\/wp-content\\\/uploads\\\/2025\\\/03\\\/cropped-PujolCLIMA-VECTOR-1.png\",\"@id\":\"http:\\\/\\\/pujolclima.com\\\/en\\\/acostarse-con-el-aire-acondicionado-terrassa\\\/#organizationLogo\",\"width\":1925,\"height\":570},\"image\":{\"@id\":\"http:\\\/\\\/pujolclima.com\\\/en\\\/acostarse-con-el-aire-acondicionado-terrassa\\\/#organizationLogo\"}},{\"@type\":\"Person\",\"@id\":\"http:\\\/\\\/pujolclima.com\\\/en\\\/author\\\/soporte\\\/#author\",\"url\":\"http:\\\/\\\/pujolclima.com\\\/en\\\/author\\\/soporte\\\/\",\"name\":\"soporte\"},{\"@type\":\"WebPage\",\"@id\":\"http:\\\/\\\/pujolclima.com\\\/en\\\/acostarse-con-el-aire-acondicionado-terrassa\\\/#webpage\",\"url\":\"http:\\\/\\\/pujolclima.com\\\/en\\\/acostarse-con-el-aire-acondicionado-terrassa\\\/\",\"name\":\"Acostarse con el aire acondicionado Terrassa - Pujolclima. Expertos en climatizaci\\u00f3n\",\"description\":\"Bienvenidos un d\\u00eda m\\u00e1s al blog de Pujol Clima Terrassa, como ya sabr\\u00e9is somos una empresa especialista en la instalaci\\u00f3n, el mantenimiento y la reparaci\\u00f3n de aires acondicionados en Terrassa. En el nuevo art\\u00edculo de hoy, os queremos hablar de uno de los temas m\\u00e1s pol\\u00e9micos relacionados con el aire acondicionado, que es dormir con\",\"inLanguage\":\"en-US\",\"isPartOf\":{\"@id\":\"http:\\\/\\\/pujolclima.com\\\/en\\\/#website\"},\"breadcrumb\":{\"@id\":\"http:\\\/\\\/pujolclima.com\\\/en\\\/acostarse-con-el-aire-acondicionado-terrassa\\\/#breadcrumblist\"},\"author\":{\"@id\":\"http:\\\/\\\/pujolclima.com\\\/en\\\/author\\\/soporte\\\/#author\"},\"creator\":{\"@id\":\"http:\\\/\\\/pujolclima.com\\\/en\\\/author\\\/soporte\\\/#author\"},\"image\":{\"@type\":\"ImageObject\",\"url\":\"https:\\\/\\\/pujolclima.com\\\/wp-content\\\/uploads\\\/2017\\\/09\\\/aire-acondicionado-terrassa-1.jpg\",\"@id\":\"http:\\\/\\\/pujolclima.com\\\/en\\\/acostarse-con-el-aire-acondicionado-terrassa\\\/#mainImage\",\"width\":960,\"height\":639},\"primaryImageOfPage\":{\"@id\":\"http:\\\/\\\/pujolclima.com\\\/en\\\/acostarse-con-el-aire-acondicionado-terrassa\\\/#mainImage\"},\"datePublished\":\"2017-09-08T06:53:59+02:00\",\"dateModified\":\"2017-09-08T06:53:59+02:00\"},{\"@type\":\"WebSite\",\"@id\":\"http:\\\/\\\/pujolclima.com\\\/en\\\/#website\",\"url\":\"http:\\\/\\\/pujolclima.com\\\/en\\\/\",\"name\":\"Pujolclima. Colaborador Gas Natural Fernosa\",\"description\":\"Expertos en climatizaci\\u00f3n para hogares y empresas. Instalaci\\u00f3n, mantenimiento y reparaci\\u00f3n de aire acondicionado y calefacci\\u00f3n con tecnolog\\u00eda eficiente, servicio r\\u00e1pido y el mejor confort\\u00a0garantizado.\",\"inLanguage\":\"en-US\",\"publisher\":{\"@id\":\"http:\\\/\\\/pujolclima.com\\\/en\\\/#organization\"}}]}\n\t\t<\/script>\n\t\t<!-- All in One SEO -->\n\n","aioseo_head_json":{"title":"Acostarse con el aire acondicionado Terrassa - Pujolclima. Expertos en climatizaci\u00f3n","description":"Bienvenidos un d\u00eda m\u00e1s al blog de Pujol Clima Terrassa, como ya sabr\u00e9is somos una empresa especialista en la instalaci\u00f3n, el mantenimiento y la reparaci\u00f3n de aires acondicionados en Terrassa. En el nuevo art\u00edculo de hoy, os queremos hablar de uno de los temas m\u00e1s pol\u00e9micos relacionados con el aire acondicionado, que es dormir con","canonical_url":"http:\/\/pujolclima.com\/en\/acostarse-con-el-aire-acondicionado-terrassa\/","robots":"max-image-preview:large","keywords":"","webmasterTools":{"miscellaneous":""},"schema":{"@context":"https:\/\/schema.org","@graph":[{"@type":"BlogPosting","@id":"http:\/\/pujolclima.com\/en\/acostarse-con-el-aire-acondicionado-terrassa\/#blogposting","name":"Acostarse con el aire acondicionado Terrassa - Pujolclima. Expertos en climatizaci\u00f3n","headline":"Acostarse con el aire acondicionado Terrassa","author":{"@id":"http:\/\/pujolclima.com\/en\/author\/soporte\/#author"},"publisher":{"@id":"http:\/\/pujolclima.com\/en\/#organization"},"image":{"@type":"ImageObject","url":"https:\/\/pujolclima.com\/wp-content\/uploads\/2017\/09\/aire-acondicionado-terrassa-1.jpg","width":960,"height":639},"datePublished":"2017-09-08T06:53:59+02:00","dateModified":"2017-09-08T06:53:59+02:00","inLanguage":"en-US","mainEntityOfPage":{"@id":"http:\/\/pujolclima.com\/en\/acostarse-con-el-aire-acondicionado-terrassa\/#webpage"},"isPartOf":{"@id":"http:\/\/pujolclima.com\/en\/acostarse-con-el-aire-acondicionado-terrassa\/#webpage"},"articleSection":"Aire Acondicionado, Aire acondicionado Terrassa, Blog, Instalaci\u00f3n aire acondicionado, Instalaci\u00f3n de climatizaci\u00f3n, Mantenimiento aire acondicionado, Reparaci\u00f3n aire acondicionado, acondicionado, aire, aire acondicionado, Aire acondicionado domestico, Aire acondicionado Terrassa, consejos, consejos aire acondicionado, dormir aire acondicionado, limpieza aire acondicionado, Limpieza de filtros, mantenimiento, mantenimiento aire acondicionado, mantenimiento preventivo, presupuesto aire acondicionado, Terrassa"},{"@type":"BreadcrumbList","@id":"http:\/\/pujolclima.com\/en\/acostarse-con-el-aire-acondicionado-terrassa\/#breadcrumblist","itemListElement":[{"@type":"ListItem","@id":"http:\/\/pujolclima.com\/en#listItem","position":1,"name":"Inicio","item":"http:\/\/pujolclima.com\/en","nextItem":{"@type":"ListItem","@id":"http:\/\/pujolclima.com\/en\/category\/blog\/#listItem","name":"Blog"}},{"@type":"ListItem","@id":"http:\/\/pujolclima.com\/en\/category\/blog\/#listItem","position":2,"name":"Blog","item":"http:\/\/pujolclima.com\/en\/category\/blog\/","nextItem":{"@type":"ListItem","@id":"http:\/\/pujolclima.com\/en\/acostarse-con-el-aire-acondicionado-terrassa\/#listItem","name":"Acostarse con el aire acondicionado Terrassa"},"previousItem":{"@type":"ListItem","@id":"http:\/\/pujolclima.com\/en#listItem","name":"Inicio"}},{"@type":"ListItem","@id":"http:\/\/pujolclima.com\/en\/acostarse-con-el-aire-acondicionado-terrassa\/#listItem","position":3,"name":"Acostarse con el aire acondicionado Terrassa","previousItem":{"@type":"ListItem","@id":"http:\/\/pujolclima.com\/en\/category\/blog\/#listItem","name":"Blog"}}]},{"@type":"Organization","@id":"http:\/\/pujolclima.com\/en\/#organization","name":"Pujolclima. Colaborador Oficial de Nedgia","description":"Expertos en climatizaci\u00f3n para hogares y empresas. Instalaci\u00f3n, mantenimiento y reparaci\u00f3n de aire acondicionado y calefacci\u00f3n con tecnolog\u00eda eficiente, servicio r\u00e1pido y el mejor confort\u00a0garantizado.","url":"http:\/\/pujolclima.com\/en\/","telephone":"+34664582238","logo":{"@type":"ImageObject","url":"https:\/\/pujolclima.com\/wp-content\/uploads\/2025\/03\/cropped-PujolCLIMA-VECTOR-1.png","@id":"http:\/\/pujolclima.com\/en\/acostarse-con-el-aire-acondicionado-terrassa\/#organizationLogo","width":1925,"height":570},"image":{"@id":"http:\/\/pujolclima.com\/en\/acostarse-con-el-aire-acondicionado-terrassa\/#organizationLogo"}},{"@type":"Person","@id":"http:\/\/pujolclima.com\/en\/author\/soporte\/#author","url":"http:\/\/pujolclima.com\/en\/author\/soporte\/","name":"soporte"},{"@type":"WebPage","@id":"http:\/\/pujolclima.com\/en\/acostarse-con-el-aire-acondicionado-terrassa\/#webpage","url":"http:\/\/pujolclima.com\/en\/acostarse-con-el-aire-acondicionado-terrassa\/","name":"Acostarse con el aire acondicionado Terrassa - Pujolclima. Expertos en climatizaci\u00f3n","description":"Bienvenidos un d\u00eda m\u00e1s al blog de Pujol Clima Terrassa, como ya sabr\u00e9is somos una empresa especialista en la instalaci\u00f3n, el mantenimiento y la reparaci\u00f3n de aires acondicionados en Terrassa. En el nuevo art\u00edculo de hoy, os queremos hablar de uno de los temas m\u00e1s pol\u00e9micos relacionados con el aire acondicionado, que es dormir con","inLanguage":"en-US","isPartOf":{"@id":"http:\/\/pujolclima.com\/en\/#website"},"breadcrumb":{"@id":"http:\/\/pujolclima.com\/en\/acostarse-con-el-aire-acondicionado-terrassa\/#breadcrumblist"},"author":{"@id":"http:\/\/pujolclima.com\/en\/author\/soporte\/#author"},"creator":{"@id":"http:\/\/pujolclima.com\/en\/author\/soporte\/#author"},"image":{"@type":"ImageObject","url":"https:\/\/pujolclima.com\/wp-content\/uploads\/2017\/09\/aire-acondicionado-terrassa-1.jpg","@id":"http:\/\/pujolclima.com\/en\/acostarse-con-el-aire-acondicionado-terrassa\/#mainImage","width":960,"height":639},"primaryImageOfPage":{"@id":"http:\/\/pujolclima.com\/en\/acostarse-con-el-aire-acondicionado-terrassa\/#mainImage"},"datePublished":"2017-09-08T06:53:59+02:00","dateModified":"2017-09-08T06:53:59+02:00"},{"@type":"WebSite","@id":"http:\/\/pujolclima.com\/en\/#website","url":"http:\/\/pujolclima.com\/en\/","name":"Pujolclima. Colaborador Gas Natural Fernosa","description":"Expertos en climatizaci\u00f3n para hogares y empresas. Instalaci\u00f3n, mantenimiento y reparaci\u00f3n de aire acondicionado y calefacci\u00f3n con tecnolog\u00eda eficiente, servicio r\u00e1pido y el mejor confort\u00a0garantizado.","inLanguage":"en-US","publisher":{"@id":"http:\/\/pujolclima.com\/en\/#organization"}}]},"og:locale":"en_US","og:site_name":"Pujolclima. Expertos en climatizaci\u00f3n - Expertos en climatizaci\u00f3n para hogares y empresas. Instalaci\u00f3n, mantenimiento y reparaci\u00f3n de aire acondicionado y calefacci\u00f3n con tecnolog\u00eda eficiente, servicio r\u00e1pido y el mejor confort\u00a0garantizado.","og:type":"article","og:title":"Acostarse con el aire acondicionado Terrassa - Pujolclima. Expertos en climatizaci\u00f3n","og:description":"Bienvenidos un d\u00eda m\u00e1s al blog de Pujol Clima Terrassa, como ya sabr\u00e9is somos una empresa especialista en la instalaci\u00f3n, el mantenimiento y la reparaci\u00f3n de aires acondicionados en Terrassa. En el nuevo art\u00edculo de hoy, os queremos hablar de uno de los temas m\u00e1s pol\u00e9micos relacionados con el aire acondicionado, que es dormir con","og:url":"http:\/\/pujolclima.com\/en\/acostarse-con-el-aire-acondicionado-terrassa\/","og:image":"http:\/\/pujolclima.com\/wp-content\/uploads\/2025\/03\/cropped-PujolCLIMA-VECTOR-1.png","article:published_time":"2017-09-08T06:53:59+00:00","article:modified_time":"2017-09-08T06:53:59+00:00","twitter:card":"summary_large_image","twitter:title":"Acostarse con el aire acondicionado Terrassa - Pujolclima. Expertos en climatizaci\u00f3n","twitter:description":"Bienvenidos un d\u00eda m\u00e1s al blog de Pujol Clima Terrassa, como ya sabr\u00e9is somos una empresa especialista en la instalaci\u00f3n, el mantenimiento y la reparaci\u00f3n de aires acondicionados en Terrassa. En el nuevo art\u00edculo de hoy, os queremos hablar de uno de los temas m\u00e1s pol\u00e9micos relacionados con el aire acondicionado, que es dormir con","twitter:image":"https:\/\/pujolclima.com\/wp-content\/uploads\/2025\/03\/cropped-PujolCLIMA-VECTOR-1.png"},"aioseo_meta_data":{"post_id":"2248","title":null,"description":null,"keywords":null,"keyphrases":null,"primary_term":null,"canonical_url":null,"og_title":null,"og_description":null,"og_object_type":"default","og_image_type":"default","og_image_url":null,"og_image_width":null,"og_image_height":null,"og_image_custom_url":null,"og_image_custom_fields":null,"og_video":null,"og_custom_url":null,"og_article_section":null,"og_article_tags":null,"twitter_use_og":false,"twitter_card":"default","twitter_image_type":"default","twitter_image_url":null,"twitter_image_custom_url":null,"twitter_image_custom_fields":null,"twitter_title":null,"twitter_description":null,"schema":{"blockGraphs":[],"customGraphs":[],"default":{"data":{"Article":[],"Course":[],"Dataset":[],"FAQPage":[],"Movie":[],"Person":[],"Product":[],"ProductReview":[],"Car":[],"Recipe":[],"Service":[],"SoftwareApplication":[],"WebPage":[]},"graphName":"","isEnabled":true},"graphs":[]},"schema_type":"default","schema_type_options":null,"pillar_content":false,"robots_default":true,"robots_noindex":false,"robots_noarchive":false,"robots_nosnippet":false,"robots_nofollow":false,"robots_noimageindex":false,"robots_noodp":false,"robots_notranslate":false,"robots_max_snippet":null,"robots_max_videopreview":null,"robots_max_imagepreview":"large","priority":null,"frequency":null,"local_seo":null,"breadcrumb_settings":null,"limit_modified_date":false,"ai":null,"created":"2024-06-13 09:23:48","updated":"2025-07-08 08:54:41","focus_keyword":null,"additional_keywords":null,"truseo_locale":null,"seo_analyzer_scan_date":null},"aioseo_breadcrumb":"<div class=\"aioseo-breadcrumbs\"><span class=\"aioseo-breadcrumb\">\n\t\t\t<a href=\"http:\/\/pujolclima.com\/en\" title=\"Inicio\">Inicio<\/a>\n\t\t<\/span><span class=\"aioseo-breadcrumb-separator\">&raquo;<\/span><span class=\"aioseo-breadcrumb\">\n\t\t\t<a href=\"http:\/\/pujolclima.com\/en\/category\/blog\/\" title=\"Blog\">Blog<\/a>\n\t\t<\/span><span class=\"aioseo-breadcrumb-separator\">&raquo;<\/span><span class=\"aioseo-breadcrumb\">\n\t\t\tAcostarse con el aire acondicionado Terrassa\n\t\t<\/span><\/div>","aioseo_breadcrumb_json":[{"label":"Inicio","link":"http:\/\/pujolclima.com\/en"},{"label":"Blog","link":"http:\/\/pujolclima.com\/en\/category\/blog\/"},{"label":"Acostarse con el aire acondicionado Terrassa","link":"http:\/\/pujolclima.com\/en\/acostarse-con-el-aire-acondicionado-terrassa\/"}],"taxonomy_info":{"category":[{"value":59,"label":"Aire Acondicionado"},{"value":93,"label":"Aire acondicionado Terrassa"},{"value":48,"label":"Blog"},{"value":70,"label":"Instalaci\u00f3n aire acondicionado"},{"value":77,"label":"Instalaci\u00f3n de climatizaci\u00f3n"},{"value":55,"label":"Mantenimiento aire acondicionado"},{"value":73,"label":"Reparaci\u00f3n aire acondicionado"}],"post_tag":[{"value":98,"label":"acondicionado"},{"value":99,"label":"aire"},{"value":108,"label":"aire acondicionado"},{"value":61,"label":"Aire acondicionado domestico"},{"value":92,"label":"Aire acondicionado Terrassa"},{"value":118,"label":"consejos"},{"value":119,"label":"consejos aire acondicionado"},{"value":120,"label":"dormir aire acondicionado"},{"value":94,"label":"limpieza aire acondicionado"},{"value":84,"label":"Limpieza de filtros"},{"value":107,"label":"mantenimiento"},{"value":96,"label":"mantenimiento aire acondicionado"},{"value":90,"label":"mantenimiento preventivo"},{"value":115,"label":"presupuesto aire acondicionado"},{"value":53,"label":"Terrassa"}]},"featured_image_src_large":["https:\/\/pujolclima.com\/wp-content\/uploads\/2017\/09\/aire-acondicionado-terrassa-1.jpg",960,639,false],"author_info":{"display_name":"soporte","author_link":"http:\/\/pujolclima.com\/en\/author\/soporte\/"},"comment_info":0,"category_info":[{"term_id":59,"name":"Aire Acondicionado","slug":"aire-acondicionado","term_group":0,"term_taxonomy_id":59,"taxonomy":"category","description":"","parent":0,"count":55,"filter":"raw","term_order":"12","cat_ID":59,"category_count":55,"category_description":"","cat_name":"Aire Acondicionado","category_nicename":"aire-acondicionado","category_parent":0},{"term_id":93,"name":"Aire acondicionado Terrassa","slug":"aire-acondicionado-terrassa","term_group":0,"term_taxonomy_id":93,"taxonomy":"category","description":"","parent":0,"count":11,"filter":"raw","term_order":"6","cat_ID":93,"category_count":11,"category_description":"","cat_name":"Aire acondicionado Terrassa","category_nicename":"aire-acondicionado-terrassa","category_parent":0},{"term_id":48,"name":"Blog","slug":"blog","term_group":0,"term_taxonomy_id":48,"taxonomy":"category","description":"","parent":0,"count":83,"filter":"raw","term_order":"13","cat_ID":48,"category_count":83,"category_description":"","cat_name":"Blog","category_nicename":"blog","category_parent":0},{"term_id":70,"name":"Instalaci\u00f3n aire acondicionado","slug":"instalacion-aire-acondicionado","term_group":0,"term_taxonomy_id":70,"taxonomy":"category","description":"","parent":0,"count":28,"filter":"raw","term_order":"10","cat_ID":70,"category_count":28,"category_description":"","cat_name":"Instalaci\u00f3n aire acondicionado","category_nicename":"instalacion-aire-acondicionado","category_parent":0},{"term_id":77,"name":"Instalaci\u00f3n de climatizaci\u00f3n","slug":"instalacion-de-climatizacion","term_group":0,"term_taxonomy_id":77,"taxonomy":"category","description":"","parent":0,"count":15,"filter":"raw","term_order":"8","cat_ID":77,"category_count":15,"category_description":"","cat_name":"Instalaci\u00f3n de climatizaci\u00f3n","category_nicename":"instalacion-de-climatizacion","category_parent":0},{"term_id":55,"name":"Mantenimiento aire acondicionado","slug":"mantenimiento-aire-acondicionado","term_group":0,"term_taxonomy_id":55,"taxonomy":"category","description":"","parent":0,"count":29,"filter":"raw","term_order":"15","cat_ID":55,"category_count":29,"category_description":"","cat_name":"Mantenimiento aire acondicionado","category_nicename":"mantenimiento-aire-acondicionado","category_parent":0},{"term_id":73,"name":"Reparaci\u00f3n aire acondicionado","slug":"reparacion-aire-acondicionado","term_group":0,"term_taxonomy_id":73,"taxonomy":"category","description":"","parent":0,"count":12,"filter":"raw","term_order":"9","cat_ID":73,"category_count":12,"category_description":"","cat_name":"Reparaci\u00f3n aire acondicionado","category_nicename":"reparacion-aire-acondicionado","category_parent":0}],"tag_info":[{"term_id":98,"name":"acondicionado","slug":"acondicionado","term_group":0,"term_taxonomy_id":98,"taxonomy":"post_tag","description":"","parent":0,"count":7,"filter":"raw","term_order":"0"},{"term_id":99,"name":"aire","slug":"aire","term_group":0,"term_taxonomy_id":99,"taxonomy":"post_tag","description":"","parent":0,"count":12,"filter":"raw","term_order":"0"},{"term_id":108,"name":"aire acondicionado","slug":"aire-acondicionado","term_group":0,"term_taxonomy_id":108,"taxonomy":"post_tag","description":"","parent":0,"count":16,"filter":"raw","term_order":"0"},{"term_id":61,"name":"Aire acondicionado domestico","slug":"aire-acondicionado-domestico","term_group":0,"term_taxonomy_id":61,"taxonomy":"post_tag","description":"","parent":0,"count":28,"filter":"raw","term_order":"0"},{"term_id":92,"name":"Aire acondicionado Terrassa","slug":"aire-acondicionado-terrassa","term_group":0,"term_taxonomy_id":92,"taxonomy":"post_tag","description":"","parent":0,"count":3,"filter":"raw","term_order":"0"},{"term_id":118,"name":"consejos","slug":"consejos","term_group":0,"term_taxonomy_id":118,"taxonomy":"post_tag","description":"","parent":0,"count":10,"filter":"raw","term_order":"0"},{"term_id":119,"name":"consejos aire acondicionado","slug":"consejos-aire-acondicionado","term_group":0,"term_taxonomy_id":119,"taxonomy":"post_tag","description":"","parent":0,"count":4,"filter":"raw","term_order":"0"},{"term_id":120,"name":"dormir aire acondicionado","slug":"dormir-aire-acondicionado","term_group":0,"term_taxonomy_id":120,"taxonomy":"post_tag","description":"","parent":0,"count":1,"filter":"raw","term_order":"0"},{"term_id":94,"name":"limpieza aire acondicionado","slug":"limpieza-aire-acondicionado","term_group":0,"term_taxonomy_id":94,"taxonomy":"post_tag","description":"","parent":0,"count":3,"filter":"raw","term_order":"0"},{"term_id":84,"name":"Limpieza de filtros","slug":"limpieza-de-filtros","term_group":0,"term_taxonomy_id":84,"taxonomy":"post_tag","description":"","parent":0,"count":8,"filter":"raw","term_order":"0"},{"term_id":107,"name":"mantenimiento","slug":"mantenimiento","term_group":0,"term_taxonomy_id":107,"taxonomy":"post_tag","description":"","parent":0,"count":11,"filter":"raw","term_order":"0"},{"term_id":96,"name":"mantenimiento aire acondicionado","slug":"mantenimiento-aire-acondicionado","term_group":0,"term_taxonomy_id":96,"taxonomy":"post_tag","description":"","parent":0,"count":13,"filter":"raw","term_order":"0"},{"term_id":90,"name":"mantenimiento preventivo","slug":"mantenimiento-preventivo","term_group":0,"term_taxonomy_id":90,"taxonomy":"post_tag","description":"","parent":0,"count":7,"filter":"raw","term_order":"0"},{"term_id":115,"name":"presupuesto aire acondicionado","slug":"presupuesto-aire-acondicionado","term_group":0,"term_taxonomy_id":115,"taxonomy":"post_tag","description":"","parent":0,"count":4,"filter":"raw","term_order":"0"},{"term_id":53,"name":"Terrassa","slug":"terrassa","term_group":0,"term_taxonomy_id":53,"taxonomy":"post_tag","description":"","parent":0,"count":12,"filter":"raw","term_order":"0"}],"_links":{"self":[{"href":"http:\/\/pujolclima.com\/en\/wp-json\/wp\/v2\/posts\/2248","targetHints":{"allow":["GET"]}}],"collection":[{"href":"http:\/\/pujolclima.com\/en\/wp-json\/wp\/v2\/posts"}],"about":[{"href":"http:\/\/pujolclima.com\/en\/wp-json\/wp\/v2\/types\/post"}],"author":[{"embeddable":true,"href":"http:\/\/pujolclima.com\/en\/wp-json\/wp\/v2\/users\/2"}],"replies":[{"embeddable":true,"href":"http:\/\/pujolclima.com\/en\/wp-json\/wp\/v2\/comments?post=2248"}],"version-history":[{"count":0,"href":"http:\/\/pujolclima.com\/en\/wp-json\/wp\/v2\/posts\/2248\/revisions"}],"wp:featuredmedia":[{"embeddable":true,"href":"http:\/\/pujolclima.com\/en\/wp-json\/wp\/v2\/media\/2250"}],"wp:attachment":[{"href":"http:\/\/pujolclima.com\/en\/wp-json\/wp\/v2\/media?parent=2248"}],"wp:term":[{"taxonomy":"category","embeddable":true,"href":"http:\/\/pujolclima.com\/en\/wp-json\/wp\/v2\/categories?post=2248"},{"taxonomy":"post_tag","embeddable":true,"href":"http:\/\/pujolclima.com\/en\/wp-json\/wp\/v2\/tags?post=2248"}],"curies":[{"name":"wp","href":"https:\/\/api.w.org\/{rel}","templated":true}]}}