{"id":1829,"date":"2017-05-04T13:12:59","date_gmt":"2017-05-04T13:12:59","guid":{"rendered":"http:\/\/ecloudagency.com\/?p=1829"},"modified":"2017-05-04T13:12:59","modified_gmt":"2017-05-04T13:12:59","slug":"razones-por-las-dormir-aire-acondicionado","status":"publish","type":"post","link":"https:\/\/pujolclima.com\/ca\/razones-por-las-dormir-aire-acondicionado\/","title":{"rendered":"Raons per dormir amb l&#039;aire condicionat"},"content":{"rendered":"<p>Benvingut un dia m\u00e9s al bloc de Pujol Clima, la teva empresa especialista en la venda, instal\u00b7laci\u00f3 i manteniment de <strong>Aire Condicionat.<\/strong>\u00a0A l&#039;entrada d&#039;avui aclarirem els dubtes que tanta gent t\u00e9 sobre si dormir amb l&#039;aire condicionat de casa teva <strong>Cerdanyola<\/strong> \u00e9s una cosa dolenta per a la teva salut.<\/p>\n<p>Si penses que el dormir amb el <strong>aire condicionat<\/strong> \u00e9s dolent per a la teva salut i per aix\u00f2 no l&#039;uses, et donarem unes raons que et faran canviar d&#039;opini\u00f3 i gaudir de l&#039;aire condicionat de casa teva <strong>Cerdanyola<\/strong> al m\u00e0xim.<\/p>\n<p>Moltes nits no pots descansar b\u00e9 per culpa de la temperatura ambient de casa teva <strong>Cerdanyola<\/strong>, per aix\u00f2, la millor soluci\u00f3 \u00e9s el <strong>aire condicionat<\/strong>.<\/p>\n<h2>Raons per dormir amb l&#039;aire condicionat<\/h2>\n<ul>\n<li>L&#039;aire condicionat disminueix la pres\u00e8ncia d&#039;insectes i par\u00e0sits a casa teva <strong>Cerdanyola<\/strong>.<\/li>\n<li>Dormir amb el <strong>aire condicionat<\/strong> controlar\u00e0 la teva sudoraci\u00f3.<\/li>\n<li>Gr\u00e0cies al <strong>aire condicionat<\/strong> es mant\u00e9 una hidrataci\u00f3 interna correcta.<\/li>\n<li>En aquesta \u00e8poca de l\u00b4any ens trobem amb l\u00b4arribada del pol\u00b7len. Si tanques les finestres de casa teva <strong>Cerdanyola<\/strong> i encens el teu <strong>aire condicionat<\/strong> a m\u00e9s d&#039;aconseguir un bon ambient, aconseguir\u00e0s netejar i purificar l&#039;aire que respiris durant la nit.<\/li>\n<li>Una cosa que la gent no coneix i \u00e9s important \u00e9s que dormir amb el <strong>aire condicionat<\/strong> millora la qualitat del somni.<\/li>\n<\/ul>\n<p><img loading=\"lazy\" decoding=\"async\" class=\"alignright wp-image-1830 size-medium\" src=\"http:\/\/ecloudagency.com\/wp-content\/uploads\/2017\/05\/Aire-acondicionado-Cerdanyola1-300x223.png\" alt=\"\" width=\"300\" height=\"223\" srcset=\"https:\/\/pujolclima.com\/wp-content\/uploads\/2017\/05\/Aire-acondicionado-Cerdanyola1-300x223.png 300w, https:\/\/pujolclima.com\/wp-content\/uploads\/2017\/05\/Aire-acondicionado-Cerdanyola1.png 765w\" sizes=\"auto, (max-width: 300px) 100vw, 300px\" \/><\/p>\n<p>Per a un descans correcte i un bon somni, es necessiten unes condicions ambientals correctes.<\/p>\n<p>L&#039;exc\u00e9s de calor pot provocar-te una mala qualitat del son i intensificar el cansament i la sensaci\u00f3 de fatiga al teu cos.<\/p>\n<p>Quan dormim, la nostra temperatura corporal disminueix, per la qual cosa des de Pujol Clima aconsellem dormir amb el <strong>aire condicionat<\/strong> a la mateixa temperatura que n&#039;hi ha a l&#039;exterior de casa teva <strong>Cerdanyola<\/strong>. La temperatura correcta est\u00e0 entre 24-26 \u00baC. Amb aquesta temperatura a casa teva <strong>Cerdanyola<\/strong> aconsegueixes una sensaci\u00f3 t\u00e8rmica agradable i et facilitar\u00e0 molt m\u00e9s el teu descans.<\/p>\n<p>Els <strong>aires condicionats<\/strong> dels que disposem a Pujol Clima s\u00f3n equips que han desenvolupat un sistema per poder programar i regular la temperatura durant les hores nocturnes per proporcionar-te sempre el millor descans i la millor qualitat del son. Aquests equips d&#039;aire condicionat ajusten diversos par\u00e0metres, com ara anar pujant la temperatura progressivament, apagar-se en passar unes hores o canviar la velocitat del ventilador.<\/p>\n<p>Dormir amb el <strong>aire condicionat<\/strong> no \u00e9s dolent, per\u00f2 sempre s&#039;ha de fer un \u00fas racional de l&#039;equip de <strong>aire condicionat<\/strong>. \u00c9s important tenir clar que no has de dormir amb l&#039;aire apuntant-te directament durant la nit ni abaixar la temperatura excessivament. Finalment, des de Pujol Clima t&#039;aconsellem mantenir els filtres sempre ben nets per poder gaudir del teu <strong>aire condicionat<\/strong> a casa teva de <strong>Cerdanyola<\/strong>.<\/p>","protected":false},"excerpt":{"rendered":"<p>Benvingut un dia m\u00e9s al bloc de Pujol Clima, la teva empresa especialista en la venda, instal\u00b7laci\u00f3 i manteniment d&#039;Aire Condicionat. A l&#039;entrada d&#039;avui\u2026<\/p>","protected":false},"author":2,"featured_media":1831,"comment_status":"closed","ping_status":"open","sticky":false,"template":"","format":"standard","meta":{"_kad_blocks_custom_css":"","_kad_blocks_head_custom_js":"","_kad_blocks_body_custom_js":"","_kad_blocks_footer_custom_js":"","_kadence_starter_templates_imported_post":false,"_kad_post_transparent":"","_kad_post_title":"","_kad_post_layout":"","_kad_post_sidebar_id":"","_kad_post_content_style":"","_kad_post_vertical_padding":"","_kad_post_feature":"","_kad_post_feature_position":"","_kad_post_header":false,"_kad_post_footer":false,"_kad_post_classname":"","_joinchat":[],"footnotes":""},"categories":[59,48,70],"tags":[],"class_list":["post-1829","post","type-post","status-publish","format-standard","has-post-thumbnail","hentry","category-aire-acondicionado","category-blog","category-instalacion-aire-acondicionado"],"aioseo_notices":[],"aioseo_head":"\n\t\t<!-- All in One SEO 5.0.1.1 - aioseo.com -->\n\t<meta name=\"description\" content=\"Bienvenido un d\u00eda m\u00e1s al blog de Pujol Clima, tu empresa especialista en la venta, instalaci\u00f3n y mantenimiento de Aire Acondicionado. En la entrada de hoy vamos a aclarar las dudas que tanta gente tiene sobre si dormir con el aire acondicionado de tu casa de Cerdanyola es algo malo para tu salud. Si piensas que\" \/>\n\t<meta name=\"robots\" content=\"max-image-preview:large\" \/>\n\t<meta name=\"author\" content=\"soporte\"\/>\n\t<link rel=\"canonical\" href=\"https:\/\/pujolclima.com\/ca\/razones-por-las-dormir-aire-acondicionado\/\" \/>\n\t<meta name=\"generator\" content=\"All in One SEO (AIOSEO) 5.0.1.1\" \/>\n\t\t<meta property=\"og:locale\" content=\"ca_ES\" \/>\n\t\t<meta property=\"og:site_name\" content=\"Pujolclima. Expertos en climatizaci\u00f3n - Expertos en climatizaci\u00f3n para hogares y empresas. Instalaci\u00f3n, mantenimiento y reparaci\u00f3n de aire acondicionado y calefacci\u00f3n con tecnolog\u00eda eficiente, servicio r\u00e1pido y el mejor confort\u00a0garantizado.\" \/>\n\t\t<meta property=\"og:type\" content=\"article\" \/>\n\t\t<meta property=\"og:title\" content=\"Razones por las que dormir con el aire acondicionado - Pujolclima. Expertos en climatizaci\u00f3n\" \/>\n\t\t<meta property=\"og:description\" content=\"Bienvenido un d\u00eda m\u00e1s al blog de Pujol Clima, tu empresa especialista en la venta, instalaci\u00f3n y mantenimiento de Aire Acondicionado. En la entrada de hoy vamos a aclarar las dudas que tanta gente tiene sobre si dormir con el aire acondicionado de tu casa de Cerdanyola es algo malo para tu salud. Si piensas que\" \/>\n\t\t<meta property=\"og:url\" content=\"https:\/\/pujolclima.com\/ca\/razones-por-las-dormir-aire-acondicionado\/\" \/>\n\t\t<meta property=\"og:image\" content=\"https:\/\/pujolclima.com\/wp-content\/uploads\/2025\/03\/cropped-PujolCLIMA-VECTOR-1.png\" \/>\n\t\t<meta property=\"og:image:secure_url\" content=\"https:\/\/pujolclima.com\/wp-content\/uploads\/2025\/03\/cropped-PujolCLIMA-VECTOR-1.png\" \/>\n\t\t<meta property=\"article:published_time\" content=\"2017-05-04T13:12:59+00:00\" \/>\n\t\t<meta property=\"article:modified_time\" content=\"2017-05-04T13:12:59+00:00\" \/>\n\t\t<meta name=\"twitter:card\" content=\"summary_large_image\" \/>\n\t\t<meta name=\"twitter:title\" content=\"Razones por las que dormir con el aire acondicionado - Pujolclima. Expertos en climatizaci\u00f3n\" \/>\n\t\t<meta name=\"twitter:description\" content=\"Bienvenido un d\u00eda m\u00e1s al blog de Pujol Clima, tu empresa especialista en la venta, instalaci\u00f3n y mantenimiento de Aire Acondicionado. En la entrada de hoy vamos a aclarar las dudas que tanta gente tiene sobre si dormir con el aire acondicionado de tu casa de Cerdanyola es algo malo para tu salud. Si piensas que\" \/>\n\t\t<meta name=\"twitter:image\" content=\"https:\/\/pujolclima.com\/wp-content\/uploads\/2025\/03\/cropped-PujolCLIMA-VECTOR-1.png\" \/>\n\t\t<script type=\"application\/ld+json\" class=\"aioseo-schema\">\n\t\t\t{\"@context\":\"https:\\\/\\\/schema.org\",\"@graph\":[{\"@type\":\"BlogPosting\",\"@id\":\"https:\\\/\\\/pujolclima.com\\\/ca\\\/razones-por-las-dormir-aire-acondicionado\\\/#blogposting\",\"name\":\"Razones por las que dormir con el aire acondicionado - Pujolclima. Expertos en climatizaci\\u00f3n\",\"headline\":\"Razones por las que dormir con el aire acondicionado\",\"author\":{\"@id\":\"https:\\\/\\\/pujolclima.com\\\/ca\\\/author\\\/soporte\\\/#author\"},\"publisher\":{\"@id\":\"https:\\\/\\\/pujolclima.com\\\/ca\\\/#organization\"},\"image\":{\"@type\":\"ImageObject\",\"url\":\"https:\\\/\\\/pujolclima.com\\\/wp-content\\\/uploads\\\/2017\\\/05\\\/Aire-acondicionado-Cerdanyola.png\",\"width\":923,\"height\":495},\"datePublished\":\"2017-05-04T13:12:59+02:00\",\"dateModified\":\"2017-05-04T13:12:59+02:00\",\"inLanguage\":\"ca\",\"mainEntityOfPage\":{\"@id\":\"https:\\\/\\\/pujolclima.com\\\/ca\\\/razones-por-las-dormir-aire-acondicionado\\\/#webpage\"},\"isPartOf\":{\"@id\":\"https:\\\/\\\/pujolclima.com\\\/ca\\\/razones-por-las-dormir-aire-acondicionado\\\/#webpage\"},\"articleSection\":\"Aire Acondicionado, Blog, Instalaci\\u00f3n aire acondicionado\"},{\"@type\":\"BreadcrumbList\",\"@id\":\"https:\\\/\\\/pujolclima.com\\\/ca\\\/razones-por-las-dormir-aire-acondicionado\\\/#breadcrumblist\",\"itemListElement\":[{\"@type\":\"ListItem\",\"@id\":\"https:\\\/\\\/pujolclima.com\\\/ca#listItem\",\"position\":1,\"name\":\"Inicio\",\"item\":\"https:\\\/\\\/pujolclima.com\\\/ca\",\"nextItem\":{\"@type\":\"ListItem\",\"@id\":\"https:\\\/\\\/pujolclima.com\\\/ca\\\/category\\\/blog\\\/#listItem\",\"name\":\"Blog\"}},{\"@type\":\"ListItem\",\"@id\":\"https:\\\/\\\/pujolclima.com\\\/ca\\\/category\\\/blog\\\/#listItem\",\"position\":2,\"name\":\"Blog\",\"item\":\"https:\\\/\\\/pujolclima.com\\\/ca\\\/category\\\/blog\\\/\",\"nextItem\":{\"@type\":\"ListItem\",\"@id\":\"https:\\\/\\\/pujolclima.com\\\/ca\\\/razones-por-las-dormir-aire-acondicionado\\\/#listItem\",\"name\":\"Razones por las que dormir con el aire acondicionado\"},\"previousItem\":{\"@type\":\"ListItem\",\"@id\":\"https:\\\/\\\/pujolclima.com\\\/ca#listItem\",\"name\":\"Inicio\"}},{\"@type\":\"ListItem\",\"@id\":\"https:\\\/\\\/pujolclima.com\\\/ca\\\/razones-por-las-dormir-aire-acondicionado\\\/#listItem\",\"position\":3,\"name\":\"Razones por las que dormir con el aire acondicionado\",\"previousItem\":{\"@type\":\"ListItem\",\"@id\":\"https:\\\/\\\/pujolclima.com\\\/ca\\\/category\\\/blog\\\/#listItem\",\"name\":\"Blog\"}}]},{\"@type\":\"Organization\",\"@id\":\"https:\\\/\\\/pujolclima.com\\\/ca\\\/#organization\",\"name\":\"Pujolclima. Colaborador Oficial de Nedgia\",\"description\":\"Expertos en climatizaci\\u00f3n para hogares y empresas. Instalaci\\u00f3n, mantenimiento y reparaci\\u00f3n de aire acondicionado y calefacci\\u00f3n con tecnolog\\u00eda eficiente, servicio r\\u00e1pido y el mejor confort\\u00a0garantizado.\",\"url\":\"https:\\\/\\\/pujolclima.com\\\/ca\\\/\",\"telephone\":\"+34664582238\",\"logo\":{\"@type\":\"ImageObject\",\"url\":\"https:\\\/\\\/pujolclima.com\\\/wp-content\\\/uploads\\\/2025\\\/03\\\/cropped-PujolCLIMA-VECTOR-1.png\",\"@id\":\"https:\\\/\\\/pujolclima.com\\\/ca\\\/razones-por-las-dormir-aire-acondicionado\\\/#organizationLogo\",\"width\":1925,\"height\":570},\"image\":{\"@id\":\"https:\\\/\\\/pujolclima.com\\\/ca\\\/razones-por-las-dormir-aire-acondicionado\\\/#organizationLogo\"}},{\"@type\":\"Person\",\"@id\":\"https:\\\/\\\/pujolclima.com\\\/ca\\\/author\\\/soporte\\\/#author\",\"url\":\"https:\\\/\\\/pujolclima.com\\\/ca\\\/author\\\/soporte\\\/\",\"name\":\"soporte\"},{\"@type\":\"WebPage\",\"@id\":\"https:\\\/\\\/pujolclima.com\\\/ca\\\/razones-por-las-dormir-aire-acondicionado\\\/#webpage\",\"url\":\"https:\\\/\\\/pujolclima.com\\\/ca\\\/razones-por-las-dormir-aire-acondicionado\\\/\",\"name\":\"Razones por las que dormir con el aire acondicionado - Pujolclima. Expertos en climatizaci\\u00f3n\",\"description\":\"Bienvenido un d\\u00eda m\\u00e1s al blog de Pujol Clima, tu empresa especialista en la venta, instalaci\\u00f3n y mantenimiento de Aire Acondicionado. En la entrada de hoy vamos a aclarar las dudas que tanta gente tiene sobre si dormir con el aire acondicionado de tu casa de Cerdanyola es algo malo para tu salud. Si piensas que\",\"inLanguage\":\"ca\",\"isPartOf\":{\"@id\":\"https:\\\/\\\/pujolclima.com\\\/ca\\\/#website\"},\"breadcrumb\":{\"@id\":\"https:\\\/\\\/pujolclima.com\\\/ca\\\/razones-por-las-dormir-aire-acondicionado\\\/#breadcrumblist\"},\"author\":{\"@id\":\"https:\\\/\\\/pujolclima.com\\\/ca\\\/author\\\/soporte\\\/#author\"},\"creator\":{\"@id\":\"https:\\\/\\\/pujolclima.com\\\/ca\\\/author\\\/soporte\\\/#author\"},\"image\":{\"@type\":\"ImageObject\",\"url\":\"https:\\\/\\\/pujolclima.com\\\/wp-content\\\/uploads\\\/2017\\\/05\\\/Aire-acondicionado-Cerdanyola.png\",\"@id\":\"https:\\\/\\\/pujolclima.com\\\/ca\\\/razones-por-las-dormir-aire-acondicionado\\\/#mainImage\",\"width\":923,\"height\":495},\"primaryImageOfPage\":{\"@id\":\"https:\\\/\\\/pujolclima.com\\\/ca\\\/razones-por-las-dormir-aire-acondicionado\\\/#mainImage\"},\"datePublished\":\"2017-05-04T13:12:59+02:00\",\"dateModified\":\"2017-05-04T13:12:59+02:00\"},{\"@type\":\"WebSite\",\"@id\":\"https:\\\/\\\/pujolclima.com\\\/ca\\\/#website\",\"url\":\"https:\\\/\\\/pujolclima.com\\\/ca\\\/\",\"name\":\"Pujolclima. Colaborador Gas Natural Fernosa\",\"description\":\"Expertos en climatizaci\\u00f3n para hogares y empresas. Instalaci\\u00f3n, mantenimiento y reparaci\\u00f3n de aire acondicionado y calefacci\\u00f3n con tecnolog\\u00eda eficiente, servicio r\\u00e1pido y el mejor confort\\u00a0garantizado.\",\"inLanguage\":\"ca\",\"publisher\":{\"@id\":\"https:\\\/\\\/pujolclima.com\\\/ca\\\/#organization\"}}]}\n\t\t<\/script>\n\t\t<!-- All in One SEO -->\n\n","aioseo_head_json":{"title":"Razones por las que dormir con el aire acondicionado - Pujolclima. Expertos en climatizaci\u00f3n","description":"Bienvenido un d\u00eda m\u00e1s al blog de Pujol Clima, tu empresa especialista en la venta, instalaci\u00f3n y mantenimiento de Aire Acondicionado. En la entrada de hoy vamos a aclarar las dudas que tanta gente tiene sobre si dormir con el aire acondicionado de tu casa de Cerdanyola es algo malo para tu salud. Si piensas que","canonical_url":"https:\/\/pujolclima.com\/ca\/razones-por-las-dormir-aire-acondicionado\/","robots":"max-image-preview:large","keywords":"","webmasterTools":{"miscellaneous":""},"schema":{"@context":"https:\/\/schema.org","@graph":[{"@type":"BlogPosting","@id":"https:\/\/pujolclima.com\/ca\/razones-por-las-dormir-aire-acondicionado\/#blogposting","name":"Razones por las que dormir con el aire acondicionado - Pujolclima. Expertos en climatizaci\u00f3n","headline":"Razones por las que dormir con el aire acondicionado","author":{"@id":"https:\/\/pujolclima.com\/ca\/author\/soporte\/#author"},"publisher":{"@id":"https:\/\/pujolclima.com\/ca\/#organization"},"image":{"@type":"ImageObject","url":"https:\/\/pujolclima.com\/wp-content\/uploads\/2017\/05\/Aire-acondicionado-Cerdanyola.png","width":923,"height":495},"datePublished":"2017-05-04T13:12:59+02:00","dateModified":"2017-05-04T13:12:59+02:00","inLanguage":"ca","mainEntityOfPage":{"@id":"https:\/\/pujolclima.com\/ca\/razones-por-las-dormir-aire-acondicionado\/#webpage"},"isPartOf":{"@id":"https:\/\/pujolclima.com\/ca\/razones-por-las-dormir-aire-acondicionado\/#webpage"},"articleSection":"Aire Acondicionado, Blog, Instalaci\u00f3n aire acondicionado"},{"@type":"BreadcrumbList","@id":"https:\/\/pujolclima.com\/ca\/razones-por-las-dormir-aire-acondicionado\/#breadcrumblist","itemListElement":[{"@type":"ListItem","@id":"https:\/\/pujolclima.com\/ca#listItem","position":1,"name":"Inicio","item":"https:\/\/pujolclima.com\/ca","nextItem":{"@type":"ListItem","@id":"https:\/\/pujolclima.com\/ca\/category\/blog\/#listItem","name":"Blog"}},{"@type":"ListItem","@id":"https:\/\/pujolclima.com\/ca\/category\/blog\/#listItem","position":2,"name":"Blog","item":"https:\/\/pujolclima.com\/ca\/category\/blog\/","nextItem":{"@type":"ListItem","@id":"https:\/\/pujolclima.com\/ca\/razones-por-las-dormir-aire-acondicionado\/#listItem","name":"Razones por las que dormir con el aire acondicionado"},"previousItem":{"@type":"ListItem","@id":"https:\/\/pujolclima.com\/ca#listItem","name":"Inicio"}},{"@type":"ListItem","@id":"https:\/\/pujolclima.com\/ca\/razones-por-las-dormir-aire-acondicionado\/#listItem","position":3,"name":"Razones por las que dormir con el aire acondicionado","previousItem":{"@type":"ListItem","@id":"https:\/\/pujolclima.com\/ca\/category\/blog\/#listItem","name":"Blog"}}]},{"@type":"Organization","@id":"https:\/\/pujolclima.com\/ca\/#organization","name":"Pujolclima. Colaborador Oficial de Nedgia","description":"Expertos en climatizaci\u00f3n para hogares y empresas. Instalaci\u00f3n, mantenimiento y reparaci\u00f3n de aire acondicionado y calefacci\u00f3n con tecnolog\u00eda eficiente, servicio r\u00e1pido y el mejor confort\u00a0garantizado.","url":"https:\/\/pujolclima.com\/ca\/","telephone":"+34664582238","logo":{"@type":"ImageObject","url":"https:\/\/pujolclima.com\/wp-content\/uploads\/2025\/03\/cropped-PujolCLIMA-VECTOR-1.png","@id":"https:\/\/pujolclima.com\/ca\/razones-por-las-dormir-aire-acondicionado\/#organizationLogo","width":1925,"height":570},"image":{"@id":"https:\/\/pujolclima.com\/ca\/razones-por-las-dormir-aire-acondicionado\/#organizationLogo"}},{"@type":"Person","@id":"https:\/\/pujolclima.com\/ca\/author\/soporte\/#author","url":"https:\/\/pujolclima.com\/ca\/author\/soporte\/","name":"soporte"},{"@type":"WebPage","@id":"https:\/\/pujolclima.com\/ca\/razones-por-las-dormir-aire-acondicionado\/#webpage","url":"https:\/\/pujolclima.com\/ca\/razones-por-las-dormir-aire-acondicionado\/","name":"Razones por las que dormir con el aire acondicionado - Pujolclima. Expertos en climatizaci\u00f3n","description":"Bienvenido un d\u00eda m\u00e1s al blog de Pujol Clima, tu empresa especialista en la venta, instalaci\u00f3n y mantenimiento de Aire Acondicionado. En la entrada de hoy vamos a aclarar las dudas que tanta gente tiene sobre si dormir con el aire acondicionado de tu casa de Cerdanyola es algo malo para tu salud. Si piensas que","inLanguage":"ca","isPartOf":{"@id":"https:\/\/pujolclima.com\/ca\/#website"},"breadcrumb":{"@id":"https:\/\/pujolclima.com\/ca\/razones-por-las-dormir-aire-acondicionado\/#breadcrumblist"},"author":{"@id":"https:\/\/pujolclima.com\/ca\/author\/soporte\/#author"},"creator":{"@id":"https:\/\/pujolclima.com\/ca\/author\/soporte\/#author"},"image":{"@type":"ImageObject","url":"https:\/\/pujolclima.com\/wp-content\/uploads\/2017\/05\/Aire-acondicionado-Cerdanyola.png","@id":"https:\/\/pujolclima.com\/ca\/razones-por-las-dormir-aire-acondicionado\/#mainImage","width":923,"height":495},"primaryImageOfPage":{"@id":"https:\/\/pujolclima.com\/ca\/razones-por-las-dormir-aire-acondicionado\/#mainImage"},"datePublished":"2017-05-04T13:12:59+02:00","dateModified":"2017-05-04T13:12:59+02:00"},{"@type":"WebSite","@id":"https:\/\/pujolclima.com\/ca\/#website","url":"https:\/\/pujolclima.com\/ca\/","name":"Pujolclima. Colaborador Gas Natural Fernosa","description":"Expertos en climatizaci\u00f3n para hogares y empresas. Instalaci\u00f3n, mantenimiento y reparaci\u00f3n de aire acondicionado y calefacci\u00f3n con tecnolog\u00eda eficiente, servicio r\u00e1pido y el mejor confort\u00a0garantizado.","inLanguage":"ca","publisher":{"@id":"https:\/\/pujolclima.com\/ca\/#organization"}}]},"og:locale":"ca_ES","og:site_name":"Pujolclima. Expertos en climatizaci\u00f3n - Expertos en climatizaci\u00f3n para hogares y empresas. Instalaci\u00f3n, mantenimiento y reparaci\u00f3n de aire acondicionado y calefacci\u00f3n con tecnolog\u00eda eficiente, servicio r\u00e1pido y el mejor confort\u00a0garantizado.","og:type":"article","og:title":"Razones por las que dormir con el aire acondicionado - Pujolclima. Expertos en climatizaci\u00f3n","og:description":"Bienvenido un d\u00eda m\u00e1s al blog de Pujol Clima, tu empresa especialista en la venta, instalaci\u00f3n y mantenimiento de Aire Acondicionado. En la entrada de hoy vamos a aclarar las dudas que tanta gente tiene sobre si dormir con el aire acondicionado de tu casa de Cerdanyola es algo malo para tu salud. Si piensas que","og:url":"https:\/\/pujolclima.com\/ca\/razones-por-las-dormir-aire-acondicionado\/","og:image":"https:\/\/pujolclima.com\/wp-content\/uploads\/2025\/03\/cropped-PujolCLIMA-VECTOR-1.png","og:image:secure_url":"https:\/\/pujolclima.com\/wp-content\/uploads\/2025\/03\/cropped-PujolCLIMA-VECTOR-1.png","article:published_time":"2017-05-04T13:12:59+00:00","article:modified_time":"2017-05-04T13:12:59+00:00","twitter:card":"summary_large_image","twitter:title":"Razones por las que dormir con el aire acondicionado - Pujolclima. Expertos en climatizaci\u00f3n","twitter:description":"Bienvenido un d\u00eda m\u00e1s al blog de Pujol Clima, tu empresa especialista en la venta, instalaci\u00f3n y mantenimiento de Aire Acondicionado. En la entrada de hoy vamos a aclarar las dudas que tanta gente tiene sobre si dormir con el aire acondicionado de tu casa de Cerdanyola es algo malo para tu salud. Si piensas que","twitter:image":"https:\/\/pujolclima.com\/wp-content\/uploads\/2025\/03\/cropped-PujolCLIMA-VECTOR-1.png"},"aioseo_meta_data":{"post_id":"1829","title":null,"description":null,"keywords":null,"keyphrases":null,"primary_term":null,"canonical_url":null,"og_title":null,"og_description":null,"og_object_type":"default","og_image_type":"default","og_image_url":null,"og_image_width":null,"og_image_height":null,"og_image_custom_url":null,"og_image_custom_fields":null,"og_video":null,"og_custom_url":null,"og_article_section":null,"og_article_tags":null,"twitter_use_og":false,"twitter_card":"default","twitter_image_type":"default","twitter_image_url":null,"twitter_image_custom_url":null,"twitter_image_custom_fields":null,"twitter_title":null,"twitter_description":null,"schema":{"blockGraphs":[],"customGraphs":[],"default":{"data":{"Article":[],"Course":[],"Dataset":[],"FAQPage":[],"Movie":[],"Person":[],"Product":[],"ProductReview":[],"Car":[],"Recipe":[],"Service":[],"SoftwareApplication":[],"WebPage":[]},"graphName":"","isEnabled":true},"graphs":[]},"schema_type":"default","schema_type_options":null,"pillar_content":false,"robots_default":true,"robots_noindex":false,"robots_noarchive":false,"robots_nosnippet":false,"robots_nofollow":false,"robots_noimageindex":false,"robots_noodp":false,"robots_notranslate":false,"robots_max_snippet":null,"robots_max_videopreview":null,"robots_max_imagepreview":"large","priority":null,"frequency":null,"local_seo":null,"breadcrumb_settings":null,"limit_modified_date":false,"ai":null,"created":"2024-06-13 09:23:48","updated":"2025-07-08 08:52:01","focus_keyword":null,"additional_keywords":null,"truseo_locale":null,"seo_analyzer_scan_date":null},"aioseo_breadcrumb":"<div class=\"aioseo-breadcrumbs\"><span class=\"aioseo-breadcrumb\">\n\t\t\t<a href=\"https:\/\/pujolclima.com\/ca\" title=\"Inicio\">Inicio<\/a>\n\t\t<\/span><span class=\"aioseo-breadcrumb-separator\">&raquo;<\/span><span class=\"aioseo-breadcrumb\">\n\t\t\t<a href=\"https:\/\/pujolclima.com\/ca\/category\/blog\/\" title=\"Blog\">Blog<\/a>\n\t\t<\/span><span class=\"aioseo-breadcrumb-separator\">&raquo;<\/span><span class=\"aioseo-breadcrumb\">\n\t\t\tRazones por las que dormir con el aire acondicionado\n\t\t<\/span><\/div>","aioseo_breadcrumb_json":[{"label":"Inicio","link":"https:\/\/pujolclima.com\/ca"},{"label":"Blog","link":"https:\/\/pujolclima.com\/ca\/category\/blog\/"},{"label":"Razones por las que dormir con el aire acondicionado","link":"https:\/\/pujolclima.com\/ca\/razones-por-las-dormir-aire-acondicionado\/"}],"taxonomy_info":{"category":[{"value":59,"label":"Aire Acondicionado"},{"value":48,"label":"Blog"},{"value":70,"label":"Instalaci\u00f3n aire acondicionado"}]},"featured_image_src_large":["https:\/\/pujolclima.com\/wp-content\/uploads\/2017\/05\/Aire-acondicionado-Cerdanyola.png",923,495,false],"author_info":{"display_name":"soporte","author_link":"https:\/\/pujolclima.com\/ca\/author\/soporte\/"},"comment_info":0,"category_info":[{"term_id":59,"name":"Aire Acondicionado","slug":"aire-acondicionado","term_group":0,"term_taxonomy_id":59,"taxonomy":"category","description":"","parent":0,"count":55,"filter":"raw","term_order":"12","cat_ID":59,"category_count":55,"category_description":"","cat_name":"Aire Acondicionado","category_nicename":"aire-acondicionado","category_parent":0},{"term_id":48,"name":"Blog","slug":"blog","term_group":0,"term_taxonomy_id":48,"taxonomy":"category","description":"","parent":0,"count":83,"filter":"raw","term_order":"13","cat_ID":48,"category_count":83,"category_description":"","cat_name":"Blog","category_nicename":"blog","category_parent":0},{"term_id":70,"name":"Instalaci\u00f3n aire acondicionado","slug":"instalacion-aire-acondicionado","term_group":0,"term_taxonomy_id":70,"taxonomy":"category","description":"","parent":0,"count":28,"filter":"raw","term_order":"10","cat_ID":70,"category_count":28,"category_description":"","cat_name":"Instalaci\u00f3n aire acondicionado","category_nicename":"instalacion-aire-acondicionado","category_parent":0}],"tag_info":false,"_links":{"self":[{"href":"https:\/\/pujolclima.com\/ca\/wp-json\/wp\/v2\/posts\/1829","targetHints":{"allow":["GET"]}}],"collection":[{"href":"https:\/\/pujolclima.com\/ca\/wp-json\/wp\/v2\/posts"}],"about":[{"href":"https:\/\/pujolclima.com\/ca\/wp-json\/wp\/v2\/types\/post"}],"author":[{"embeddable":true,"href":"https:\/\/pujolclima.com\/ca\/wp-json\/wp\/v2\/users\/2"}],"replies":[{"embeddable":true,"href":"https:\/\/pujolclima.com\/ca\/wp-json\/wp\/v2\/comments?post=1829"}],"version-history":[{"count":0,"href":"https:\/\/pujolclima.com\/ca\/wp-json\/wp\/v2\/posts\/1829\/revisions"}],"wp:featuredmedia":[{"embeddable":true,"href":"https:\/\/pujolclima.com\/ca\/wp-json\/wp\/v2\/media\/1831"}],"wp:attachment":[{"href":"https:\/\/pujolclima.com\/ca\/wp-json\/wp\/v2\/media?parent=1829"}],"wp:term":[{"taxonomy":"category","embeddable":true,"href":"https:\/\/pujolclima.com\/ca\/wp-json\/wp\/v2\/categories?post=1829"},{"taxonomy":"post_tag","embeddable":true,"href":"https:\/\/pujolclima.com\/ca\/wp-json\/wp\/v2\/tags?post=1829"}],"curies":[{"name":"wp","href":"https:\/\/api.w.org\/{rel}","templated":true}]}}