{"id":1840,"date":"2017-04-04T13:18:45","date_gmt":"2017-04-04T13:18:45","guid":{"rendered":"http:\/\/ecloudagency.com\/?p=1840"},"modified":"2017-04-04T13:18:45","modified_gmt":"2017-04-04T13:18:45","slug":"ayuda-aire-acondicionado-combatir-la-alergia","status":"publish","type":"post","link":"https:\/\/pujolclima.com\/ca\/ayuda-aire-acondicionado-combatir-la-alergia\/","title":{"rendered":"Com ajuda l&#039;aire condicionat a combatre l&#039;al\u00b7l\u00e8rgia"},"content":{"rendered":"<p>Benvingut un dia m\u00e9s al bloc de Pujol Clima, la teva empresa especialista en la instal\u00b7laci\u00f3 i la venda de <strong>aire condicionats<\/strong> a <strong>Sabadell<\/strong>. A la nova entrada d&#039;avui ens volem dirigir a tots els que patiu algun tipus d&#039;al\u00b7l\u00e8rgia, ja que amb el bon \u00fas del vostre <strong>aire condicionat<\/strong> de casa teva <strong>Sabadell<\/strong> pots disminuir aquests efectes.<\/p>\n<p>L&#039;al\u00b7l\u00e8rgia \u00e9s una cosa que afecta un 30% de la poblaci\u00f3 espanyola, i s&#039;accentua en arribar la primavera amb els efectes de la pol\u00b7linitzaci\u00f3.<\/p>\n<p>Els metges recomanen a les persones al\u00b7l\u00e8rgiques anar amb compte amb l&#039;aire que respiren, ja que \u00e9s important que les persones que la pateixen passin el major temps possible en llocs tancats i no deixar molt de temps les finestres de casa de <strong>Sabadell<\/strong> obertes. Aconseguir una bona renovaci\u00f3 de l&#039;aire no \u00e9s complicada si disposeu d&#039;un aparell de <strong>aire condicionat <\/strong>a casa teva de <strong>Sabadell<\/strong>, ja que si heu instal\u00b7lat un bon aire condicionat amb filtres de qualitat, aconseguireu purificar l&#039;aire i atrapar les part\u00edcules microsc\u00f2piques.<\/p>\n<p>El filtre de <strong>aire<\/strong> del <strong>aire condicionat<\/strong> de casa teva <strong>Sabadell<\/strong>, \u00e9s un dispositiu que s&#039;encarrega d&#039;eliminar les part\u00edcules s\u00f2lides que es troben per casa teva, com els s\u00f3n el pol\u00b7len i la pols. Amb uns bons filtres de qualitat al <strong>aire condicionat <\/strong>de casa teva <strong>Sabadell<\/strong> a m\u00e9s de refredar l&#039;aire tamb\u00e9 aconseguir\u00e0s netejar-lo i purificar-lo, ajudant-te aix\u00ed a cuidar l&#039;aire que respires.<\/p>\n<p><img loading=\"lazy\" decoding=\"async\" class=\"aligncenter wp-image-1841 size-medium\" src=\"http:\/\/ecloudagency.com\/wp-content\/uploads\/2017\/05\/Aire-acondicionado-Sabdell1-768x435-300x170.png\" alt=\"\" width=\"300\" height=\"170\" \/><\/p>\n<h2><strong>Purifica l&#039;aire de casa teva<\/strong><\/h2>\n<p>Per aconseguir i aconseguir una bona renovaci\u00f3 de l&#039;aire de casa teva <strong>Sabadell<\/strong>, \u00e9s senzill sempre que mantenint una cura del <strong>aire condicionat<\/strong>. Des de Pujol Clima et donarem una s\u00e8rie d&#039;indicacions perqu\u00e8 els filtres del <strong>aire condicionat<\/strong> de casa teva <strong>Sabadell<\/strong> no perdin la seva efici\u00e8ncia.<\/p>\n<ol>\n<li>Neteja b\u00e9 els filtres. S\u00f3n una part fonamental del <strong>aire condicionat<\/strong>, ja que actuen com a barrera davant d&#039;aquestes part\u00edcules s\u00f2lides que es troben per l&#039;aire de casa teva <strong>Sabadell<\/strong>. Si no fas una neteja regular dels filtres acaben perdent la funci\u00f3 i rebr\u00e0s aire que no \u00e9s pur.<\/li>\n<li>En comprar i instal\u00b7lar un aparell de <strong>aire condicionat <\/strong>de casa teva <strong>Sabadell<\/strong>, fixa&#039;t que la densitat dels filtres sigui alta, ja que m\u00e9s efica\u00e7os seran.<\/li>\n<li>Assegureu-vos que la instal\u00b7laci\u00f3 del <strong>aire condicionat<\/strong> de casa teva <strong>Sabadell<\/strong> sigui feta per professionals, com els de Pujol Clima. Una instal\u00b7laci\u00f3 ben feta juntament amb les revisions peri\u00f2diques, milloren la qualitat de l&#039;aire que est\u00e0s respirant a casa teva <strong>Sabadell<\/strong>.<\/li>\n<li>Distribueix b\u00e9 els aparells de <strong>aire condicionat<\/strong> per casa teva de <strong>Sabadell<\/strong>. La bona distribuci\u00f3 dels aparells de <strong>aire condicionat<\/strong> t&#039;assegurar\u00e0 que totes les zones de casa teva <strong>Sabadell<\/strong> tinguin l&#039;aire igual de renovat i pur.<\/li>\n<\/ol>","protected":false},"excerpt":{"rendered":"<p>Benvingut un dia m\u00e9s al bloc de Pujol Clima, la teva empresa especialista en la instal\u00b7laci\u00f3 i venda d&#039;aire condicionats a Sabadell. A la\u2026<\/p>","protected":false},"author":2,"featured_media":1842,"comment_status":"closed","ping_status":"open","sticky":false,"template":"","format":"standard","meta":{"_kad_blocks_custom_css":"","_kad_blocks_head_custom_js":"","_kad_blocks_body_custom_js":"","_kad_blocks_footer_custom_js":"","_kadence_starter_templates_imported_post":false,"_kad_post_transparent":"","_kad_post_title":"","_kad_post_layout":"","_kad_post_sidebar_id":"","_kad_post_content_style":"","_kad_post_vertical_padding":"","_kad_post_feature":"","_kad_post_feature_position":"","_kad_post_header":false,"_kad_post_footer":false,"_kad_post_classname":"","_joinchat":[],"footnotes":""},"categories":[59,48,69,70],"tags":[],"class_list":["post-1840","post","type-post","status-publish","format-standard","has-post-thumbnail","hentry","category-aire-acondicionado","category-blog","category-climatizacion","category-instalacion-aire-acondicionado"],"aioseo_notices":[],"aioseo_head":"\n\t\t<!-- All in One SEO 5.0.1.1 - aioseo.com -->\n\t<meta name=\"description\" content=\"Bienvenido un d\u00eda m\u00e1s al blog de Pujol Clima, tu empresa especialista en la instalaci\u00f3n y la venta de aire acondicionados en Sabadell. En la nueva entrada de hoy nos queremos dirigir a todos los que sufr\u00eds alg\u00fan tipo de alergia, ya que con el buen uso de tu aire acondicionado de tu casa de\" \/>\n\t<meta name=\"robots\" content=\"max-image-preview:large\" \/>\n\t<meta name=\"author\" content=\"soporte\"\/>\n\t<link rel=\"canonical\" href=\"https:\/\/pujolclima.com\/ca\/ayuda-aire-acondicionado-combatir-la-alergia\/\" \/>\n\t<meta name=\"generator\" content=\"All in One SEO (AIOSEO) 5.0.1.1\" \/>\n\t\t<meta property=\"og:locale\" content=\"ca_ES\" \/>\n\t\t<meta property=\"og:site_name\" content=\"Pujolclima. Expertos en climatizaci\u00f3n - Expertos en climatizaci\u00f3n para hogares y empresas. Instalaci\u00f3n, mantenimiento y reparaci\u00f3n de aire acondicionado y calefacci\u00f3n con tecnolog\u00eda eficiente, servicio r\u00e1pido y el mejor confort\u00a0garantizado.\" \/>\n\t\t<meta property=\"og:type\" content=\"article\" \/>\n\t\t<meta property=\"og:title\" content=\"C\u00f3mo ayuda el aire acondicionado a combatir la alergia - Pujolclima. Expertos en climatizaci\u00f3n\" \/>\n\t\t<meta property=\"og:description\" content=\"Bienvenido un d\u00eda m\u00e1s al blog de Pujol Clima, tu empresa especialista en la instalaci\u00f3n y la venta de aire acondicionados en Sabadell. En la nueva entrada de hoy nos queremos dirigir a todos los que sufr\u00eds alg\u00fan tipo de alergia, ya que con el buen uso de tu aire acondicionado de tu casa de\" \/>\n\t\t<meta property=\"og:url\" content=\"https:\/\/pujolclima.com\/ca\/ayuda-aire-acondicionado-combatir-la-alergia\/\" \/>\n\t\t<meta property=\"og:image\" content=\"https:\/\/pujolclima.com\/wp-content\/uploads\/2025\/03\/cropped-PujolCLIMA-VECTOR-1.png\" \/>\n\t\t<meta property=\"og:image:secure_url\" content=\"https:\/\/pujolclima.com\/wp-content\/uploads\/2025\/03\/cropped-PujolCLIMA-VECTOR-1.png\" \/>\n\t\t<meta property=\"article:published_time\" content=\"2017-04-04T13:18:45+00:00\" \/>\n\t\t<meta property=\"article:modified_time\" content=\"2017-04-04T13:18:45+00:00\" \/>\n\t\t<meta name=\"twitter:card\" content=\"summary_large_image\" \/>\n\t\t<meta name=\"twitter:title\" content=\"C\u00f3mo ayuda el aire acondicionado a combatir la alergia - Pujolclima. Expertos en climatizaci\u00f3n\" \/>\n\t\t<meta name=\"twitter:description\" content=\"Bienvenido un d\u00eda m\u00e1s al blog de Pujol Clima, tu empresa especialista en la instalaci\u00f3n y la venta de aire acondicionados en Sabadell. En la nueva entrada de hoy nos queremos dirigir a todos los que sufr\u00eds alg\u00fan tipo de alergia, ya que con el buen uso de tu aire acondicionado de tu casa de\" \/>\n\t\t<meta name=\"twitter:image\" content=\"https:\/\/pujolclima.com\/wp-content\/uploads\/2025\/03\/cropped-PujolCLIMA-VECTOR-1.png\" \/>\n\t\t<script type=\"application\/ld+json\" class=\"aioseo-schema\">\n\t\t\t{\"@context\":\"https:\\\/\\\/schema.org\",\"@graph\":[{\"@type\":\"BlogPosting\",\"@id\":\"https:\\\/\\\/pujolclima.com\\\/ca\\\/ayuda-aire-acondicionado-combatir-la-alergia\\\/#blogposting\",\"name\":\"C\\u00f3mo ayuda el aire acondicionado a combatir la alergia - Pujolclima. Expertos en climatizaci\\u00f3n\",\"headline\":\"C\\u00f3mo ayuda el aire acondicionado a combatir la alergia\",\"author\":{\"@id\":\"https:\\\/\\\/pujolclima.com\\\/ca\\\/author\\\/soporte\\\/#author\"},\"publisher\":{\"@id\":\"https:\\\/\\\/pujolclima.com\\\/ca\\\/#organization\"},\"image\":{\"@type\":\"ImageObject\",\"url\":\"https:\\\/\\\/pujolclima.com\\\/wp-content\\\/uploads\\\/2017\\\/05\\\/Aire-acondicionado-Sabadell-e1491299400647.png\",\"width\":1024,\"height\":682},\"datePublished\":\"2017-04-04T13:18:45+02:00\",\"dateModified\":\"2017-04-04T13:18:45+02:00\",\"inLanguage\":\"ca\",\"mainEntityOfPage\":{\"@id\":\"https:\\\/\\\/pujolclima.com\\\/ca\\\/ayuda-aire-acondicionado-combatir-la-alergia\\\/#webpage\"},\"isPartOf\":{\"@id\":\"https:\\\/\\\/pujolclima.com\\\/ca\\\/ayuda-aire-acondicionado-combatir-la-alergia\\\/#webpage\"},\"articleSection\":\"Aire Acondicionado, Blog, Climatizaci\\u00f3n, Instalaci\\u00f3n aire acondicionado\"},{\"@type\":\"BreadcrumbList\",\"@id\":\"https:\\\/\\\/pujolclima.com\\\/ca\\\/ayuda-aire-acondicionado-combatir-la-alergia\\\/#breadcrumblist\",\"itemListElement\":[{\"@type\":\"ListItem\",\"@id\":\"https:\\\/\\\/pujolclima.com\\\/ca#listItem\",\"position\":1,\"name\":\"Inicio\",\"item\":\"https:\\\/\\\/pujolclima.com\\\/ca\",\"nextItem\":{\"@type\":\"ListItem\",\"@id\":\"https:\\\/\\\/pujolclima.com\\\/ca\\\/category\\\/blog\\\/#listItem\",\"name\":\"Blog\"}},{\"@type\":\"ListItem\",\"@id\":\"https:\\\/\\\/pujolclima.com\\\/ca\\\/category\\\/blog\\\/#listItem\",\"position\":2,\"name\":\"Blog\",\"item\":\"https:\\\/\\\/pujolclima.com\\\/ca\\\/category\\\/blog\\\/\",\"nextItem\":{\"@type\":\"ListItem\",\"@id\":\"https:\\\/\\\/pujolclima.com\\\/ca\\\/ayuda-aire-acondicionado-combatir-la-alergia\\\/#listItem\",\"name\":\"C\\u00f3mo ayuda el aire acondicionado a combatir la alergia\"},\"previousItem\":{\"@type\":\"ListItem\",\"@id\":\"https:\\\/\\\/pujolclima.com\\\/ca#listItem\",\"name\":\"Inicio\"}},{\"@type\":\"ListItem\",\"@id\":\"https:\\\/\\\/pujolclima.com\\\/ca\\\/ayuda-aire-acondicionado-combatir-la-alergia\\\/#listItem\",\"position\":3,\"name\":\"C\\u00f3mo ayuda el aire acondicionado a combatir la alergia\",\"previousItem\":{\"@type\":\"ListItem\",\"@id\":\"https:\\\/\\\/pujolclima.com\\\/ca\\\/category\\\/blog\\\/#listItem\",\"name\":\"Blog\"}}]},{\"@type\":\"Organization\",\"@id\":\"https:\\\/\\\/pujolclima.com\\\/ca\\\/#organization\",\"name\":\"Pujolclima. Colaborador Oficial de Nedgia\",\"description\":\"Expertos en climatizaci\\u00f3n para hogares y empresas. Instalaci\\u00f3n, mantenimiento y reparaci\\u00f3n de aire acondicionado y calefacci\\u00f3n con tecnolog\\u00eda eficiente, servicio r\\u00e1pido y el mejor confort\\u00a0garantizado.\",\"url\":\"https:\\\/\\\/pujolclima.com\\\/ca\\\/\",\"telephone\":\"+34664582238\",\"logo\":{\"@type\":\"ImageObject\",\"url\":\"https:\\\/\\\/pujolclima.com\\\/wp-content\\\/uploads\\\/2025\\\/03\\\/cropped-PujolCLIMA-VECTOR-1.png\",\"@id\":\"https:\\\/\\\/pujolclima.com\\\/ca\\\/ayuda-aire-acondicionado-combatir-la-alergia\\\/#organizationLogo\",\"width\":1925,\"height\":570},\"image\":{\"@id\":\"https:\\\/\\\/pujolclima.com\\\/ca\\\/ayuda-aire-acondicionado-combatir-la-alergia\\\/#organizationLogo\"}},{\"@type\":\"Person\",\"@id\":\"https:\\\/\\\/pujolclima.com\\\/ca\\\/author\\\/soporte\\\/#author\",\"url\":\"https:\\\/\\\/pujolclima.com\\\/ca\\\/author\\\/soporte\\\/\",\"name\":\"soporte\"},{\"@type\":\"WebPage\",\"@id\":\"https:\\\/\\\/pujolclima.com\\\/ca\\\/ayuda-aire-acondicionado-combatir-la-alergia\\\/#webpage\",\"url\":\"https:\\\/\\\/pujolclima.com\\\/ca\\\/ayuda-aire-acondicionado-combatir-la-alergia\\\/\",\"name\":\"C\\u00f3mo ayuda el aire acondicionado a combatir la alergia - Pujolclima. Expertos en climatizaci\\u00f3n\",\"description\":\"Bienvenido un d\\u00eda m\\u00e1s al blog de Pujol Clima, tu empresa especialista en la instalaci\\u00f3n y la venta de aire acondicionados en Sabadell. En la nueva entrada de hoy nos queremos dirigir a todos los que sufr\\u00eds alg\\u00fan tipo de alergia, ya que con el buen uso de tu aire acondicionado de tu casa de\",\"inLanguage\":\"ca\",\"isPartOf\":{\"@id\":\"https:\\\/\\\/pujolclima.com\\\/ca\\\/#website\"},\"breadcrumb\":{\"@id\":\"https:\\\/\\\/pujolclima.com\\\/ca\\\/ayuda-aire-acondicionado-combatir-la-alergia\\\/#breadcrumblist\"},\"author\":{\"@id\":\"https:\\\/\\\/pujolclima.com\\\/ca\\\/author\\\/soporte\\\/#author\"},\"creator\":{\"@id\":\"https:\\\/\\\/pujolclima.com\\\/ca\\\/author\\\/soporte\\\/#author\"},\"image\":{\"@type\":\"ImageObject\",\"url\":\"https:\\\/\\\/pujolclima.com\\\/wp-content\\\/uploads\\\/2017\\\/05\\\/Aire-acondicionado-Sabadell-e1491299400647.png\",\"@id\":\"https:\\\/\\\/pujolclima.com\\\/ca\\\/ayuda-aire-acondicionado-combatir-la-alergia\\\/#mainImage\",\"width\":1024,\"height\":682},\"primaryImageOfPage\":{\"@id\":\"https:\\\/\\\/pujolclima.com\\\/ca\\\/ayuda-aire-acondicionado-combatir-la-alergia\\\/#mainImage\"},\"datePublished\":\"2017-04-04T13:18:45+02:00\",\"dateModified\":\"2017-04-04T13:18:45+02:00\"},{\"@type\":\"WebSite\",\"@id\":\"https:\\\/\\\/pujolclima.com\\\/ca\\\/#website\",\"url\":\"https:\\\/\\\/pujolclima.com\\\/ca\\\/\",\"name\":\"Pujolclima. Colaborador Gas Natural Fernosa\",\"description\":\"Expertos en climatizaci\\u00f3n para hogares y empresas. Instalaci\\u00f3n, mantenimiento y reparaci\\u00f3n de aire acondicionado y calefacci\\u00f3n con tecnolog\\u00eda eficiente, servicio r\\u00e1pido y el mejor confort\\u00a0garantizado.\",\"inLanguage\":\"ca\",\"publisher\":{\"@id\":\"https:\\\/\\\/pujolclima.com\\\/ca\\\/#organization\"}}]}\n\t\t<\/script>\n\t\t<!-- All in One SEO -->\n\n","aioseo_head_json":{"title":"C\u00f3mo ayuda el aire acondicionado a combatir la alergia - Pujolclima. Expertos en climatizaci\u00f3n","description":"Bienvenido un d\u00eda m\u00e1s al blog de Pujol Clima, tu empresa especialista en la instalaci\u00f3n y la venta de aire acondicionados en Sabadell. En la nueva entrada de hoy nos queremos dirigir a todos los que sufr\u00eds alg\u00fan tipo de alergia, ya que con el buen uso de tu aire acondicionado de tu casa de","canonical_url":"https:\/\/pujolclima.com\/ca\/ayuda-aire-acondicionado-combatir-la-alergia\/","robots":"max-image-preview:large","keywords":"","webmasterTools":{"miscellaneous":""},"schema":{"@context":"https:\/\/schema.org","@graph":[{"@type":"BlogPosting","@id":"https:\/\/pujolclima.com\/ca\/ayuda-aire-acondicionado-combatir-la-alergia\/#blogposting","name":"C\u00f3mo ayuda el aire acondicionado a combatir la alergia - Pujolclima. Expertos en climatizaci\u00f3n","headline":"C\u00f3mo ayuda el aire acondicionado a combatir la alergia","author":{"@id":"https:\/\/pujolclima.com\/ca\/author\/soporte\/#author"},"publisher":{"@id":"https:\/\/pujolclima.com\/ca\/#organization"},"image":{"@type":"ImageObject","url":"https:\/\/pujolclima.com\/wp-content\/uploads\/2017\/05\/Aire-acondicionado-Sabadell-e1491299400647.png","width":1024,"height":682},"datePublished":"2017-04-04T13:18:45+02:00","dateModified":"2017-04-04T13:18:45+02:00","inLanguage":"ca","mainEntityOfPage":{"@id":"https:\/\/pujolclima.com\/ca\/ayuda-aire-acondicionado-combatir-la-alergia\/#webpage"},"isPartOf":{"@id":"https:\/\/pujolclima.com\/ca\/ayuda-aire-acondicionado-combatir-la-alergia\/#webpage"},"articleSection":"Aire Acondicionado, Blog, Climatizaci\u00f3n, Instalaci\u00f3n aire acondicionado"},{"@type":"BreadcrumbList","@id":"https:\/\/pujolclima.com\/ca\/ayuda-aire-acondicionado-combatir-la-alergia\/#breadcrumblist","itemListElement":[{"@type":"ListItem","@id":"https:\/\/pujolclima.com\/ca#listItem","position":1,"name":"Inicio","item":"https:\/\/pujolclima.com\/ca","nextItem":{"@type":"ListItem","@id":"https:\/\/pujolclima.com\/ca\/category\/blog\/#listItem","name":"Blog"}},{"@type":"ListItem","@id":"https:\/\/pujolclima.com\/ca\/category\/blog\/#listItem","position":2,"name":"Blog","item":"https:\/\/pujolclima.com\/ca\/category\/blog\/","nextItem":{"@type":"ListItem","@id":"https:\/\/pujolclima.com\/ca\/ayuda-aire-acondicionado-combatir-la-alergia\/#listItem","name":"C\u00f3mo ayuda el aire acondicionado a combatir la alergia"},"previousItem":{"@type":"ListItem","@id":"https:\/\/pujolclima.com\/ca#listItem","name":"Inicio"}},{"@type":"ListItem","@id":"https:\/\/pujolclima.com\/ca\/ayuda-aire-acondicionado-combatir-la-alergia\/#listItem","position":3,"name":"C\u00f3mo ayuda el aire acondicionado a combatir la alergia","previousItem":{"@type":"ListItem","@id":"https:\/\/pujolclima.com\/ca\/category\/blog\/#listItem","name":"Blog"}}]},{"@type":"Organization","@id":"https:\/\/pujolclima.com\/ca\/#organization","name":"Pujolclima. Colaborador Oficial de Nedgia","description":"Expertos en climatizaci\u00f3n para hogares y empresas. Instalaci\u00f3n, mantenimiento y reparaci\u00f3n de aire acondicionado y calefacci\u00f3n con tecnolog\u00eda eficiente, servicio r\u00e1pido y el mejor confort\u00a0garantizado.","url":"https:\/\/pujolclima.com\/ca\/","telephone":"+34664582238","logo":{"@type":"ImageObject","url":"https:\/\/pujolclima.com\/wp-content\/uploads\/2025\/03\/cropped-PujolCLIMA-VECTOR-1.png","@id":"https:\/\/pujolclima.com\/ca\/ayuda-aire-acondicionado-combatir-la-alergia\/#organizationLogo","width":1925,"height":570},"image":{"@id":"https:\/\/pujolclima.com\/ca\/ayuda-aire-acondicionado-combatir-la-alergia\/#organizationLogo"}},{"@type":"Person","@id":"https:\/\/pujolclima.com\/ca\/author\/soporte\/#author","url":"https:\/\/pujolclima.com\/ca\/author\/soporte\/","name":"soporte"},{"@type":"WebPage","@id":"https:\/\/pujolclima.com\/ca\/ayuda-aire-acondicionado-combatir-la-alergia\/#webpage","url":"https:\/\/pujolclima.com\/ca\/ayuda-aire-acondicionado-combatir-la-alergia\/","name":"C\u00f3mo ayuda el aire acondicionado a combatir la alergia - Pujolclima. Expertos en climatizaci\u00f3n","description":"Bienvenido un d\u00eda m\u00e1s al blog de Pujol Clima, tu empresa especialista en la instalaci\u00f3n y la venta de aire acondicionados en Sabadell. En la nueva entrada de hoy nos queremos dirigir a todos los que sufr\u00eds alg\u00fan tipo de alergia, ya que con el buen uso de tu aire acondicionado de tu casa de","inLanguage":"ca","isPartOf":{"@id":"https:\/\/pujolclima.com\/ca\/#website"},"breadcrumb":{"@id":"https:\/\/pujolclima.com\/ca\/ayuda-aire-acondicionado-combatir-la-alergia\/#breadcrumblist"},"author":{"@id":"https:\/\/pujolclima.com\/ca\/author\/soporte\/#author"},"creator":{"@id":"https:\/\/pujolclima.com\/ca\/author\/soporte\/#author"},"image":{"@type":"ImageObject","url":"https:\/\/pujolclima.com\/wp-content\/uploads\/2017\/05\/Aire-acondicionado-Sabadell-e1491299400647.png","@id":"https:\/\/pujolclima.com\/ca\/ayuda-aire-acondicionado-combatir-la-alergia\/#mainImage","width":1024,"height":682},"primaryImageOfPage":{"@id":"https:\/\/pujolclima.com\/ca\/ayuda-aire-acondicionado-combatir-la-alergia\/#mainImage"},"datePublished":"2017-04-04T13:18:45+02:00","dateModified":"2017-04-04T13:18:45+02:00"},{"@type":"WebSite","@id":"https:\/\/pujolclima.com\/ca\/#website","url":"https:\/\/pujolclima.com\/ca\/","name":"Pujolclima. Colaborador Gas Natural Fernosa","description":"Expertos en climatizaci\u00f3n para hogares y empresas. Instalaci\u00f3n, mantenimiento y reparaci\u00f3n de aire acondicionado y calefacci\u00f3n con tecnolog\u00eda eficiente, servicio r\u00e1pido y el mejor confort\u00a0garantizado.","inLanguage":"ca","publisher":{"@id":"https:\/\/pujolclima.com\/ca\/#organization"}}]},"og:locale":"ca_ES","og:site_name":"Pujolclima. Expertos en climatizaci\u00f3n - Expertos en climatizaci\u00f3n para hogares y empresas. Instalaci\u00f3n, mantenimiento y reparaci\u00f3n de aire acondicionado y calefacci\u00f3n con tecnolog\u00eda eficiente, servicio r\u00e1pido y el mejor confort\u00a0garantizado.","og:type":"article","og:title":"C\u00f3mo ayuda el aire acondicionado a combatir la alergia - Pujolclima. Expertos en climatizaci\u00f3n","og:description":"Bienvenido un d\u00eda m\u00e1s al blog de Pujol Clima, tu empresa especialista en la instalaci\u00f3n y la venta de aire acondicionados en Sabadell. En la nueva entrada de hoy nos queremos dirigir a todos los que sufr\u00eds alg\u00fan tipo de alergia, ya que con el buen uso de tu aire acondicionado de tu casa de","og:url":"https:\/\/pujolclima.com\/ca\/ayuda-aire-acondicionado-combatir-la-alergia\/","og:image":"https:\/\/pujolclima.com\/wp-content\/uploads\/2025\/03\/cropped-PujolCLIMA-VECTOR-1.png","og:image:secure_url":"https:\/\/pujolclima.com\/wp-content\/uploads\/2025\/03\/cropped-PujolCLIMA-VECTOR-1.png","article:published_time":"2017-04-04T13:18:45+00:00","article:modified_time":"2017-04-04T13:18:45+00:00","twitter:card":"summary_large_image","twitter:title":"C\u00f3mo ayuda el aire acondicionado a combatir la alergia - Pujolclima. Expertos en climatizaci\u00f3n","twitter:description":"Bienvenido un d\u00eda m\u00e1s al blog de Pujol Clima, tu empresa especialista en la instalaci\u00f3n y la venta de aire acondicionados en Sabadell. En la nueva entrada de hoy nos queremos dirigir a todos los que sufr\u00eds alg\u00fan tipo de alergia, ya que con el buen uso de tu aire acondicionado de tu casa de","twitter:image":"https:\/\/pujolclima.com\/wp-content\/uploads\/2025\/03\/cropped-PujolCLIMA-VECTOR-1.png"},"aioseo_meta_data":{"post_id":"1840","title":null,"description":null,"keywords":null,"keyphrases":null,"primary_term":null,"canonical_url":null,"og_title":null,"og_description":null,"og_object_type":"default","og_image_type":"default","og_image_url":null,"og_image_width":null,"og_image_height":null,"og_image_custom_url":null,"og_image_custom_fields":null,"og_video":null,"og_custom_url":null,"og_article_section":null,"og_article_tags":null,"twitter_use_og":false,"twitter_card":"default","twitter_image_type":"default","twitter_image_url":null,"twitter_image_custom_url":null,"twitter_image_custom_fields":null,"twitter_title":null,"twitter_description":null,"schema":{"blockGraphs":[],"customGraphs":[],"default":{"data":{"Article":[],"Course":[],"Dataset":[],"FAQPage":[],"Movie":[],"Person":[],"Product":[],"ProductReview":[],"Car":[],"Recipe":[],"Service":[],"SoftwareApplication":[],"WebPage":[]},"graphName":"","isEnabled":true},"graphs":[]},"schema_type":"default","schema_type_options":null,"pillar_content":false,"robots_default":true,"robots_noindex":false,"robots_noarchive":false,"robots_nosnippet":false,"robots_nofollow":false,"robots_noimageindex":false,"robots_noodp":false,"robots_notranslate":false,"robots_max_snippet":null,"robots_max_videopreview":null,"robots_max_imagepreview":"large","priority":null,"frequency":null,"local_seo":null,"breadcrumb_settings":null,"limit_modified_date":false,"ai":null,"created":"2024-06-13 09:23:48","updated":"2025-07-08 08:52:01","focus_keyword":null,"additional_keywords":null,"truseo_locale":null,"seo_analyzer_scan_date":null},"aioseo_breadcrumb":"<div class=\"aioseo-breadcrumbs\"><span class=\"aioseo-breadcrumb\">\n\t\t\t<a href=\"https:\/\/pujolclima.com\/ca\" title=\"Inicio\">Inicio<\/a>\n\t\t<\/span><span class=\"aioseo-breadcrumb-separator\">&raquo;<\/span><span class=\"aioseo-breadcrumb\">\n\t\t\t<a href=\"https:\/\/pujolclima.com\/ca\/category\/blog\/\" title=\"Blog\">Blog<\/a>\n\t\t<\/span><span class=\"aioseo-breadcrumb-separator\">&raquo;<\/span><span class=\"aioseo-breadcrumb\">\n\t\t\tC\u00f3mo ayuda el aire acondicionado a combatir la alergia\n\t\t<\/span><\/div>","aioseo_breadcrumb_json":[{"label":"Inicio","link":"https:\/\/pujolclima.com\/ca"},{"label":"Blog","link":"https:\/\/pujolclima.com\/ca\/category\/blog\/"},{"label":"C\u00f3mo ayuda el aire acondicionado a combatir la alergia","link":"https:\/\/pujolclima.com\/ca\/ayuda-aire-acondicionado-combatir-la-alergia\/"}],"taxonomy_info":{"category":[{"value":59,"label":"Aire Acondicionado"},{"value":48,"label":"Blog"},{"value":69,"label":"Climatizaci\u00f3n"},{"value":70,"label":"Instalaci\u00f3n aire acondicionado"}]},"featured_image_src_large":["https:\/\/pujolclima.com\/wp-content\/uploads\/2017\/05\/Aire-acondicionado-Sabadell-e1491299400647.png",1024,682,false],"author_info":{"display_name":"soporte","author_link":"https:\/\/pujolclima.com\/ca\/author\/soporte\/"},"comment_info":0,"category_info":[{"term_id":59,"name":"Aire Acondicionado","slug":"aire-acondicionado","term_group":0,"term_taxonomy_id":59,"taxonomy":"category","description":"","parent":0,"count":55,"filter":"raw","term_order":"12","cat_ID":59,"category_count":55,"category_description":"","cat_name":"Aire Acondicionado","category_nicename":"aire-acondicionado","category_parent":0},{"term_id":48,"name":"Blog","slug":"blog","term_group":0,"term_taxonomy_id":48,"taxonomy":"category","description":"","parent":0,"count":83,"filter":"raw","term_order":"13","cat_ID":48,"category_count":83,"category_description":"","cat_name":"Blog","category_nicename":"blog","category_parent":0},{"term_id":69,"name":"Climatizaci\u00f3n","slug":"climatizacion","term_group":0,"term_taxonomy_id":69,"taxonomy":"category","description":"","parent":0,"count":38,"filter":"raw","term_order":"11","cat_ID":69,"category_count":38,"category_description":"","cat_name":"Climatizaci\u00f3n","category_nicename":"climatizacion","category_parent":0},{"term_id":70,"name":"Instalaci\u00f3n aire acondicionado","slug":"instalacion-aire-acondicionado","term_group":0,"term_taxonomy_id":70,"taxonomy":"category","description":"","parent":0,"count":28,"filter":"raw","term_order":"10","cat_ID":70,"category_count":28,"category_description":"","cat_name":"Instalaci\u00f3n aire acondicionado","category_nicename":"instalacion-aire-acondicionado","category_parent":0}],"tag_info":false,"_links":{"self":[{"href":"https:\/\/pujolclima.com\/ca\/wp-json\/wp\/v2\/posts\/1840","targetHints":{"allow":["GET"]}}],"collection":[{"href":"https:\/\/pujolclima.com\/ca\/wp-json\/wp\/v2\/posts"}],"about":[{"href":"https:\/\/pujolclima.com\/ca\/wp-json\/wp\/v2\/types\/post"}],"author":[{"embeddable":true,"href":"https:\/\/pujolclima.com\/ca\/wp-json\/wp\/v2\/users\/2"}],"replies":[{"embeddable":true,"href":"https:\/\/pujolclima.com\/ca\/wp-json\/wp\/v2\/comments?post=1840"}],"version-history":[{"count":0,"href":"https:\/\/pujolclima.com\/ca\/wp-json\/wp\/v2\/posts\/1840\/revisions"}],"wp:featuredmedia":[{"embeddable":true,"href":"https:\/\/pujolclima.com\/ca\/wp-json\/wp\/v2\/media\/1842"}],"wp:attachment":[{"href":"https:\/\/pujolclima.com\/ca\/wp-json\/wp\/v2\/media?parent=1840"}],"wp:term":[{"taxonomy":"category","embeddable":true,"href":"https:\/\/pujolclima.com\/ca\/wp-json\/wp\/v2\/categories?post=1840"},{"taxonomy":"post_tag","embeddable":true,"href":"https:\/\/pujolclima.com\/ca\/wp-json\/wp\/v2\/tags?post=1840"}],"curies":[{"name":"wp","href":"https:\/\/api.w.org\/{rel}","templated":true}]}}