{"id":2256,"date":"2017-09-13T10:42:12","date_gmt":"2017-09-13T10:42:12","guid":{"rendered":"https:\/\/pujolclima.com\/?p=2256"},"modified":"2017-09-13T10:42:12","modified_gmt":"2017-09-13T10:42:12","slug":"utilizar-el-aire-acondicionado-en-invierno","status":"publish","type":"post","link":"https:\/\/pujolclima.com\/ca\/utilizar-el-aire-acondicionado-en-invierno\/","title":{"rendered":"Utilitzeu l&#039;aire condicionat a l&#039;hivern"},"content":{"rendered":"<p align=\"justify\">Benvingut un dia m\u00e9s al bloc de Pujol Clima, la teva empresa de climatitzaci\u00f3 de confian\u00e7a de <strong>Sabadell<\/strong>. A la nova entrada d&#039;avui parlarem sobre com podem utilitzar el nostre equip de <strong>aire condicionat<\/strong> tamb\u00e9 a l&#039;hivern per tenir el m\u00e0xim confort al nostre habitatge de <strong>Sabadell<\/strong>.<\/p>\n<p align=\"justify\">El nostre equip de <strong>aire condicionat<\/strong> \u00e9s perfecte tant per variar la temperatura, com per millorar la qualitat del <strong>aire<\/strong> que hi ha al nostre habitatge de <strong>Sabadell<\/strong>, aix\u00ed aconseguim un confort \u00f2ptim.<\/p>\n<p align=\"justify\">Mai no est\u00e0 de m\u00e9s, a l&#039;hora d&#039;adquirir un nou equip de <strong>aire condicionat<\/strong> per al nostre habitatge de <strong>Sabadell<\/strong>, parar atenci\u00f3 a factors com el consum energ\u00e8tic o la pot\u00e8ncia, aix\u00ed ens assegurem que respecti el medi ambient sense deixar de donar-nos la comoditat que necessitem al nostre habitatge de <strong>Sabadell<\/strong>.<\/p>\n<h2>Com cal mantenir l&#039;ambient c\u00e0lid a l&#039;hivern?<\/h2>\n<p align=\"justify\">Per obtenir una temperatura en qu\u00e8 ens trobem a gust a l&#039;hivern, hem de col\u00b7locar el <strong>aire condicionat<\/strong> entre 22 i 25 graus. Hem de tenir en compte que per cada grau que pugem, el consum augmenta un 8%.<\/p>\n<p align=\"justify\"><img loading=\"lazy\" decoding=\"async\" class=\"wp-image-2258 alignright\" src=\"https:\/\/pujolclima.com\/wp-content\/uploads\/2017\/09\/Imagen2.png\" alt=\"\" width=\"411\" height=\"274\" srcset=\"https:\/\/pujolclima.com\/wp-content\/uploads\/2017\/09\/Imagen2.png 978w, https:\/\/pujolclima.com\/wp-content\/uploads\/2017\/09\/Imagen2-300x200.png 300w, https:\/\/pujolclima.com\/wp-content\/uploads\/2017\/09\/Imagen2-768x511.png 768w\" sizes=\"auto, (max-width: 411px) 100vw, 411px\" \/>Si no estem al nostre habitatge de <strong>Sabadell<\/strong> durant el dia, podem programar-ho una hora abans perqu\u00e8 quan arribem, el nostre habitatge de <strong>Sabadell<\/strong> sigui qualitat i confortable. D&#039;aquesta manera no haurem de posar el <strong>aire condicionat<\/strong> a temperatures molt altes de cop, ja que s&#039;anir\u00e0 escalfant a poc a poc una hora abans que arribem.<\/p>\n<p align=\"justify\">Tamb\u00e9, hem de col\u00b7locar el deflector de <strong>aire<\/strong> en posici\u00f3 vertical, \u00e9s a dir, cap avall, aix\u00f2 ajudar\u00e0 a evitar que el <strong>aire<\/strong> calenta que surt del nostre <strong>aire condicionat<\/strong> de <strong>Sabadell<\/strong> romangui nom\u00e9s a la part superior de l&#039;habitaci\u00f3 i la calenta tota d&#039;una manera m\u00e9s uniforme.<\/p>\n<p align=\"justify\">Podem tenir portes i finestres tancades de l&#039;habitaci\u00f3 que vulguem escalfar, aix\u00ed s&#039;escalfar\u00e0 m\u00e9s r\u00e0pid i es mantindr\u00e0 una temperatura agradable i \u00f2ptima molt m\u00e9s temps sense necessitat de posar el <strong>aire condicionat<\/strong> a una temperatura molt elevada ni durant molt de temps.<\/p>\n<p align=\"justify\">En cas que necessitem ventilar les habitacions del nostre habitatge de <strong>Sabadell<\/strong>, la millor opci\u00f3 \u00e9s fer-ho al mig dia i durant no m\u00e9s de deu minuts, aix\u00ed escollim l&#039;hora en la qual far\u00e0 menys fred i no donem temps que surti el <strong>aire<\/strong> calenta del nostre <strong>aire<\/strong> <strong>condicionat<\/strong> de <strong>Sabadell<\/strong>.<\/p>\n<p align=\"justify\">Finalment, hem de saber que el manteniment dels equips de <strong>aire condicionat<\/strong> augmenta la seva vida \u00fatil alhora que estalvia energia. Si netegem els filtres del <strong>aire<\/strong> cada dos mesos i exteriorment una vegada a l&#039;any, farem que el nostre <strong>aire condicionat<\/strong> estigui en perfectes condicions i tingui una vida \u00fatil m\u00e9s llarga.<\/p>","protected":false},"excerpt":{"rendered":"<p>Benvingut un dia m\u00e9s al bloc de Pujol Clima, la teva empresa de climatitzaci\u00f3 de confian\u00e7a de Sabadell. A la nova entrada d&#039;avui parlarem sobre\u2026<\/p>","protected":false},"author":2,"featured_media":2260,"comment_status":"closed","ping_status":"open","sticky":false,"template":"","format":"standard","meta":{"_kad_blocks_custom_css":"","_kad_blocks_head_custom_js":"","_kad_blocks_body_custom_js":"","_kad_blocks_footer_custom_js":"","_kadence_starter_templates_imported_post":false,"_kad_post_transparent":"","_kad_post_title":"","_kad_post_layout":"","_kad_post_sidebar_id":"","_kad_post_content_style":"","_kad_post_vertical_padding":"","_kad_post_feature":"","_kad_post_feature_position":"","_kad_post_header":false,"_kad_post_footer":false,"_joinchat":[],"footnotes":""},"categories":[59,48,69],"tags":[98,65,99,61,127,128,84,107,96,90,50],"class_list":["post-2256","post","type-post","status-publish","format-standard","has-post-thumbnail","hentry","category-aire-acondicionado","category-blog","category-climatizacion","tag-acondicionado","tag-ahorro-energetico","tag-aire","tag-aire-acondicionado-domestico","tag-aire-acondicionado-invierno","tag-aire-acondicionado-sabadell","tag-limpieza-de-filtros","tag-mantenimiento","tag-mantenimiento-aire-acondicionado","tag-mantenimiento-preventivo","tag-sabadell"],"aioseo_notices":[],"taxonomy_info":{"category":[{"value":59,"label":"Aire Acondicionado"},{"value":48,"label":"Blog"},{"value":69,"label":"Climatizaci\u00f3n"}],"post_tag":[{"value":98,"label":"acondicionado"},{"value":65,"label":"Ahorro energetico"},{"value":99,"label":"aire"},{"value":61,"label":"Aire acondicionado domestico"},{"value":127,"label":"aire acondicionado invierno"},{"value":128,"label":"aire acondicionado Sabadell"},{"value":84,"label":"Limpieza de filtros"},{"value":107,"label":"mantenimiento"},{"value":96,"label":"mantenimiento aire acondicionado"},{"value":90,"label":"mantenimiento preventivo"},{"value":50,"label":"Sabadell"}]},"featured_image_src_large":["https:\/\/pujolclima.com\/wp-content\/uploads\/2017\/09\/Imagen1-1.png",1024,540,false],"author_info":{"display_name":"soporte","author_link":"https:\/\/pujolclima.com\/ca\/author\/soporte\/"},"comment_info":0,"category_info":[{"term_id":59,"name":"Aire Acondicionado","slug":"aire-acondicionado","term_group":0,"term_taxonomy_id":59,"taxonomy":"category","description":"","parent":0,"count":55,"filter":"raw","term_order":"12","cat_ID":59,"category_count":55,"category_description":"","cat_name":"Aire Acondicionado","category_nicename":"aire-acondicionado","category_parent":0},{"term_id":48,"name":"Blog","slug":"blog","term_group":0,"term_taxonomy_id":48,"taxonomy":"category","description":"","parent":0,"count":83,"filter":"raw","term_order":"13","cat_ID":48,"category_count":83,"category_description":"","cat_name":"Blog","category_nicename":"blog","category_parent":0},{"term_id":69,"name":"Climatizaci\u00f3n","slug":"climatizacion","term_group":0,"term_taxonomy_id":69,"taxonomy":"category","description":"","parent":0,"count":38,"filter":"raw","term_order":"11","cat_ID":69,"category_count":38,"category_description":"","cat_name":"Climatizaci\u00f3n","category_nicename":"climatizacion","category_parent":0}],"tag_info":[{"term_id":98,"name":"acondicionado","slug":"acondicionado","term_group":0,"term_taxonomy_id":98,"taxonomy":"post_tag","description":"","parent":0,"count":7,"filter":"raw","term_order":"0"},{"term_id":65,"name":"Ahorro energetico","slug":"ahorro-energetico","term_group":0,"term_taxonomy_id":65,"taxonomy":"post_tag","description":"","parent":0,"count":17,"filter":"raw","term_order":"0"},{"term_id":99,"name":"aire","slug":"aire","term_group":0,"term_taxonomy_id":99,"taxonomy":"post_tag","description":"","parent":0,"count":12,"filter":"raw","term_order":"0"},{"term_id":61,"name":"Aire acondicionado domestico","slug":"aire-acondicionado-domestico","term_group":0,"term_taxonomy_id":61,"taxonomy":"post_tag","description":"","parent":0,"count":28,"filter":"raw","term_order":"0"},{"term_id":127,"name":"aire acondicionado invierno","slug":"aire-acondicionado-invierno","term_group":0,"term_taxonomy_id":127,"taxonomy":"post_tag","description":"","parent":0,"count":2,"filter":"raw","term_order":"0"},{"term_id":128,"name":"aire acondicionado Sabadell","slug":"aire-acondicionado-sabadell","term_group":0,"term_taxonomy_id":128,"taxonomy":"post_tag","description":"","parent":0,"count":2,"filter":"raw","term_order":"0"},{"term_id":84,"name":"Limpieza de filtros","slug":"limpieza-de-filtros","term_group":0,"term_taxonomy_id":84,"taxonomy":"post_tag","description":"","parent":0,"count":8,"filter":"raw","term_order":"0"},{"term_id":107,"name":"mantenimiento","slug":"mantenimiento","term_group":0,"term_taxonomy_id":107,"taxonomy":"post_tag","description":"","parent":0,"count":11,"filter":"raw","term_order":"0"},{"term_id":96,"name":"mantenimiento aire acondicionado","slug":"mantenimiento-aire-acondicionado","term_group":0,"term_taxonomy_id":96,"taxonomy":"post_tag","description":"","parent":0,"count":13,"filter":"raw","term_order":"0"},{"term_id":90,"name":"mantenimiento preventivo","slug":"mantenimiento-preventivo","term_group":0,"term_taxonomy_id":90,"taxonomy":"post_tag","description":"","parent":0,"count":7,"filter":"raw","term_order":"0"},{"term_id":50,"name":"Sabadell","slug":"sabadell","term_group":0,"term_taxonomy_id":50,"taxonomy":"post_tag","description":"","parent":0,"count":17,"filter":"raw","term_order":"0"}],"_links":{"self":[{"href":"https:\/\/pujolclima.com\/ca\/wp-json\/wp\/v2\/posts\/2256","targetHints":{"allow":["GET"]}}],"collection":[{"href":"https:\/\/pujolclima.com\/ca\/wp-json\/wp\/v2\/posts"}],"about":[{"href":"https:\/\/pujolclima.com\/ca\/wp-json\/wp\/v2\/types\/post"}],"author":[{"embeddable":true,"href":"https:\/\/pujolclima.com\/ca\/wp-json\/wp\/v2\/users\/2"}],"replies":[{"embeddable":true,"href":"https:\/\/pujolclima.com\/ca\/wp-json\/wp\/v2\/comments?post=2256"}],"version-history":[{"count":0,"href":"https:\/\/pujolclima.com\/ca\/wp-json\/wp\/v2\/posts\/2256\/revisions"}],"wp:featuredmedia":[{"embeddable":true,"href":"https:\/\/pujolclima.com\/ca\/wp-json\/wp\/v2\/media\/2260"}],"wp:attachment":[{"href":"https:\/\/pujolclima.com\/ca\/wp-json\/wp\/v2\/media?parent=2256"}],"wp:term":[{"taxonomy":"category","embeddable":true,"href":"https:\/\/pujolclima.com\/ca\/wp-json\/wp\/v2\/categories?post=2256"},{"taxonomy":"post_tag","embeddable":true,"href":"https:\/\/pujolclima.com\/ca\/wp-json\/wp\/v2\/tags?post=2256"}],"curies":[{"name":"wp","href":"https:\/\/api.w.org\/{rel}","templated":true}]}}