{"id":2810,"date":"2021-10-21T19:16:12","date_gmt":"2021-10-21T19:16:12","guid":{"rendered":"https:\/\/pujolclima.com\/?p=2810"},"modified":"2025-04-02T18:08:54","modified_gmt":"2025-04-02T16:08:54","slug":"cuando-es-necesario-realizar-una-carga-de-aire-acondicionado","status":"publish","type":"post","link":"https:\/\/pujolclima.com\/ca\/cuando-es-necesario-realizar-una-carga-de-aire-acondicionado\/","title":{"rendered":"Quan cal fer una c\u00e0rrega d&#039;aire condicionat?"},"content":{"rendered":"<p style=\"text-align: justify;\">Els aires condicionats de la llar compten amb un circuit tancat de gas refrigerant que, a difer\u00e8ncia del que passa als vehicles, permet que no calgui recarregar-los, gaudint d&#039;una llarga vida \u00fatil i funcionant amb un alt rendiment. No obstant aix\u00f2, poden existir avaries que provoquin que sigui necessari comptar amb una empresa especialitzada del sector per fer-ne una <a href=\"https:\/\/pujolclima.com\/ca\/mantenimiento\/mantenimiento-preventivo\/mantenimiento-aire-acondicionado\/\"><strong>c\u00e0rrega d&#039;aire condicionat<\/strong><\/a>.<\/p>\n<p style=\"text-align: justify;\">Quan un aparell d&#039;aire condicionat deixa de refredar, cal revisar les possibles causes que provoquin la decisi\u00f3. Per aix\u00f2, el m\u00e9s recomanable \u00e9s comptar amb els serveis d&#039;una empresa especialitzada perqu\u00e8 faci un diagn\u00f2stic adequat que permeti verificar quines s\u00f3n les causes de l&#039;avaria i aconseguir aix\u00ed una correcta reparaci\u00f3.<\/p>\n<p style=\"text-align: justify;\">Per tant, primer s&#039;han de descartar les causes m\u00e9s comunes que solen provocar una fallada en el sistema de refrigeraci\u00f3 de l&#039;aparell, sent una de les avaries m\u00e9s habituals una fallada o obstrucci\u00f3 als filtres que no permeti un pas i distribuci\u00f3 de l&#039;aire correcte.<\/p>\n<p style=\"text-align: justify;\">Si els filtres funcionen adequadament, el pas seg\u00fcent \u00e9s comprovar el condensador. Es tracta d&#039;un dels errors que m\u00e9s habitualment se solen trobar les empreses especialitzades del sector en els aparells d&#039;aire condicionat, de manera que comprovar-ne el funcionament correcte \u00e9s un dels serveis habituals de les empreses especialitzades del factor.<\/p>\n<p style=\"text-align: justify;\">Si tot aix\u00f2 funciona correctament, llavors probablement es tracta d&#039;una fuita de gas refrigerant, de manera que cal fer-ne una <strong>c\u00e0rrega d&#039;aire condicionat<\/strong>, dut a terme per les empreses especialitzades del sector mitjan\u00e7ant operaris professionals altament qualificats, ja que \u00e9s un proc\u00e9s delicat.<\/p>\n<h2 style=\"text-align: justify;\"><img loading=\"lazy\" decoding=\"async\" class=\"size-full wp-image-2812 aligncenter\" src=\"https:\/\/pujolclima.com\/wp-content\/uploads\/2021\/10\/carga-aire-acondicionado-1.jpg\" alt=\"\" width=\"640\" height=\"427\" srcset=\"https:\/\/pujolclima.com\/wp-content\/uploads\/2021\/10\/carga-aire-acondicionado-1.jpg 640w, https:\/\/pujolclima.com\/wp-content\/uploads\/2021\/10\/carga-aire-acondicionado-1-300x200.jpg 300w\" sizes=\"auto, (max-width: 640px) 100vw, 640px\" \/><\/h2>\n<h2 style=\"text-align: justify;\">La c\u00e0rrega d&#039;aire condicionat ha de ser realitzada per operaris qualificats<\/h2>\n<p style=\"text-align: justify;\">Per aix\u00f2 hem de contactar amb una empresa especialitzada en <strong>c\u00e0rrega d&#039;aire condicionat<\/strong> i demanar un pressupost, assegurant-nos aix\u00ed que la reparaci\u00f3 s&#039;ajusta a les nostres necessitats i garantint uns resultats satisfactoris que permetin solucionar l&#039;avaria de manera permanent.<\/p>\n<p style=\"text-align: justify;\">La reparaci\u00f3 d&#039;aquest tipus de fuites \u00e9s totalment imprescindible des d&#039;un punt de vista de seguretat, alhora que permet que aquesta avaria no causi un deteriorament m\u00e9s gran a l&#039;aparell d&#039;aire condicionat, cosa que causaria una despesa econ\u00f2mica m\u00e9s gran per al propietari del mateix.<\/p>\n<p style=\"text-align: justify;\">Aquest \u00e9s un punt important, ja que les fuites de gas refrigerant provoquen un mal rendiment de l&#039;aparell d&#039;aire condicionat, cosa que deriva en una despesa energ\u00e8tica i per tant econ\u00f2mica m\u00e9s gran per al seu funcionament, sense aconseguir igualment que el sistema de refrigeraci\u00f3 tingui un rendiment adequat, de manera que una <strong>c\u00e0rrega d&#039;aire condicionat<\/strong> solucionar\u00e0 els problemes de climatitzaci\u00f3 i permetr\u00e0 un estalvi econ\u00f2mic notable per al client.<\/p>","protected":false},"excerpt":{"rendered":"<p>Els aires condicionats de la llar compten amb un circuit tancat de gas refrigerant que, a difer\u00e8ncia del que passa als vehicles, permet que\u2026<\/p>","protected":false},"author":2,"featured_media":2811,"comment_status":"closed","ping_status":"closed","sticky":false,"template":"","format":"standard","meta":{"_kad_blocks_custom_css":"","_kad_blocks_head_custom_js":"","_kad_blocks_body_custom_js":"","_kad_blocks_footer_custom_js":"","_kadence_starter_templates_imported_post":false,"_kad_post_transparent":"","_kad_post_title":"","_kad_post_layout":"","_kad_post_sidebar_id":"","_kad_post_content_style":"","_kad_post_vertical_padding":"","_kad_post_feature":"","_kad_post_feature_position":"","_kad_post_header":false,"_kad_post_footer":false,"_kad_post_classname":"","_joinchat":[],"footnotes":""},"categories":[59,55],"tags":[211],"class_list":["post-2810","post","type-post","status-publish","format-standard","has-post-thumbnail","hentry","category-aire-acondicionado","category-mantenimiento-aire-acondicionado","tag-carga-aire-acondicionado"],"aioseo_notices":[],"aioseo_head":"\n\t\t<!-- All in One SEO 5.0.1.1 - aioseo.com -->\n\t<meta name=\"description\" content=\"Los aires acondicionados del hogar cuentan con un circuito cerrado de gas refrigerante que, a diferencia de lo que ocurre en los veh\u00edculos, permite que no sea necesario recargarlos, gozando de una larga vida \u00fatil y funcionando con un alto rendimiento. Sin embargo, pueden existir aver\u00edas que provoquen que sea necesario contar con una empresa\" \/>\n\t<meta name=\"robots\" content=\"max-image-preview:large\" \/>\n\t<meta name=\"author\" content=\"soporte\"\/>\n\t<link rel=\"canonical\" href=\"https:\/\/pujolclima.com\/ca\/cuando-es-necesario-realizar-una-carga-de-aire-acondicionado\/\" \/>\n\t<meta name=\"generator\" content=\"All in One SEO (AIOSEO) 5.0.1.1\" \/>\n\t\t<meta property=\"og:locale\" content=\"ca_ES\" \/>\n\t\t<meta property=\"og:site_name\" content=\"Pujolclima. Expertos en climatizaci\u00f3n - Expertos en climatizaci\u00f3n para hogares y empresas. Instalaci\u00f3n, mantenimiento y reparaci\u00f3n de aire acondicionado y calefacci\u00f3n con tecnolog\u00eda eficiente, servicio r\u00e1pido y el mejor confort\u00a0garantizado.\" \/>\n\t\t<meta property=\"og:type\" content=\"article\" \/>\n\t\t<meta property=\"og:title\" content=\"\u00bfCu\u00e1ndo es necesario realizar una carga de aire acondicionado? - Pujolclima. Expertos en climatizaci\u00f3n\" \/>\n\t\t<meta property=\"og:description\" content=\"Los aires acondicionados del hogar cuentan con un circuito cerrado de gas refrigerante que, a diferencia de lo que ocurre en los veh\u00edculos, permite que no sea necesario recargarlos, gozando de una larga vida \u00fatil y funcionando con un alto rendimiento. Sin embargo, pueden existir aver\u00edas que provoquen que sea necesario contar con una empresa\" \/>\n\t\t<meta property=\"og:url\" content=\"https:\/\/pujolclima.com\/ca\/cuando-es-necesario-realizar-una-carga-de-aire-acondicionado\/\" \/>\n\t\t<meta property=\"og:image\" content=\"https:\/\/pujolclima.com\/wp-content\/uploads\/2025\/03\/cropped-PujolCLIMA-VECTOR-1.png\" \/>\n\t\t<meta property=\"og:image:secure_url\" content=\"https:\/\/pujolclima.com\/wp-content\/uploads\/2025\/03\/cropped-PujolCLIMA-VECTOR-1.png\" \/>\n\t\t<meta property=\"article:published_time\" content=\"2021-10-21T19:16:12+00:00\" \/>\n\t\t<meta property=\"article:modified_time\" content=\"2025-04-02T16:08:54+00:00\" \/>\n\t\t<meta name=\"twitter:card\" content=\"summary_large_image\" \/>\n\t\t<meta name=\"twitter:title\" content=\"\u00bfCu\u00e1ndo es necesario realizar una carga de aire acondicionado? - Pujolclima. Expertos en climatizaci\u00f3n\" \/>\n\t\t<meta name=\"twitter:description\" content=\"Los aires acondicionados del hogar cuentan con un circuito cerrado de gas refrigerante que, a diferencia de lo que ocurre en los veh\u00edculos, permite que no sea necesario recargarlos, gozando de una larga vida \u00fatil y funcionando con un alto rendimiento. Sin embargo, pueden existir aver\u00edas que provoquen que sea necesario contar con una empresa\" \/>\n\t\t<meta name=\"twitter:image\" content=\"https:\/\/pujolclima.com\/wp-content\/uploads\/2025\/03\/cropped-PujolCLIMA-VECTOR-1.png\" \/>\n\t\t<script type=\"application\/ld+json\" class=\"aioseo-schema\">\n\t\t\t{\"@context\":\"https:\\\/\\\/schema.org\",\"@graph\":[{\"@type\":\"BlogPosting\",\"@id\":\"https:\\\/\\\/pujolclima.com\\\/ca\\\/cuando-es-necesario-realizar-una-carga-de-aire-acondicionado\\\/#blogposting\",\"name\":\"\\u00bfCu\\u00e1ndo es necesario realizar una carga de aire acondicionado? - Pujolclima. Expertos en climatizaci\\u00f3n\",\"headline\":\"\\u00bfCu\\u00e1ndo es necesario realizar una carga de aire acondicionado?\",\"author\":{\"@id\":\"https:\\\/\\\/pujolclima.com\\\/ca\\\/author\\\/soporte\\\/#author\"},\"publisher\":{\"@id\":\"https:\\\/\\\/pujolclima.com\\\/ca\\\/#organization\"},\"image\":{\"@type\":\"ImageObject\",\"url\":\"https:\\\/\\\/pujolclima.com\\\/wp-content\\\/uploads\\\/2021\\\/10\\\/carga-aire-acondicionado.jpg\",\"width\":640,\"height\":423},\"datePublished\":\"2021-10-21T19:16:12+02:00\",\"dateModified\":\"2025-04-02T18:08:54+02:00\",\"inLanguage\":\"ca\",\"mainEntityOfPage\":{\"@id\":\"https:\\\/\\\/pujolclima.com\\\/ca\\\/cuando-es-necesario-realizar-una-carga-de-aire-acondicionado\\\/#webpage\"},\"isPartOf\":{\"@id\":\"https:\\\/\\\/pujolclima.com\\\/ca\\\/cuando-es-necesario-realizar-una-carga-de-aire-acondicionado\\\/#webpage\"},\"articleSection\":\"Aire Acondicionado, Mantenimiento aire acondicionado, carga aire acondicionado\"},{\"@type\":\"BreadcrumbList\",\"@id\":\"https:\\\/\\\/pujolclima.com\\\/ca\\\/cuando-es-necesario-realizar-una-carga-de-aire-acondicionado\\\/#breadcrumblist\",\"itemListElement\":[{\"@type\":\"ListItem\",\"@id\":\"https:\\\/\\\/pujolclima.com\\\/ca#listItem\",\"position\":1,\"name\":\"Inicio\",\"item\":\"https:\\\/\\\/pujolclima.com\\\/ca\",\"nextItem\":{\"@type\":\"ListItem\",\"@id\":\"https:\\\/\\\/pujolclima.com\\\/ca\\\/category\\\/mantenimiento-aire-acondicionado\\\/#listItem\",\"name\":\"Mantenimiento aire acondicionado\"}},{\"@type\":\"ListItem\",\"@id\":\"https:\\\/\\\/pujolclima.com\\\/ca\\\/category\\\/mantenimiento-aire-acondicionado\\\/#listItem\",\"position\":2,\"name\":\"Mantenimiento aire acondicionado\",\"item\":\"https:\\\/\\\/pujolclima.com\\\/ca\\\/category\\\/mantenimiento-aire-acondicionado\\\/\",\"nextItem\":{\"@type\":\"ListItem\",\"@id\":\"https:\\\/\\\/pujolclima.com\\\/ca\\\/cuando-es-necesario-realizar-una-carga-de-aire-acondicionado\\\/#listItem\",\"name\":\"\\u00bfCu\\u00e1ndo es necesario realizar una carga de aire acondicionado?\"},\"previousItem\":{\"@type\":\"ListItem\",\"@id\":\"https:\\\/\\\/pujolclima.com\\\/ca#listItem\",\"name\":\"Inicio\"}},{\"@type\":\"ListItem\",\"@id\":\"https:\\\/\\\/pujolclima.com\\\/ca\\\/cuando-es-necesario-realizar-una-carga-de-aire-acondicionado\\\/#listItem\",\"position\":3,\"name\":\"\\u00bfCu\\u00e1ndo es necesario realizar una carga de aire acondicionado?\",\"previousItem\":{\"@type\":\"ListItem\",\"@id\":\"https:\\\/\\\/pujolclima.com\\\/ca\\\/category\\\/mantenimiento-aire-acondicionado\\\/#listItem\",\"name\":\"Mantenimiento aire acondicionado\"}}]},{\"@type\":\"Organization\",\"@id\":\"https:\\\/\\\/pujolclima.com\\\/ca\\\/#organization\",\"name\":\"Pujolclima. Colaborador Oficial de Nedgia\",\"description\":\"Expertos en climatizaci\\u00f3n para hogares y empresas. Instalaci\\u00f3n, mantenimiento y reparaci\\u00f3n de aire acondicionado y calefacci\\u00f3n con tecnolog\\u00eda eficiente, servicio r\\u00e1pido y el mejor confort\\u00a0garantizado.\",\"url\":\"https:\\\/\\\/pujolclima.com\\\/ca\\\/\",\"telephone\":\"+34664582238\",\"logo\":{\"@type\":\"ImageObject\",\"url\":\"https:\\\/\\\/pujolclima.com\\\/wp-content\\\/uploads\\\/2025\\\/03\\\/cropped-PujolCLIMA-VECTOR-1.png\",\"@id\":\"https:\\\/\\\/pujolclima.com\\\/ca\\\/cuando-es-necesario-realizar-una-carga-de-aire-acondicionado\\\/#organizationLogo\",\"width\":1925,\"height\":570},\"image\":{\"@id\":\"https:\\\/\\\/pujolclima.com\\\/ca\\\/cuando-es-necesario-realizar-una-carga-de-aire-acondicionado\\\/#organizationLogo\"}},{\"@type\":\"Person\",\"@id\":\"https:\\\/\\\/pujolclima.com\\\/ca\\\/author\\\/soporte\\\/#author\",\"url\":\"https:\\\/\\\/pujolclima.com\\\/ca\\\/author\\\/soporte\\\/\",\"name\":\"soporte\"},{\"@type\":\"WebPage\",\"@id\":\"https:\\\/\\\/pujolclima.com\\\/ca\\\/cuando-es-necesario-realizar-una-carga-de-aire-acondicionado\\\/#webpage\",\"url\":\"https:\\\/\\\/pujolclima.com\\\/ca\\\/cuando-es-necesario-realizar-una-carga-de-aire-acondicionado\\\/\",\"name\":\"\\u00bfCu\\u00e1ndo es necesario realizar una carga de aire acondicionado? - Pujolclima. Expertos en climatizaci\\u00f3n\",\"description\":\"Los aires acondicionados del hogar cuentan con un circuito cerrado de gas refrigerante que, a diferencia de lo que ocurre en los veh\\u00edculos, permite que no sea necesario recargarlos, gozando de una larga vida \\u00fatil y funcionando con un alto rendimiento. Sin embargo, pueden existir aver\\u00edas que provoquen que sea necesario contar con una empresa\",\"inLanguage\":\"ca\",\"isPartOf\":{\"@id\":\"https:\\\/\\\/pujolclima.com\\\/ca\\\/#website\"},\"breadcrumb\":{\"@id\":\"https:\\\/\\\/pujolclima.com\\\/ca\\\/cuando-es-necesario-realizar-una-carga-de-aire-acondicionado\\\/#breadcrumblist\"},\"author\":{\"@id\":\"https:\\\/\\\/pujolclima.com\\\/ca\\\/author\\\/soporte\\\/#author\"},\"creator\":{\"@id\":\"https:\\\/\\\/pujolclima.com\\\/ca\\\/author\\\/soporte\\\/#author\"},\"image\":{\"@type\":\"ImageObject\",\"url\":\"https:\\\/\\\/pujolclima.com\\\/wp-content\\\/uploads\\\/2021\\\/10\\\/carga-aire-acondicionado.jpg\",\"@id\":\"https:\\\/\\\/pujolclima.com\\\/ca\\\/cuando-es-necesario-realizar-una-carga-de-aire-acondicionado\\\/#mainImage\",\"width\":640,\"height\":423},\"primaryImageOfPage\":{\"@id\":\"https:\\\/\\\/pujolclima.com\\\/ca\\\/cuando-es-necesario-realizar-una-carga-de-aire-acondicionado\\\/#mainImage\"},\"datePublished\":\"2021-10-21T19:16:12+02:00\",\"dateModified\":\"2025-04-02T18:08:54+02:00\"},{\"@type\":\"WebSite\",\"@id\":\"https:\\\/\\\/pujolclima.com\\\/ca\\\/#website\",\"url\":\"https:\\\/\\\/pujolclima.com\\\/ca\\\/\",\"name\":\"Pujolclima. Colaborador Gas Natural Fernosa\",\"description\":\"Expertos en climatizaci\\u00f3n para hogares y empresas. Instalaci\\u00f3n, mantenimiento y reparaci\\u00f3n de aire acondicionado y calefacci\\u00f3n con tecnolog\\u00eda eficiente, servicio r\\u00e1pido y el mejor confort\\u00a0garantizado.\",\"inLanguage\":\"ca\",\"publisher\":{\"@id\":\"https:\\\/\\\/pujolclima.com\\\/ca\\\/#organization\"}}]}\n\t\t<\/script>\n\t\t<!-- All in One SEO -->\n\n","aioseo_head_json":{"title":"\u00bfCu\u00e1ndo es necesario realizar una carga de aire acondicionado? - Pujolclima. Expertos en climatizaci\u00f3n","description":"Los aires acondicionados del hogar cuentan con un circuito cerrado de gas refrigerante que, a diferencia de lo que ocurre en los veh\u00edculos, permite que no sea necesario recargarlos, gozando de una larga vida \u00fatil y funcionando con un alto rendimiento. Sin embargo, pueden existir aver\u00edas que provoquen que sea necesario contar con una empresa","canonical_url":"https:\/\/pujolclima.com\/ca\/cuando-es-necesario-realizar-una-carga-de-aire-acondicionado\/","robots":"max-image-preview:large","keywords":"","webmasterTools":{"miscellaneous":""},"schema":{"@context":"https:\/\/schema.org","@graph":[{"@type":"BlogPosting","@id":"https:\/\/pujolclima.com\/ca\/cuando-es-necesario-realizar-una-carga-de-aire-acondicionado\/#blogposting","name":"\u00bfCu\u00e1ndo es necesario realizar una carga de aire acondicionado? - Pujolclima. Expertos en climatizaci\u00f3n","headline":"\u00bfCu\u00e1ndo es necesario realizar una carga de aire acondicionado?","author":{"@id":"https:\/\/pujolclima.com\/ca\/author\/soporte\/#author"},"publisher":{"@id":"https:\/\/pujolclima.com\/ca\/#organization"},"image":{"@type":"ImageObject","url":"https:\/\/pujolclima.com\/wp-content\/uploads\/2021\/10\/carga-aire-acondicionado.jpg","width":640,"height":423},"datePublished":"2021-10-21T19:16:12+02:00","dateModified":"2025-04-02T18:08:54+02:00","inLanguage":"ca","mainEntityOfPage":{"@id":"https:\/\/pujolclima.com\/ca\/cuando-es-necesario-realizar-una-carga-de-aire-acondicionado\/#webpage"},"isPartOf":{"@id":"https:\/\/pujolclima.com\/ca\/cuando-es-necesario-realizar-una-carga-de-aire-acondicionado\/#webpage"},"articleSection":"Aire Acondicionado, Mantenimiento aire acondicionado, carga aire acondicionado"},{"@type":"BreadcrumbList","@id":"https:\/\/pujolclima.com\/ca\/cuando-es-necesario-realizar-una-carga-de-aire-acondicionado\/#breadcrumblist","itemListElement":[{"@type":"ListItem","@id":"https:\/\/pujolclima.com\/ca#listItem","position":1,"name":"Inicio","item":"https:\/\/pujolclima.com\/ca","nextItem":{"@type":"ListItem","@id":"https:\/\/pujolclima.com\/ca\/category\/mantenimiento-aire-acondicionado\/#listItem","name":"Mantenimiento aire acondicionado"}},{"@type":"ListItem","@id":"https:\/\/pujolclima.com\/ca\/category\/mantenimiento-aire-acondicionado\/#listItem","position":2,"name":"Mantenimiento aire acondicionado","item":"https:\/\/pujolclima.com\/ca\/category\/mantenimiento-aire-acondicionado\/","nextItem":{"@type":"ListItem","@id":"https:\/\/pujolclima.com\/ca\/cuando-es-necesario-realizar-una-carga-de-aire-acondicionado\/#listItem","name":"\u00bfCu\u00e1ndo es necesario realizar una carga de aire acondicionado?"},"previousItem":{"@type":"ListItem","@id":"https:\/\/pujolclima.com\/ca#listItem","name":"Inicio"}},{"@type":"ListItem","@id":"https:\/\/pujolclima.com\/ca\/cuando-es-necesario-realizar-una-carga-de-aire-acondicionado\/#listItem","position":3,"name":"\u00bfCu\u00e1ndo es necesario realizar una carga de aire acondicionado?","previousItem":{"@type":"ListItem","@id":"https:\/\/pujolclima.com\/ca\/category\/mantenimiento-aire-acondicionado\/#listItem","name":"Mantenimiento aire acondicionado"}}]},{"@type":"Organization","@id":"https:\/\/pujolclima.com\/ca\/#organization","name":"Pujolclima. Colaborador Oficial de Nedgia","description":"Expertos en climatizaci\u00f3n para hogares y empresas. Instalaci\u00f3n, mantenimiento y reparaci\u00f3n de aire acondicionado y calefacci\u00f3n con tecnolog\u00eda eficiente, servicio r\u00e1pido y el mejor confort\u00a0garantizado.","url":"https:\/\/pujolclima.com\/ca\/","telephone":"+34664582238","logo":{"@type":"ImageObject","url":"https:\/\/pujolclima.com\/wp-content\/uploads\/2025\/03\/cropped-PujolCLIMA-VECTOR-1.png","@id":"https:\/\/pujolclima.com\/ca\/cuando-es-necesario-realizar-una-carga-de-aire-acondicionado\/#organizationLogo","width":1925,"height":570},"image":{"@id":"https:\/\/pujolclima.com\/ca\/cuando-es-necesario-realizar-una-carga-de-aire-acondicionado\/#organizationLogo"}},{"@type":"Person","@id":"https:\/\/pujolclima.com\/ca\/author\/soporte\/#author","url":"https:\/\/pujolclima.com\/ca\/author\/soporte\/","name":"soporte"},{"@type":"WebPage","@id":"https:\/\/pujolclima.com\/ca\/cuando-es-necesario-realizar-una-carga-de-aire-acondicionado\/#webpage","url":"https:\/\/pujolclima.com\/ca\/cuando-es-necesario-realizar-una-carga-de-aire-acondicionado\/","name":"\u00bfCu\u00e1ndo es necesario realizar una carga de aire acondicionado? - Pujolclima. Expertos en climatizaci\u00f3n","description":"Los aires acondicionados del hogar cuentan con un circuito cerrado de gas refrigerante que, a diferencia de lo que ocurre en los veh\u00edculos, permite que no sea necesario recargarlos, gozando de una larga vida \u00fatil y funcionando con un alto rendimiento. Sin embargo, pueden existir aver\u00edas que provoquen que sea necesario contar con una empresa","inLanguage":"ca","isPartOf":{"@id":"https:\/\/pujolclima.com\/ca\/#website"},"breadcrumb":{"@id":"https:\/\/pujolclima.com\/ca\/cuando-es-necesario-realizar-una-carga-de-aire-acondicionado\/#breadcrumblist"},"author":{"@id":"https:\/\/pujolclima.com\/ca\/author\/soporte\/#author"},"creator":{"@id":"https:\/\/pujolclima.com\/ca\/author\/soporte\/#author"},"image":{"@type":"ImageObject","url":"https:\/\/pujolclima.com\/wp-content\/uploads\/2021\/10\/carga-aire-acondicionado.jpg","@id":"https:\/\/pujolclima.com\/ca\/cuando-es-necesario-realizar-una-carga-de-aire-acondicionado\/#mainImage","width":640,"height":423},"primaryImageOfPage":{"@id":"https:\/\/pujolclima.com\/ca\/cuando-es-necesario-realizar-una-carga-de-aire-acondicionado\/#mainImage"},"datePublished":"2021-10-21T19:16:12+02:00","dateModified":"2025-04-02T18:08:54+02:00"},{"@type":"WebSite","@id":"https:\/\/pujolclima.com\/ca\/#website","url":"https:\/\/pujolclima.com\/ca\/","name":"Pujolclima. Colaborador Gas Natural Fernosa","description":"Expertos en climatizaci\u00f3n para hogares y empresas. Instalaci\u00f3n, mantenimiento y reparaci\u00f3n de aire acondicionado y calefacci\u00f3n con tecnolog\u00eda eficiente, servicio r\u00e1pido y el mejor confort\u00a0garantizado.","inLanguage":"ca","publisher":{"@id":"https:\/\/pujolclima.com\/ca\/#organization"}}]},"og:locale":"ca_ES","og:site_name":"Pujolclima. Expertos en climatizaci\u00f3n - Expertos en climatizaci\u00f3n para hogares y empresas. Instalaci\u00f3n, mantenimiento y reparaci\u00f3n de aire acondicionado y calefacci\u00f3n con tecnolog\u00eda eficiente, servicio r\u00e1pido y el mejor confort\u00a0garantizado.","og:type":"article","og:title":"\u00bfCu\u00e1ndo es necesario realizar una carga de aire acondicionado? - Pujolclima. Expertos en climatizaci\u00f3n","og:description":"Los aires acondicionados del hogar cuentan con un circuito cerrado de gas refrigerante que, a diferencia de lo que ocurre en los veh\u00edculos, permite que no sea necesario recargarlos, gozando de una larga vida \u00fatil y funcionando con un alto rendimiento. Sin embargo, pueden existir aver\u00edas que provoquen que sea necesario contar con una empresa","og:url":"https:\/\/pujolclima.com\/ca\/cuando-es-necesario-realizar-una-carga-de-aire-acondicionado\/","og:image":"https:\/\/pujolclima.com\/wp-content\/uploads\/2025\/03\/cropped-PujolCLIMA-VECTOR-1.png","og:image:secure_url":"https:\/\/pujolclima.com\/wp-content\/uploads\/2025\/03\/cropped-PujolCLIMA-VECTOR-1.png","article:published_time":"2021-10-21T19:16:12+00:00","article:modified_time":"2025-04-02T16:08:54+00:00","twitter:card":"summary_large_image","twitter:title":"\u00bfCu\u00e1ndo es necesario realizar una carga de aire acondicionado? - Pujolclima. Expertos en climatizaci\u00f3n","twitter:description":"Los aires acondicionados del hogar cuentan con un circuito cerrado de gas refrigerante que, a diferencia de lo que ocurre en los veh\u00edculos, permite que no sea necesario recargarlos, gozando de una larga vida \u00fatil y funcionando con un alto rendimiento. Sin embargo, pueden existir aver\u00edas que provoquen que sea necesario contar con una empresa","twitter:image":"https:\/\/pujolclima.com\/wp-content\/uploads\/2025\/03\/cropped-PujolCLIMA-VECTOR-1.png"},"aioseo_meta_data":{"post_id":"2810","title":null,"description":null,"keywords":null,"keyphrases":null,"primary_term":null,"canonical_url":null,"og_title":null,"og_description":null,"og_object_type":"default","og_image_type":"default","og_image_url":null,"og_image_width":null,"og_image_height":null,"og_image_custom_url":null,"og_image_custom_fields":null,"og_video":null,"og_custom_url":null,"og_article_section":null,"og_article_tags":null,"twitter_use_og":false,"twitter_card":"default","twitter_image_type":"default","twitter_image_url":null,"twitter_image_custom_url":null,"twitter_image_custom_fields":null,"twitter_title":null,"twitter_description":null,"schema":{"blockGraphs":[],"customGraphs":[],"default":{"data":{"Article":[],"Course":[],"Dataset":[],"FAQPage":[],"Movie":[],"Person":[],"Product":[],"ProductReview":[],"Car":[],"Recipe":[],"Service":[],"SoftwareApplication":[],"WebPage":[]},"graphName":"","isEnabled":true},"graphs":[]},"schema_type":"default","schema_type_options":null,"pillar_content":false,"robots_default":true,"robots_noindex":false,"robots_noarchive":false,"robots_nosnippet":false,"robots_nofollow":false,"robots_noimageindex":false,"robots_noodp":false,"robots_notranslate":false,"robots_max_snippet":null,"robots_max_videopreview":null,"robots_max_imagepreview":"large","priority":null,"frequency":null,"local_seo":null,"breadcrumb_settings":null,"limit_modified_date":false,"ai":null,"created":"2024-06-13 09:23:49","updated":"2025-07-08 08:58:43","focus_keyword":null,"additional_keywords":null,"truseo_locale":null,"seo_analyzer_scan_date":null},"aioseo_breadcrumb":"<div class=\"aioseo-breadcrumbs\"><span class=\"aioseo-breadcrumb\">\n\t\t\t<a href=\"https:\/\/pujolclima.com\/ca\" title=\"Inicio\">Inicio<\/a>\n\t\t<\/span><span class=\"aioseo-breadcrumb-separator\">&raquo;<\/span><span class=\"aioseo-breadcrumb\">\n\t\t\t<a href=\"https:\/\/pujolclima.com\/ca\/category\/mantenimiento-aire-acondicionado\/\" title=\"Mantenimiento aire acondicionado\">Mantenimiento aire acondicionado<\/a>\n\t\t<\/span><span class=\"aioseo-breadcrumb-separator\">&raquo;<\/span><span class=\"aioseo-breadcrumb\">\n\t\t\t\u00bfCu\u00e1ndo es necesario realizar una carga de aire acondicionado?\n\t\t<\/span><\/div>","aioseo_breadcrumb_json":[{"label":"Inicio","link":"https:\/\/pujolclima.com\/ca"},{"label":"Mantenimiento aire acondicionado","link":"https:\/\/pujolclima.com\/ca\/category\/mantenimiento-aire-acondicionado\/"},{"label":"\u00bfCu\u00e1ndo es necesario realizar una carga de aire acondicionado?","link":"https:\/\/pujolclima.com\/ca\/cuando-es-necesario-realizar-una-carga-de-aire-acondicionado\/"}],"taxonomy_info":{"category":[{"value":59,"label":"Aire Acondicionado"},{"value":55,"label":"Mantenimiento aire acondicionado"}],"post_tag":[{"value":211,"label":"carga aire acondicionado"}]},"featured_image_src_large":["https:\/\/pujolclima.com\/wp-content\/uploads\/2021\/10\/carga-aire-acondicionado.jpg",640,423,false],"author_info":{"display_name":"soporte","author_link":"https:\/\/pujolclima.com\/ca\/author\/soporte\/"},"comment_info":0,"category_info":[{"term_id":59,"name":"Aire Acondicionado","slug":"aire-acondicionado","term_group":0,"term_taxonomy_id":59,"taxonomy":"category","description":"","parent":0,"count":55,"filter":"raw","term_order":"12","cat_ID":59,"category_count":55,"category_description":"","cat_name":"Aire Acondicionado","category_nicename":"aire-acondicionado","category_parent":0},{"term_id":55,"name":"Mantenimiento aire acondicionado","slug":"mantenimiento-aire-acondicionado","term_group":0,"term_taxonomy_id":55,"taxonomy":"category","description":"","parent":0,"count":29,"filter":"raw","term_order":"15","cat_ID":55,"category_count":29,"category_description":"","cat_name":"Mantenimiento aire acondicionado","category_nicename":"mantenimiento-aire-acondicionado","category_parent":0}],"tag_info":[{"term_id":211,"name":"carga aire acondicionado","slug":"carga-aire-acondicionado","term_group":0,"term_taxonomy_id":211,"taxonomy":"post_tag","description":"","parent":0,"count":1,"filter":"raw","term_order":"0"}],"_links":{"self":[{"href":"https:\/\/pujolclima.com\/ca\/wp-json\/wp\/v2\/posts\/2810","targetHints":{"allow":["GET"]}}],"collection":[{"href":"https:\/\/pujolclima.com\/ca\/wp-json\/wp\/v2\/posts"}],"about":[{"href":"https:\/\/pujolclima.com\/ca\/wp-json\/wp\/v2\/types\/post"}],"author":[{"embeddable":true,"href":"https:\/\/pujolclima.com\/ca\/wp-json\/wp\/v2\/users\/2"}],"replies":[{"embeddable":true,"href":"https:\/\/pujolclima.com\/ca\/wp-json\/wp\/v2\/comments?post=2810"}],"version-history":[{"count":0,"href":"https:\/\/pujolclima.com\/ca\/wp-json\/wp\/v2\/posts\/2810\/revisions"}],"wp:featuredmedia":[{"embeddable":true,"href":"https:\/\/pujolclima.com\/ca\/wp-json\/wp\/v2\/media\/2811"}],"wp:attachment":[{"href":"https:\/\/pujolclima.com\/ca\/wp-json\/wp\/v2\/media?parent=2810"}],"wp:term":[{"taxonomy":"category","embeddable":true,"href":"https:\/\/pujolclima.com\/ca\/wp-json\/wp\/v2\/categories?post=2810"},{"taxonomy":"post_tag","embeddable":true,"href":"https:\/\/pujolclima.com\/ca\/wp-json\/wp\/v2\/tags?post=2810"}],"curies":[{"name":"wp","href":"https:\/\/api.w.org\/{rel}","templated":true}]}}