{"id":5617,"date":"2025-07-19T12:55:31","date_gmt":"2025-07-19T10:55:31","guid":{"rendered":"https:\/\/pujolclima.com\/?p=5617"},"modified":"2025-07-19T12:55:38","modified_gmt":"2025-07-19T10:55:38","slug":"consumo-electrico-del-aire-acondicionado","status":"publish","type":"post","link":"https:\/\/pujolclima.com\/ca\/consumo-electrico-del-aire-acondicionado\/","title":{"rendered":"Consum el\u00e8ctric de l&#039;aire condicionat"},"content":{"rendered":"<h3 class=\"wp-block-heading\">Les claus per entendre&#039;l i reduir-lo<\/h3>\n\n\n\n<h5 class=\"wp-block-heading\">Desmitificant la Despesa: Com Calcular el Consum del teu Aire Condicionat<\/h5>\n\n\n\n<p class=\"wp-block-paragraph\">En plena temporada de calor, encendre l&#039;aire condicionat \u00e9s gaireb\u00e9 una necessitat. Tanmateix, sovint ens assalta la mateixa preocupaci\u00f3: quant pujar\u00e0 la factura de la llum? Entendre el <strong><a href=\"https:\/\/pujolclima.com\/ca\/contacto\/\" title=\"\">consum el\u00e8ctric de l&#039;aire condicionat<\/a><\/strong> \u00e9s el primer pas per gestionar-lo de manera intel\u00b7ligent i eficient. No \u00e9s un misteri incomprensible; amb la informaci\u00f3 adequada, pots calcular-lo, reduir-lo i gaudir del confort sense ensurts.<\/p>\n\n\n\n<p class=\"wp-block-paragraph\">A <strong>Pujolclima<\/strong>, com a experts en climatitzaci\u00f3 a Barcelona i Sabadell, no nom\u00e9s ens dediquem a la <strong>instal\u00b7laci\u00f3 d&#039;aire condicionat<\/strong>, sin\u00f3 que tamb\u00e9 volem que els nostres clients siguin conscients de com maximitzar l&#039;efici\u00e8ncia dels seus equips i, per tant, minimitzar-ne la despesa.<\/p>\n\n\n\n<figure class=\"wp-block-image size-large\"><img loading=\"lazy\" decoding=\"async\" width=\"1024\" height=\"853\" src=\"https:\/\/pujolclima.com\/wp-content\/uploads\/2025\/07\/grafico-de-barras-3d-inicio-concepto-de-eficiencia-energetica-aislado-sobre-fondo-blanco-representacion-3d-1024x853.jpeg\" alt=\"\" class=\"wp-image-5621\" srcset=\"https:\/\/pujolclima.com\/wp-content\/uploads\/2025\/07\/grafico-de-barras-3d-inicio-concepto-de-eficiencia-energetica-aislado-sobre-fondo-blanco-representacion-3d-1024x853.jpeg 1024w, https:\/\/pujolclima.com\/wp-content\/uploads\/2025\/07\/grafico-de-barras-3d-inicio-concepto-de-eficiencia-energetica-aislado-sobre-fondo-blanco-representacion-3d-300x250.jpeg 300w, https:\/\/pujolclima.com\/wp-content\/uploads\/2025\/07\/grafico-de-barras-3d-inicio-concepto-de-eficiencia-energetica-aislado-sobre-fondo-blanco-representacion-3d-768x640.jpeg 768w, https:\/\/pujolclima.com\/wp-content\/uploads\/2025\/07\/grafico-de-barras-3d-inicio-concepto-de-eficiencia-energetica-aislado-sobre-fondo-blanco-representacion-3d-1536x1280.jpeg 1536w, https:\/\/pujolclima.com\/wp-content\/uploads\/2025\/07\/grafico-de-barras-3d-inicio-concepto-de-eficiencia-energetica-aislado-sobre-fondo-blanco-representacion-3d-2048x1707.jpeg 2048w, https:\/\/pujolclima.com\/wp-content\/uploads\/2025\/07\/grafico-de-barras-3d-inicio-concepto-de-eficiencia-energetica-aislado-sobre-fondo-blanco-representacion-3d-14x12.jpeg 14w\" sizes=\"auto, (max-width: 1024px) 100vw, 1024px\" \/><figcaption class=\"wp-element-caption\">consum el\u00e8ctric de l&#039;aire condicionat<\/figcaption><\/figure>\n\n\n\n<hr class=\"wp-block-separator has-alpha-channel-opacity\"\/>\n\n\n\n<h3 class=\"wp-block-heading\">Com calcular el consum del teu aire condicionat?<\/h3>\n\n\n\n<p class=\"wp-block-paragraph\">Calcular el consum del teu aire condicionat no \u00e9s complicat si tens les dades correctes. Necessitar\u00e0s tres peces d&#039;informaci\u00f3 clau, que solen trobar-se a l&#039;etiqueta energ\u00e8tica de l&#039;aparell oa la fitxa t\u00e8cnica:<\/p>\n\n\n\n<ol start=\"1\" class=\"wp-block-list\">\n<li><strong>Pot\u00e8ncia El\u00e8ctrica (W o kW):<\/strong> \u00c9s la quantitat denergia que laparell consumeix per funcionar. Sovint veur\u00e0s la pot\u00e8ncia frigor\u00edfica (frigories\/hora o BTU), per\u00f2 el que ens interessa per al consum el\u00e8ctric \u00e9s la pot\u00e8ncia en watts (W) o quilowatts (kW). Si nom\u00e9s tens la pot\u00e8ncia frigor\u00edfica, tingues en compte que un equip molt eficient podria consumir entre 0.3 i 0.5 kW per cada 2500 frigories. L&#039;ideal \u00e9s cercar directament la pot\u00e8ncia el\u00e8ctrica nominal.<\/li>\n\n\n\n<li><strong>Hores d&#039;\u00das al Dia:<\/strong> Quant de temps tens enc\u00e8s l&#039;aire condicionat cada dia? Sigues realista amb la teva estimaci\u00f3.<\/li>\n\n\n\n<li><strong>Preu del Kilovatio-Hora (\u20ac\/kWh):<\/strong> Aquesta dada la trobar\u00e0s a la teva factura de la llum. Tingues en compte que el preu del kWh pot variar segons la franja hor\u00e0ria si tens una tarifa amb discriminaci\u00f3 hor\u00e0ria (punta, pla, vall).<\/li>\n<\/ol>\n\n\n\n<p class=\"wp-block-paragraph\"><strong>La F\u00f3rmula M\u00e0gica:<\/strong><\/p>\n\n\n\n<p class=\"wp-block-paragraph\">Quan tinguis aquestes dades, pots aplicar aquesta senzilla f\u00f3rmula per a un c\u00e0lcul aproximat:<\/p>\n\n\n\n<p class=\"wp-block-paragraph\">Consum diari (kWh)=Pot\u00e8ncia el\u00e8ctrica (kW)\u00d7Hores d&#039;\u00fas al dia<\/p>\n\n\n\n<p class=\"wp-block-paragraph\">Per obtenir el consum mensual, simplement multiplica el consum diari pel n\u00famero de dies del mes. I per calcular el cost en euros, multiplica el consum en kWh pel preu del teu kWh.<\/p>\n\n\n\n<p class=\"wp-block-paragraph\"><strong>Exemple Pr\u00e0ctic:<\/strong> Imagina un aire condicionat amb una pot\u00e8ncia el\u00e8ctrica de 1000 W (\u00e9s a dir, 1 kW).<\/p>\n\n\n\n<ul class=\"wp-block-list\">\n<li>Si el fas servir 6 hores al dia:\n<ul class=\"wp-block-list\">\n<li>Consum diari: 1 kW\u00d76 hores\/dia=6 kWh\/dia<\/li>\n<\/ul>\n<\/li>\n\n\n\n<li>Si el fas servir 30 dies al mes:\n<ul class=\"wp-block-list\">\n<li>Consum mensual: 6 kWh\/dia\u00d730 dies=180 kWh\/mes<\/li>\n<\/ul>\n<\/li>\n\n\n\n<li>Si el preu del kWh \u00e9s de 0,25 \u20ac:\n<ul class=\"wp-block-list\">\n<li>Cost mensual: 180 kWh\/mes\u00d70,25 \u20ac\/kWh=45 \u20ac\/mes<\/li>\n<\/ul>\n<\/li>\n<\/ul>\n\n\n\n<p class=\"wp-block-paragraph\"><strong>Important:<\/strong> Aquest c\u00e0lcul \u00e9s una estimaci\u00f3. El <strong><a href=\"https:\/\/pujolclima.com\/ca\/contacto\/\" title=\"\">consum el\u00e8ctric de l&#039;aire condicionat<\/a><\/strong> real pot variar segons la temperatura exterior, l&#039;a\u00efllament de casa teva, la temperatura seleccionada, el mode de funcionament (fred, calor, ventilador), i si l&#039;equip \u00e9s Inverter o no. Els equips Inverter ajusten la seva pot\u00e8ncia i consumeixen menys una vegada aconseguida la temperatura desitjada.<\/p>\n\n\n\n<figure class=\"wp-block-image size-large\"><img loading=\"lazy\" decoding=\"async\" width=\"1024\" height=\"683\" src=\"https:\/\/pujolclima.com\/wp-content\/uploads\/2025\/07\/familia-feliz-descansando-bajo-el-aire-acondicionado-en-la-pared-beige-en-casa-1024x683.jpeg\" alt=\"\" class=\"wp-image-5620\" srcset=\"https:\/\/pujolclima.com\/wp-content\/uploads\/2025\/07\/familia-feliz-descansando-bajo-el-aire-acondicionado-en-la-pared-beige-en-casa-1024x683.jpeg 1024w, https:\/\/pujolclima.com\/wp-content\/uploads\/2025\/07\/familia-feliz-descansando-bajo-el-aire-acondicionado-en-la-pared-beige-en-casa-300x200.jpeg 300w, https:\/\/pujolclima.com\/wp-content\/uploads\/2025\/07\/familia-feliz-descansando-bajo-el-aire-acondicionado-en-la-pared-beige-en-casa-768x512.jpeg 768w, https:\/\/pujolclima.com\/wp-content\/uploads\/2025\/07\/familia-feliz-descansando-bajo-el-aire-acondicionado-en-la-pared-beige-en-casa-1536x1024.jpeg 1536w, https:\/\/pujolclima.com\/wp-content\/uploads\/2025\/07\/familia-feliz-descansando-bajo-el-aire-acondicionado-en-la-pared-beige-en-casa-2048x1365.jpeg 2048w, https:\/\/pujolclima.com\/wp-content\/uploads\/2025\/07\/familia-feliz-descansando-bajo-el-aire-acondicionado-en-la-pared-beige-en-casa-18x12.jpeg 18w\" sizes=\"auto, (max-width: 1024px) 100vw, 1024px\" \/><figcaption class=\"wp-element-caption\">Aire condicionat PujolClima<\/figcaption><\/figure>\n\n\n\n<h3 class=\"wp-block-heading\">Qu\u00e8 he de saber per reduir el consum?<\/h3>\n\n\n\n<p class=\"wp-block-paragraph\">M\u00e9s enll\u00e0 dels c\u00e0lculs, hi ha factors clau i h\u00e0bits que influeixen directament en el <strong><a href=\"https:\/\/pujolclima.com\/ca\/contacto\/\" title=\"\">consum el\u00e8ctric de l&#039;aire condicionat<\/a><\/strong>. Con\u00e8ixer-los t&#039;empoderar\u00e0 per prendre decisions intel\u00b7ligents i estalviar.<\/p>\n\n\n\n<ol start=\"1\" class=\"wp-block-list\">\n<li><strong>Efici\u00e8ncia Energ\u00e8tica de l&#039;Equip (Classificaci\u00f3 A+++):<\/strong> \u00c9s el factor m\u00e9s important. Un equip amb classificaci\u00f3 energ\u00e8tica A+++ consumeix significativament menys que un de classe A o inferior.<\/li>\n\n\n\n<li><strong>Tecnologia Inverter:<\/strong> Aquesta tecnologia \u00e9s fonamental per a lestalvi. Els equips Inverter no s&#039;encenen i apaguen constantment; al seu lloc, regulen la velocitat del compressor per mantenir una temperatura constant amb un consum energ\u00e8tic molt menor. Si el teu aire condicionat no \u00e9s Inverter, considera un canvi.<\/li>\n\n\n\n<li><strong>Temperatura \u00d2ptima:<\/strong> No es tracta de posar l\u02bbaire a 18\u00baC. La temperatura recomanada a l&#039;estiu \u00e9s entre <strong>24\u00baC i 26\u00baC<\/strong>. Cada grau que baixis d&#039;aquesta franja pot augmentar el consum entre un 6% i un 8%.<\/li>\n\n\n\n<li><strong>A\u00efllament de la teva Llar:<\/strong> Un bon a\u00efllament a parets, finestres i sostres \u00e9s crucial. Si casa teva no ret\u00e9 b\u00e9 el fred (o la calor a l&#039;hivern), el teu aire condicionat haur\u00e0 de treballar m\u00e9s i, per tant, consumir-ne m\u00e9s per mantenir la temperatura desitjada.<\/li>\n\n\n\n<li><strong>\u00das de Tendals i Persianes:<\/strong> Abans d&#039;encendre l&#039;aire, baixa persianes i tendals per evitar que el sol incideixi directament sobre les finestres. Aix\u00f2 redueix lentrada de calor i la necessitat de refrigeraci\u00f3.<\/li>\n\n\n\n<li><strong>Tancament de Portes i Finestres:<\/strong> Sembla obvi, per\u00f2 \u00e9s fonamental. Assegureu-vos que portes i finestres estiguin tancades mentre l&#039;aire condicionat est\u00e0 en funcionament per evitar que el fred (o calor) s&#039;escapi.<\/li>\n\n\n\n<li><strong>Manteniment Regular:<\/strong> Un equip brut o amb fugides treballa de manera menys eficient. La neteja de filtres i revisions peri\u00f2diques s\u00f3n essencials per mantenir-ne el rendiment \u00f2ptim.<\/li>\n\n\n\n<li><strong>Programaci\u00f3 i Zonificaci\u00f3:<\/strong> Utilitza les funcions de programaci\u00f3 del teu equip per encendre&#039;l o apagar-lo a certes hores. Si tens un sistema per conductes amb zonificaci\u00f3, aprofita per climatitzar nom\u00e9s les estades que estiguis usant.<\/li>\n<\/ol>\n\n\n\n<figure class=\"wp-block-image size-large\"><img loading=\"lazy\" decoding=\"async\" width=\"1024\" height=\"683\" src=\"https:\/\/pujolclima.com\/wp-content\/uploads\/2025\/07\/pantalla-de-tableta-digital-con-controlador-de-casa-inteligente-en-una-mesa-de-madera-1024x683.jpeg\" alt=\"\" class=\"wp-image-5619\" srcset=\"https:\/\/pujolclima.com\/wp-content\/uploads\/2025\/07\/pantalla-de-tableta-digital-con-controlador-de-casa-inteligente-en-una-mesa-de-madera-1024x683.jpeg 1024w, https:\/\/pujolclima.com\/wp-content\/uploads\/2025\/07\/pantalla-de-tableta-digital-con-controlador-de-casa-inteligente-en-una-mesa-de-madera-300x200.jpeg 300w, https:\/\/pujolclima.com\/wp-content\/uploads\/2025\/07\/pantalla-de-tableta-digital-con-controlador-de-casa-inteligente-en-una-mesa-de-madera-768x513.jpeg 768w, https:\/\/pujolclima.com\/wp-content\/uploads\/2025\/07\/pantalla-de-tableta-digital-con-controlador-de-casa-inteligente-en-una-mesa-de-madera-1536x1025.jpeg 1536w, https:\/\/pujolclima.com\/wp-content\/uploads\/2025\/07\/pantalla-de-tableta-digital-con-controlador-de-casa-inteligente-en-una-mesa-de-madera-2048x1367.jpeg 2048w, https:\/\/pujolclima.com\/wp-content\/uploads\/2025\/07\/pantalla-de-tableta-digital-con-controlador-de-casa-inteligente-en-una-mesa-de-madera-18x12.jpeg 18w\" sizes=\"auto, (max-width: 1024px) 100vw, 1024px\" \/><figcaption class=\"wp-element-caption\">consum el\u00e8ctric de l&#039;aire condicionat<\/figcaption><\/figure>\n\n\n\n<h3 class=\"wp-block-heading\">El Paper Clau del Servei T\u00e8cnic Qualificat<\/h3>\n\n\n\n<p class=\"wp-block-paragraph\">Quan parlem de<a href=\"https:\/\/pujolclima.com\/ca\/contacto\/\" title=\"\"> <strong>consum el\u00e8ctric de l&#039;aire condicionat<\/strong><\/a>, la <strong>instal\u00b7laci\u00f3 d&#039;aire condicionat<\/strong> i el manteniment posterior s\u00f3n factors determinants. Aqu\u00ed \u00e9s on entra en joc la professionalitat d&#039;un <strong>servei t\u00e8cnic qualificat<\/strong>.<\/p>\n\n\n\n<p class=\"wp-block-paragraph\">Un t\u00e8cnic expert de <strong>Pujolclima<\/strong> t&#039;assessorar\u00e0 des del primer moment:<\/p>\n\n\n\n<ul class=\"wp-block-list\">\n<li><strong>C\u00e0lcul Prec\u00eds de Pot\u00e8ncia:<\/strong> Determinar\u00e0 la pot\u00e8ncia frigor\u00edfica exacta que necessites per al teu espai, evitant que compris un equip sobredimensionat (major consum) o infradimensionat (treballar\u00e0 en exc\u00e9s i en consumir\u00e0 m\u00e9s).<\/li>\n\n\n\n<li><strong>Instal\u00b7laci\u00f3 \u00d2ptima:<\/strong> Una instal\u00b7laci\u00f3 correcta \u00e9s crucial. Unes canonades mal a\u00efllades, una c\u00e0rrega de gas refrigerant incorrecta o una ubicaci\u00f3 deficient de la unitat exterior poden disparar el consum i reduir la vida \u00fatil de l&#039;equip.<\/li>\n\n\n\n<li><strong>Assessorament en Models Eficients:<\/strong> Et guiar\u00e0 a l&#039;elecci\u00f3 d&#039;equips amb la m\u00e0xima efici\u00e8ncia energ\u00e8tica i tecnologia Inverter, que s\u00f3n una inversi\u00f3 que es recupera amb l&#039;estalvi a la factura.<\/li>\n<\/ul>\n\n\n\n<p class=\"wp-block-paragraph\">Confia en professionals com <strong>Pujolclima<\/strong> a Barcelona i Sabadell per al teu <strong>instal\u00b7laci\u00f3 d&#039;aire condicionat<\/strong>. Una feina ben feta des del principi t&#039;assegura un menor <strong><a href=\"https:\/\/pujolclima.com\/ca\/contacto\/\" title=\"\">consum el\u00e8ctric de l&#039;aire condicionat<\/a><\/strong> a llarg termini.<\/p>\n\n\n\n<hr class=\"wp-block-separator has-alpha-channel-opacity\"\/>\n\n\n\n<h3 class=\"wp-block-heading\">Manteniment: El teu Aliat per a l&#039;Estalvi i la Durabilitat<\/h3>\n\n\n\n<p class=\"wp-block-paragraph\">El manteniment de l&#039;aire condicionat no \u00e9s una despesa. \u00e9s una inversi\u00f3! Un bon manteniment no nom\u00e9s prev\u00e9 avaries, sin\u00f3 que tamb\u00e9 garanteix que el teu equip funcioni a la seva m\u00e0xima efici\u00e8ncia, reduint el <strong><a href=\"https:\/\/pujolclima.com\/ca\/contacto\/\" title=\"\">consum el\u00e8ctric de l&#039;aire condicionat<\/a><\/strong>.<\/p>\n\n\n\n<p class=\"wp-block-paragraph\"><strong>Qu\u00e8 inclou un bon manteniment?<\/strong><\/p>\n\n\n\n<ol start=\"1\" class=\"wp-block-list\">\n<li><strong>Neteja de Filtres:<\/strong> L&#039;acumulaci\u00f3 de pols i brut\u00edcia als filtres redueix el flux d&#039;aire i obliga el compressor a treballar m\u00e9s, cosa que augmenta el consum. Pots netejar els filtres tu mateix cada 15-30 dies (depenent de l&#039;\u00fas) amb aigua i sab\u00f3 neutre.<\/li>\n\n\n\n<li><strong>Revisi\u00f3 de la C\u00e0rrega de Refrigerant:<\/strong> Una fuita o una c\u00e0rrega insuficient de gas refrigerant far\u00e0 que l&#039;equip no refredi correctament i n&#039;augmenti el consum. Aix\u00f2 nom\u00e9s pot ser verificat i corregit per un t\u00e8cnic qualificat.<\/li>\n\n\n\n<li><strong>Neteja de Serpentins i Drenatges:<\/strong> La brut\u00edcia a les unitats interior i exterior (serpentins) dificulta l&#039;intercanvi de calor. L&#039;obstrucci\u00f3 dels drenatges pot provocar fugides d&#039;aigua.<\/li>\n\n\n\n<li><strong>Verificaci\u00f3 de Connexions El\u00e8ctriques:<\/strong> Unes connexions fluixes o corro\u00efdes poden ser perilloses i provocar un consum ineficient.<\/li>\n\n\n\n<li><strong>Comprovaci\u00f3 General del Funcionament:<\/strong> El t\u00e8cnic verificar\u00e0 que tots els components (compressor, ventiladors, term\u00f2stat) funcionin correctament.<\/li>\n<\/ol>\n\n\n\n<p class=\"wp-block-paragraph\">A <strong>Pujolclima<\/strong>, oferim plans de manteniment personalitzats per assegurar que el teu aire condicionat funcioni sempre com el primer dia, controlant el seu <strong>consum el\u00e8ctric de l&#039;aire condicionat<\/strong> i allargant-ne la vida \u00fatil. Un equip ben mantingut pot estalviar-te fins a un 15-20% a la teva factura de llum.<\/p>\n\n\n\n<hr class=\"wp-block-separator has-alpha-channel-opacity\"\/>\n\n\n\n<p class=\"wp-block-paragraph\">Entendre el <strong><a href=\"https:\/\/pujolclima.com\/ca\/contacto\/\" title=\"\">consum el\u00e8ctric de l&#039;aire condicionat<\/a><\/strong> et d\u00f3na el poder de controlar-ho. Invertint en un equip eficient, adoptant h\u00e0bits d&#039;\u00fas intel\u00b7ligents i confiant en un <strong>servei t\u00e8cnic qualificat<\/strong> per a la seva <strong><a href=\"https:\/\/pujolclima.com\/ca\/contacto\/\" title=\"\">instal\u00b7laci\u00f3 d&#039;aire condicionat<\/a><\/strong> i manteniment, gaudireu d&#039;un estiu fresc i una factura de llum controlada. A <strong>Pujolclima<\/strong>, estem per ajudar-te a aconseguir-ho a <strong>Barcelona<\/strong> i <strong>Sabadell<\/strong>.<\/p>\n\n\n\n<p class=\"wp-block-paragraph\"><\/p>","protected":false},"excerpt":{"rendered":"<p>Les claus per entendre-ho i reduir-lo Desmitificant la Despesa: Com Calcular el Consum del teu Aire Condicionat En plena temporada de calor, encendre l&#039;aire\u2026<\/p>","protected":false},"author":6,"featured_media":5618,"comment_status":"closed","ping_status":"closed","sticky":false,"template":"","format":"standard","meta":{"_kad_blocks_custom_css":"","_kad_blocks_head_custom_js":"","_kad_blocks_body_custom_js":"","_kad_blocks_footer_custom_js":"","_kadence_starter_templates_imported_post":false,"_kad_post_transparent":"","_kad_post_title":"","_kad_post_layout":"","_kad_post_sidebar_id":"","_kad_post_content_style":"","_kad_post_vertical_padding":"","_kad_post_feature":"","_kad_post_feature_position":"","_kad_post_header":false,"_kad_post_footer":false,"_kad_post_classname":"","_joinchat":[],"footnotes":""},"categories":[59,93,222],"tags":[],"class_list":["post-5617","post","type-post","status-publish","format-standard","has-post-thumbnail","hentry","category-aire-acondicionado","category-aire-acondicionado-terrassa","category-aislamiento-termico"],"aioseo_notices":[],"aioseo_head":"\n\t\t<!-- All in One SEO 5.0.1.1 - aioseo.com -->\n\t<meta name=\"description\" content=\"Las claves para entenderlo y reducirlo Desmitificando el Gasto: C\u00f3mo Calcular el Consumo de tu Aire Acondicionado En plena temporada de calor, encender el aire acondicionado es casi una necesidad. Sin embargo, a menudo nos asalta la misma preocupaci\u00f3n: \u00bfcu\u00e1nto va a subir la factura de la luz? Entender el consumo el\u00e9ctrico del aire acondicionado\" \/>\n\t<meta name=\"robots\" content=\"max-image-preview:large\" \/>\n\t<meta name=\"author\" content=\"fbmetagrowth\"\/>\n\t<link rel=\"canonical\" href=\"https:\/\/pujolclima.com\/ca\/consumo-electrico-del-aire-acondicionado\/\" \/>\n\t<meta name=\"generator\" content=\"All in One SEO (AIOSEO) 5.0.1.1\" \/>\n\t\t<meta property=\"og:locale\" content=\"ca_ES\" \/>\n\t\t<meta property=\"og:site_name\" content=\"Pujolclima. Expertos en climatizaci\u00f3n - Expertos en climatizaci\u00f3n para hogares y empresas. Instalaci\u00f3n, mantenimiento y reparaci\u00f3n de aire acondicionado y calefacci\u00f3n con tecnolog\u00eda eficiente, servicio r\u00e1pido y el mejor confort\u00a0garantizado.\" \/>\n\t\t<meta property=\"og:type\" content=\"article\" \/>\n\t\t<meta property=\"og:title\" content=\"Consumo el\u00e9ctrico del aire acondicionado - Pujolclima. Expertos en climatizaci\u00f3n\" \/>\n\t\t<meta property=\"og:description\" content=\"Las claves para entenderlo y reducirlo Desmitificando el Gasto: C\u00f3mo Calcular el Consumo de tu Aire Acondicionado En plena temporada de calor, encender el aire acondicionado es casi una necesidad. Sin embargo, a menudo nos asalta la misma preocupaci\u00f3n: \u00bfcu\u00e1nto va a subir la factura de la luz? Entender el consumo el\u00e9ctrico del aire acondicionado\" \/>\n\t\t<meta property=\"og:url\" content=\"https:\/\/pujolclima.com\/ca\/consumo-electrico-del-aire-acondicionado\/\" \/>\n\t\t<meta property=\"og:image\" content=\"https:\/\/pujolclima.com\/wp-content\/uploads\/2025\/03\/cropped-PujolCLIMA-VECTOR-1.png\" \/>\n\t\t<meta property=\"og:image:secure_url\" content=\"https:\/\/pujolclima.com\/wp-content\/uploads\/2025\/03\/cropped-PujolCLIMA-VECTOR-1.png\" \/>\n\t\t<meta property=\"article:published_time\" content=\"2025-07-19T10:55:31+00:00\" \/>\n\t\t<meta property=\"article:modified_time\" content=\"2025-07-19T10:55:38+00:00\" \/>\n\t\t<meta name=\"twitter:card\" content=\"summary_large_image\" \/>\n\t\t<meta name=\"twitter:title\" content=\"Consumo el\u00e9ctrico del aire acondicionado - Pujolclima. Expertos en climatizaci\u00f3n\" \/>\n\t\t<meta name=\"twitter:description\" content=\"Las claves para entenderlo y reducirlo Desmitificando el Gasto: C\u00f3mo Calcular el Consumo de tu Aire Acondicionado En plena temporada de calor, encender el aire acondicionado es casi una necesidad. Sin embargo, a menudo nos asalta la misma preocupaci\u00f3n: \u00bfcu\u00e1nto va a subir la factura de la luz? Entender el consumo el\u00e9ctrico del aire acondicionado\" \/>\n\t\t<meta name=\"twitter:image\" content=\"https:\/\/pujolclima.com\/wp-content\/uploads\/2025\/03\/cropped-PujolCLIMA-VECTOR-1.png\" \/>\n\t\t<script type=\"application\/ld+json\" class=\"aioseo-schema\">\n\t\t\t{\"@context\":\"https:\\\/\\\/schema.org\",\"@graph\":[{\"@type\":\"BlogPosting\",\"@id\":\"https:\\\/\\\/pujolclima.com\\\/ca\\\/consumo-electrico-del-aire-acondicionado\\\/#blogposting\",\"name\":\"Consumo el\\u00e9ctrico del aire acondicionado - Pujolclima. Expertos en climatizaci\\u00f3n\",\"headline\":\"Consumo el\\u00e9ctrico del aire acondicionado\",\"author\":{\"@id\":\"https:\\\/\\\/pujolclima.com\\\/ca\\\/author\\\/fbmeta-growth\\\/#author\"},\"publisher\":{\"@id\":\"https:\\\/\\\/pujolclima.com\\\/ca\\\/#organization\"},\"image\":{\"@type\":\"ImageObject\",\"url\":\"https:\\\/\\\/pujolclima.com\\\/wp-content\\\/uploads\\\/2025\\\/07\\\/sonriente-joven-relajarse-tumbado-en-el-sofa-1-scaled.jpeg\",\"width\":2560,\"height\":1707,\"caption\":\"consumo el\\u00e9ctrico del aire acondicionado\"},\"datePublished\":\"2025-07-19T12:55:31+02:00\",\"dateModified\":\"2025-07-19T12:55:38+02:00\",\"inLanguage\":\"ca\",\"mainEntityOfPage\":{\"@id\":\"https:\\\/\\\/pujolclima.com\\\/ca\\\/consumo-electrico-del-aire-acondicionado\\\/#webpage\"},\"isPartOf\":{\"@id\":\"https:\\\/\\\/pujolclima.com\\\/ca\\\/consumo-electrico-del-aire-acondicionado\\\/#webpage\"},\"articleSection\":\"Aire Acondicionado, Aire acondicionado Terrassa, aislamiento t\\u00e9rmico\"},{\"@type\":\"BreadcrumbList\",\"@id\":\"https:\\\/\\\/pujolclima.com\\\/ca\\\/consumo-electrico-del-aire-acondicionado\\\/#breadcrumblist\",\"itemListElement\":[{\"@type\":\"ListItem\",\"@id\":\"https:\\\/\\\/pujolclima.com\\\/ca#listItem\",\"position\":1,\"name\":\"Inicio\",\"item\":\"https:\\\/\\\/pujolclima.com\\\/ca\",\"nextItem\":{\"@type\":\"ListItem\",\"@id\":\"https:\\\/\\\/pujolclima.com\\\/ca\\\/category\\\/aire-acondicionado\\\/#listItem\",\"name\":\"Aire Acondicionado\"}},{\"@type\":\"ListItem\",\"@id\":\"https:\\\/\\\/pujolclima.com\\\/ca\\\/category\\\/aire-acondicionado\\\/#listItem\",\"position\":2,\"name\":\"Aire Acondicionado\",\"item\":\"https:\\\/\\\/pujolclima.com\\\/ca\\\/category\\\/aire-acondicionado\\\/\",\"nextItem\":{\"@type\":\"ListItem\",\"@id\":\"https:\\\/\\\/pujolclima.com\\\/ca\\\/consumo-electrico-del-aire-acondicionado\\\/#listItem\",\"name\":\"Consumo el\\u00e9ctrico del aire acondicionado\"},\"previousItem\":{\"@type\":\"ListItem\",\"@id\":\"https:\\\/\\\/pujolclima.com\\\/ca#listItem\",\"name\":\"Inicio\"}},{\"@type\":\"ListItem\",\"@id\":\"https:\\\/\\\/pujolclima.com\\\/ca\\\/consumo-electrico-del-aire-acondicionado\\\/#listItem\",\"position\":3,\"name\":\"Consumo el\\u00e9ctrico del aire acondicionado\",\"previousItem\":{\"@type\":\"ListItem\",\"@id\":\"https:\\\/\\\/pujolclima.com\\\/ca\\\/category\\\/aire-acondicionado\\\/#listItem\",\"name\":\"Aire Acondicionado\"}}]},{\"@type\":\"Organization\",\"@id\":\"https:\\\/\\\/pujolclima.com\\\/ca\\\/#organization\",\"name\":\"Pujolclima. Colaborador Oficial de Nedgia\",\"description\":\"Expertos en climatizaci\\u00f3n para hogares y empresas. Instalaci\\u00f3n, mantenimiento y reparaci\\u00f3n de aire acondicionado y calefacci\\u00f3n con tecnolog\\u00eda eficiente, servicio r\\u00e1pido y el mejor confort\\u00a0garantizado.\",\"url\":\"https:\\\/\\\/pujolclima.com\\\/ca\\\/\",\"telephone\":\"+34664582238\",\"logo\":{\"@type\":\"ImageObject\",\"url\":\"https:\\\/\\\/pujolclima.com\\\/wp-content\\\/uploads\\\/2025\\\/03\\\/cropped-PujolCLIMA-VECTOR-1.png\",\"@id\":\"https:\\\/\\\/pujolclima.com\\\/ca\\\/consumo-electrico-del-aire-acondicionado\\\/#organizationLogo\",\"width\":1925,\"height\":570},\"image\":{\"@id\":\"https:\\\/\\\/pujolclima.com\\\/ca\\\/consumo-electrico-del-aire-acondicionado\\\/#organizationLogo\"}},{\"@type\":\"Person\",\"@id\":\"https:\\\/\\\/pujolclima.com\\\/ca\\\/author\\\/fbmeta-growth\\\/#author\",\"url\":\"https:\\\/\\\/pujolclima.com\\\/ca\\\/author\\\/fbmeta-growth\\\/\",\"name\":\"fbmetagrowth\"},{\"@type\":\"WebPage\",\"@id\":\"https:\\\/\\\/pujolclima.com\\\/ca\\\/consumo-electrico-del-aire-acondicionado\\\/#webpage\",\"url\":\"https:\\\/\\\/pujolclima.com\\\/ca\\\/consumo-electrico-del-aire-acondicionado\\\/\",\"name\":\"Consumo el\\u00e9ctrico del aire acondicionado - Pujolclima. Expertos en climatizaci\\u00f3n\",\"description\":\"Las claves para entenderlo y reducirlo Desmitificando el Gasto: C\\u00f3mo Calcular el Consumo de tu Aire Acondicionado En plena temporada de calor, encender el aire acondicionado es casi una necesidad. Sin embargo, a menudo nos asalta la misma preocupaci\\u00f3n: \\u00bfcu\\u00e1nto va a subir la factura de la luz? Entender el consumo el\\u00e9ctrico del aire acondicionado\",\"inLanguage\":\"ca\",\"isPartOf\":{\"@id\":\"https:\\\/\\\/pujolclima.com\\\/ca\\\/#website\"},\"breadcrumb\":{\"@id\":\"https:\\\/\\\/pujolclima.com\\\/ca\\\/consumo-electrico-del-aire-acondicionado\\\/#breadcrumblist\"},\"author\":{\"@id\":\"https:\\\/\\\/pujolclima.com\\\/ca\\\/author\\\/fbmeta-growth\\\/#author\"},\"creator\":{\"@id\":\"https:\\\/\\\/pujolclima.com\\\/ca\\\/author\\\/fbmeta-growth\\\/#author\"},\"image\":{\"@type\":\"ImageObject\",\"url\":\"https:\\\/\\\/pujolclima.com\\\/wp-content\\\/uploads\\\/2025\\\/07\\\/sonriente-joven-relajarse-tumbado-en-el-sofa-1-scaled.jpeg\",\"@id\":\"https:\\\/\\\/pujolclima.com\\\/ca\\\/consumo-electrico-del-aire-acondicionado\\\/#mainImage\",\"width\":2560,\"height\":1707,\"caption\":\"consumo el\\u00e9ctrico del aire acondicionado\"},\"primaryImageOfPage\":{\"@id\":\"https:\\\/\\\/pujolclima.com\\\/ca\\\/consumo-electrico-del-aire-acondicionado\\\/#mainImage\"},\"datePublished\":\"2025-07-19T12:55:31+02:00\",\"dateModified\":\"2025-07-19T12:55:38+02:00\"},{\"@type\":\"WebSite\",\"@id\":\"https:\\\/\\\/pujolclima.com\\\/ca\\\/#website\",\"url\":\"https:\\\/\\\/pujolclima.com\\\/ca\\\/\",\"name\":\"Pujolclima. Colaborador Gas Natural Fernosa\",\"description\":\"Expertos en climatizaci\\u00f3n para hogares y empresas. Instalaci\\u00f3n, mantenimiento y reparaci\\u00f3n de aire acondicionado y calefacci\\u00f3n con tecnolog\\u00eda eficiente, servicio r\\u00e1pido y el mejor confort\\u00a0garantizado.\",\"inLanguage\":\"ca\",\"publisher\":{\"@id\":\"https:\\\/\\\/pujolclima.com\\\/ca\\\/#organization\"}}]}\n\t\t<\/script>\n\t\t<!-- All in One SEO -->\n\n","aioseo_head_json":{"title":"Consumo el\u00e9ctrico del aire acondicionado - Pujolclima. Expertos en climatizaci\u00f3n","description":"Las claves para entenderlo y reducirlo Desmitificando el Gasto: C\u00f3mo Calcular el Consumo de tu Aire Acondicionado En plena temporada de calor, encender el aire acondicionado es casi una necesidad. Sin embargo, a menudo nos asalta la misma preocupaci\u00f3n: \u00bfcu\u00e1nto va a subir la factura de la luz? Entender el consumo el\u00e9ctrico del aire acondicionado","canonical_url":"https:\/\/pujolclima.com\/ca\/consumo-electrico-del-aire-acondicionado\/","robots":"max-image-preview:large","keywords":"","webmasterTools":{"miscellaneous":""},"schema":{"@context":"https:\/\/schema.org","@graph":[{"@type":"BlogPosting","@id":"https:\/\/pujolclima.com\/ca\/consumo-electrico-del-aire-acondicionado\/#blogposting","name":"Consumo el\u00e9ctrico del aire acondicionado - Pujolclima. Expertos en climatizaci\u00f3n","headline":"Consumo el\u00e9ctrico del aire acondicionado","author":{"@id":"https:\/\/pujolclima.com\/ca\/author\/fbmeta-growth\/#author"},"publisher":{"@id":"https:\/\/pujolclima.com\/ca\/#organization"},"image":{"@type":"ImageObject","url":"https:\/\/pujolclima.com\/wp-content\/uploads\/2025\/07\/sonriente-joven-relajarse-tumbado-en-el-sofa-1-scaled.jpeg","width":2560,"height":1707,"caption":"consumo el\u00e9ctrico del aire acondicionado"},"datePublished":"2025-07-19T12:55:31+02:00","dateModified":"2025-07-19T12:55:38+02:00","inLanguage":"ca","mainEntityOfPage":{"@id":"https:\/\/pujolclima.com\/ca\/consumo-electrico-del-aire-acondicionado\/#webpage"},"isPartOf":{"@id":"https:\/\/pujolclima.com\/ca\/consumo-electrico-del-aire-acondicionado\/#webpage"},"articleSection":"Aire Acondicionado, Aire acondicionado Terrassa, aislamiento t\u00e9rmico"},{"@type":"BreadcrumbList","@id":"https:\/\/pujolclima.com\/ca\/consumo-electrico-del-aire-acondicionado\/#breadcrumblist","itemListElement":[{"@type":"ListItem","@id":"https:\/\/pujolclima.com\/ca#listItem","position":1,"name":"Inicio","item":"https:\/\/pujolclima.com\/ca","nextItem":{"@type":"ListItem","@id":"https:\/\/pujolclima.com\/ca\/category\/aire-acondicionado\/#listItem","name":"Aire Acondicionado"}},{"@type":"ListItem","@id":"https:\/\/pujolclima.com\/ca\/category\/aire-acondicionado\/#listItem","position":2,"name":"Aire Acondicionado","item":"https:\/\/pujolclima.com\/ca\/category\/aire-acondicionado\/","nextItem":{"@type":"ListItem","@id":"https:\/\/pujolclima.com\/ca\/consumo-electrico-del-aire-acondicionado\/#listItem","name":"Consumo el\u00e9ctrico del aire acondicionado"},"previousItem":{"@type":"ListItem","@id":"https:\/\/pujolclima.com\/ca#listItem","name":"Inicio"}},{"@type":"ListItem","@id":"https:\/\/pujolclima.com\/ca\/consumo-electrico-del-aire-acondicionado\/#listItem","position":3,"name":"Consumo el\u00e9ctrico del aire acondicionado","previousItem":{"@type":"ListItem","@id":"https:\/\/pujolclima.com\/ca\/category\/aire-acondicionado\/#listItem","name":"Aire Acondicionado"}}]},{"@type":"Organization","@id":"https:\/\/pujolclima.com\/ca\/#organization","name":"Pujolclima. Colaborador Oficial de Nedgia","description":"Expertos en climatizaci\u00f3n para hogares y empresas. Instalaci\u00f3n, mantenimiento y reparaci\u00f3n de aire acondicionado y calefacci\u00f3n con tecnolog\u00eda eficiente, servicio r\u00e1pido y el mejor confort\u00a0garantizado.","url":"https:\/\/pujolclima.com\/ca\/","telephone":"+34664582238","logo":{"@type":"ImageObject","url":"https:\/\/pujolclima.com\/wp-content\/uploads\/2025\/03\/cropped-PujolCLIMA-VECTOR-1.png","@id":"https:\/\/pujolclima.com\/ca\/consumo-electrico-del-aire-acondicionado\/#organizationLogo","width":1925,"height":570},"image":{"@id":"https:\/\/pujolclima.com\/ca\/consumo-electrico-del-aire-acondicionado\/#organizationLogo"}},{"@type":"Person","@id":"https:\/\/pujolclima.com\/ca\/author\/fbmeta-growth\/#author","url":"https:\/\/pujolclima.com\/ca\/author\/fbmeta-growth\/","name":"fbmetagrowth"},{"@type":"WebPage","@id":"https:\/\/pujolclima.com\/ca\/consumo-electrico-del-aire-acondicionado\/#webpage","url":"https:\/\/pujolclima.com\/ca\/consumo-electrico-del-aire-acondicionado\/","name":"Consumo el\u00e9ctrico del aire acondicionado - Pujolclima. Expertos en climatizaci\u00f3n","description":"Las claves para entenderlo y reducirlo Desmitificando el Gasto: C\u00f3mo Calcular el Consumo de tu Aire Acondicionado En plena temporada de calor, encender el aire acondicionado es casi una necesidad. Sin embargo, a menudo nos asalta la misma preocupaci\u00f3n: \u00bfcu\u00e1nto va a subir la factura de la luz? Entender el consumo el\u00e9ctrico del aire acondicionado","inLanguage":"ca","isPartOf":{"@id":"https:\/\/pujolclima.com\/ca\/#website"},"breadcrumb":{"@id":"https:\/\/pujolclima.com\/ca\/consumo-electrico-del-aire-acondicionado\/#breadcrumblist"},"author":{"@id":"https:\/\/pujolclima.com\/ca\/author\/fbmeta-growth\/#author"},"creator":{"@id":"https:\/\/pujolclima.com\/ca\/author\/fbmeta-growth\/#author"},"image":{"@type":"ImageObject","url":"https:\/\/pujolclima.com\/wp-content\/uploads\/2025\/07\/sonriente-joven-relajarse-tumbado-en-el-sofa-1-scaled.jpeg","@id":"https:\/\/pujolclima.com\/ca\/consumo-electrico-del-aire-acondicionado\/#mainImage","width":2560,"height":1707,"caption":"consumo el\u00e9ctrico del aire acondicionado"},"primaryImageOfPage":{"@id":"https:\/\/pujolclima.com\/ca\/consumo-electrico-del-aire-acondicionado\/#mainImage"},"datePublished":"2025-07-19T12:55:31+02:00","dateModified":"2025-07-19T12:55:38+02:00"},{"@type":"WebSite","@id":"https:\/\/pujolclima.com\/ca\/#website","url":"https:\/\/pujolclima.com\/ca\/","name":"Pujolclima. Colaborador Gas Natural Fernosa","description":"Expertos en climatizaci\u00f3n para hogares y empresas. Instalaci\u00f3n, mantenimiento y reparaci\u00f3n de aire acondicionado y calefacci\u00f3n con tecnolog\u00eda eficiente, servicio r\u00e1pido y el mejor confort\u00a0garantizado.","inLanguage":"ca","publisher":{"@id":"https:\/\/pujolclima.com\/ca\/#organization"}}]},"og:locale":"ca_ES","og:site_name":"Pujolclima. Expertos en climatizaci\u00f3n - Expertos en climatizaci\u00f3n para hogares y empresas. Instalaci\u00f3n, mantenimiento y reparaci\u00f3n de aire acondicionado y calefacci\u00f3n con tecnolog\u00eda eficiente, servicio r\u00e1pido y el mejor confort\u00a0garantizado.","og:type":"article","og:title":"Consumo el\u00e9ctrico del aire acondicionado - Pujolclima. Expertos en climatizaci\u00f3n","og:description":"Las claves para entenderlo y reducirlo Desmitificando el Gasto: C\u00f3mo Calcular el Consumo de tu Aire Acondicionado En plena temporada de calor, encender el aire acondicionado es casi una necesidad. Sin embargo, a menudo nos asalta la misma preocupaci\u00f3n: \u00bfcu\u00e1nto va a subir la factura de la luz? Entender el consumo el\u00e9ctrico del aire acondicionado","og:url":"https:\/\/pujolclima.com\/ca\/consumo-electrico-del-aire-acondicionado\/","og:image":"https:\/\/pujolclima.com\/wp-content\/uploads\/2025\/03\/cropped-PujolCLIMA-VECTOR-1.png","og:image:secure_url":"https:\/\/pujolclima.com\/wp-content\/uploads\/2025\/03\/cropped-PujolCLIMA-VECTOR-1.png","article:published_time":"2025-07-19T10:55:31+00:00","article:modified_time":"2025-07-19T10:55:38+00:00","twitter:card":"summary_large_image","twitter:title":"Consumo el\u00e9ctrico del aire acondicionado - Pujolclima. Expertos en climatizaci\u00f3n","twitter:description":"Las claves para entenderlo y reducirlo Desmitificando el Gasto: C\u00f3mo Calcular el Consumo de tu Aire Acondicionado En plena temporada de calor, encender el aire acondicionado es casi una necesidad. Sin embargo, a menudo nos asalta la misma preocupaci\u00f3n: \u00bfcu\u00e1nto va a subir la factura de la luz? Entender el consumo el\u00e9ctrico del aire acondicionado","twitter:image":"https:\/\/pujolclima.com\/wp-content\/uploads\/2025\/03\/cropped-PujolCLIMA-VECTOR-1.png"},"aioseo_meta_data":{"post_id":"5617","title":null,"description":null,"keywords":null,"keyphrases":{"focus":[],"additional":[]},"primary_term":null,"canonical_url":null,"og_title":null,"og_description":null,"og_object_type":"default","og_image_type":"default","og_image_url":null,"og_image_width":null,"og_image_height":null,"og_image_custom_url":null,"og_image_custom_fields":null,"og_video":"","og_custom_url":null,"og_article_section":null,"og_article_tags":null,"twitter_use_og":false,"twitter_card":"default","twitter_image_type":"default","twitter_image_url":null,"twitter_image_custom_url":null,"twitter_image_custom_fields":null,"twitter_title":null,"twitter_description":null,"schema":{"blockGraphs":[],"customGraphs":[],"default":{"data":{"Article":[],"Course":[],"Dataset":[],"FAQPage":[],"Movie":[],"Person":[],"Product":[],"ProductReview":[],"Car":[],"Recipe":[],"Service":[],"SoftwareApplication":[],"WebPage":[]},"graphName":"BlogPosting","isEnabled":true},"graphs":[]},"schema_type":"default","schema_type_options":null,"pillar_content":false,"robots_default":true,"robots_noindex":false,"robots_noarchive":false,"robots_nosnippet":false,"robots_nofollow":false,"robots_noimageindex":false,"robots_noodp":false,"robots_notranslate":false,"robots_max_snippet":"-1","robots_max_videopreview":"-1","robots_max_imagepreview":"large","priority":null,"frequency":"default","local_seo":null,"breadcrumb_settings":null,"limit_modified_date":false,"ai":{"faqs":[],"keyPoints":[],"titles":[],"descriptions":[],"socialPosts":{"email":[],"linkedin":[],"twitter":[],"facebook":[],"instagram":[]}},"created":"2025-07-19 10:55:38","updated":"2026-09-04 09:16:54","focus_keyword":null,"additional_keywords":null,"truseo_locale":null,"seo_analyzer_scan_date":null},"aioseo_breadcrumb":"<div class=\"aioseo-breadcrumbs\"><span class=\"aioseo-breadcrumb\">\n\t\t\t<a href=\"https:\/\/pujolclima.com\/ca\" title=\"Inicio\">Inicio<\/a>\n\t\t<\/span><span class=\"aioseo-breadcrumb-separator\">&raquo;<\/span><span class=\"aioseo-breadcrumb\">\n\t\t\t<a href=\"https:\/\/pujolclima.com\/ca\/category\/aire-acondicionado\/\" title=\"Aire Acondicionado\">Aire Acondicionado<\/a>\n\t\t<\/span><span class=\"aioseo-breadcrumb-separator\">&raquo;<\/span><span class=\"aioseo-breadcrumb\">\n\t\t\tConsumo el\u00e9ctrico del aire acondicionado\n\t\t<\/span><\/div>","aioseo_breadcrumb_json":[{"label":"Inicio","link":"https:\/\/pujolclima.com\/ca"},{"label":"Aire Acondicionado","link":"https:\/\/pujolclima.com\/ca\/category\/aire-acondicionado\/"},{"label":"Consumo el\u00e9ctrico del aire acondicionado","link":"https:\/\/pujolclima.com\/ca\/consumo-electrico-del-aire-acondicionado\/"}],"taxonomy_info":{"category":[{"value":59,"label":"Aire Acondicionado"},{"value":93,"label":"Aire acondicionado Terrassa"},{"value":222,"label":"aislamiento t\u00e9rmico"}]},"featured_image_src_large":["https:\/\/pujolclima.com\/wp-content\/uploads\/2025\/07\/sonriente-joven-relajarse-tumbado-en-el-sofa-1-1024x683.jpeg",1024,683,true],"author_info":{"display_name":"fbmetagrowth","author_link":"https:\/\/pujolclima.com\/ca\/author\/fbmeta-growth\/"},"comment_info":0,"category_info":[{"term_id":59,"name":"Aire Acondicionado","slug":"aire-acondicionado","term_group":0,"term_taxonomy_id":59,"taxonomy":"category","description":"","parent":0,"count":55,"filter":"raw","term_order":"12","cat_ID":59,"category_count":55,"category_description":"","cat_name":"Aire Acondicionado","category_nicename":"aire-acondicionado","category_parent":0},{"term_id":93,"name":"Aire acondicionado Terrassa","slug":"aire-acondicionado-terrassa","term_group":0,"term_taxonomy_id":93,"taxonomy":"category","description":"","parent":0,"count":11,"filter":"raw","term_order":"6","cat_ID":93,"category_count":11,"category_description":"","cat_name":"Aire acondicionado Terrassa","category_nicename":"aire-acondicionado-terrassa","category_parent":0},{"term_id":222,"name":"aislamiento t\u00e9rmico","slug":"aislamiento-termico","term_group":0,"term_taxonomy_id":222,"taxonomy":"category","description":"","parent":0,"count":3,"filter":"raw","term_order":"2","cat_ID":222,"category_count":3,"category_description":"","cat_name":"aislamiento t\u00e9rmico","category_nicename":"aislamiento-termico","category_parent":0}],"tag_info":false,"_links":{"self":[{"href":"https:\/\/pujolclima.com\/ca\/wp-json\/wp\/v2\/posts\/5617","targetHints":{"allow":["GET"]}}],"collection":[{"href":"https:\/\/pujolclima.com\/ca\/wp-json\/wp\/v2\/posts"}],"about":[{"href":"https:\/\/pujolclima.com\/ca\/wp-json\/wp\/v2\/types\/post"}],"author":[{"embeddable":true,"href":"https:\/\/pujolclima.com\/ca\/wp-json\/wp\/v2\/users\/6"}],"replies":[{"embeddable":true,"href":"https:\/\/pujolclima.com\/ca\/wp-json\/wp\/v2\/comments?post=5617"}],"version-history":[{"count":0,"href":"https:\/\/pujolclima.com\/ca\/wp-json\/wp\/v2\/posts\/5617\/revisions"}],"wp:featuredmedia":[{"embeddable":true,"href":"https:\/\/pujolclima.com\/ca\/wp-json\/wp\/v2\/media\/5618"}],"wp:attachment":[{"href":"https:\/\/pujolclima.com\/ca\/wp-json\/wp\/v2\/media?parent=5617"}],"wp:term":[{"taxonomy":"category","embeddable":true,"href":"https:\/\/pujolclima.com\/ca\/wp-json\/wp\/v2\/categories?post=5617"},{"taxonomy":"post_tag","embeddable":true,"href":"https:\/\/pujolclima.com\/ca\/wp-json\/wp\/v2\/tags?post=5617"}],"curies":[{"name":"wp","href":"https:\/\/api.w.org\/{rel}","templated":true}]}}