{"id":5624,"date":"2025-07-29T14:00:09","date_gmt":"2025-07-29T12:00:09","guid":{"rendered":"https:\/\/pujolclima.com\/?p=5624"},"modified":"2025-07-29T14:13:32","modified_gmt":"2025-07-29T12:13:32","slug":"cambio-climatico","status":"publish","type":"post","link":"https:\/\/pujolclima.com\/ca\/cambio-climatico\/","title":{"rendered":"Cambio Clim\u00e1tico"},"content":{"rendered":"<hr class=\"wp-block-separator has-alpha-channel-opacity\"\/>\n\n\n\n<h1 class=\"wp-block-heading\">\u00bfC\u00f3mo Afecta el Cambio Clim\u00e1tico a Nuestros Hogares? Estrategias de Adaptaci\u00f3n con <strong>PujolClima<\/strong><\/h1>\n\n\n\n<p class=\"wp-block-paragraph\">El <strong>cambio clim\u00e1tico<\/strong> es una realidad ineludible que redefine no solo nuestro planeta, sino tambi\u00e9n la forma en que vivimos y nos relacionamos con nuestros espacios m\u00e1s \u00edntimos: nuestros hogares. Las <strong><a href=\"https:\/\/pujolclima.com\/ca\/productos-aire-acondicionado\/\" title=\"\">variaciones extremas de temperatura<\/a><\/strong>, los patrones meteorol\u00f3gicos impredecibles y el aumento de los <strong>costes energ\u00e9ticos<\/strong> son solo algunas de las consecuencias directas que ya estamos experimentando. Como expertos en <strong>climatitzaci\u00f3<\/strong> i <strong>soluciones energ\u00e9ticas eficientes<\/strong> en PujolClima, entendemos la urgencia de adaptar nuestras viviendas para afrontar estos desaf\u00edos. Este art\u00edculo explorar\u00e1 en profundidad c\u00f3mo el <strong>cambio clim\u00e1tico<\/strong> impacta en nuestros hogares y, lo que es m\u00e1s importante, c\u00f3mo podemos prepararnos y protegernos con <strong>tecnolog\u00eda de vanguardia<\/strong> i <strong>pr\u00e1cticas sostenibles<\/strong>.<\/p>\n\n\n\n<hr class=\"wp-block-separator has-alpha-channel-opacity\"\/>\n\n\n\n<h2 class=\"wp-block-heading\">Entendiendo el Impacto Clim\u00e1tico en el Confort Dom\u00e9stico<\/h2>\n\n\n\n<p class=\"wp-block-paragraph\">El aumento de las <strong>temperaturas globales<\/strong> se traduce en <strong>veranos m\u00e1s largos e intensos<\/strong> y, en muchas regiones, inviernos con fen\u00f3menos extremos. Estas condiciones alteran significativamente el <strong>confort t\u00e9rmico<\/strong> de nuestros hogares, un factor crucial para nuestra salud y bienestar.<\/p>\n\n\n\n<h3 class=\"wp-block-heading\">El Calor Extremo y la Necesidad de Refrigeraci\u00f3n Eficiente<\/h3>\n\n\n\n<p class=\"wp-block-paragraph\">Con <strong>olas de calor<\/strong> cada vez m\u00e1s frecuentes y severas, la demanda de <strong>sistemas de refrigeraci\u00f3n<\/strong> se dispara. Sin embargo, un uso ineficiente de estos sistemas no solo incrementa el <strong>consumo energ\u00e9tico<\/strong> y, por ende, las facturas, sino que tambi\u00e9n contribuye al problema al aumentar la emisi\u00f3n de <strong>gases de efecto invernadero<\/strong>. La elecci\u00f3n de equipos de <strong><a href=\"https:\/\/pujolclima.com\/ca\/productos-aire-acondicionado\/\" title=\"\">aire condicionat<\/a><\/strong> amb <strong>tecnolog\u00eda avanzada<\/strong>, como los que ofrece <strong>PujolClima<\/strong>, es fundamental para garantizar un ambiente fresco sin comprometer la <strong>sostenibilidad<\/strong>. Hablamos de sistemas que optimizan el consumo, como los <strong>splits<\/strong>, <strong>multi-splits<\/strong>, <strong>conductes<\/strong> y los innovadores sistemas <strong>VRF<\/strong>, dise\u00f1ados para ofrecer el m\u00e1ximo rendimiento con el m\u00ednimo impacto ambiental.<\/p>\n\n\n\n<h3 class=\"wp-block-heading\">Desaf\u00edos en Calefacci\u00f3n: Invierno y Patrones An\u00f3malos<\/h3>\n\n\n\n<p class=\"wp-block-paragraph\">Aunque el foco principal del <strong>cambio clim\u00e1tico<\/strong> suele ser el calor, los inviernos no quedan exentos de sus efectos. Podemos experimentar inviernos m\u00e1s suaves, pero tambi\u00e9n episodios de fr\u00edo intenso o tormentas inesperadas que exigen <strong><a href=\"https:\/\/pujolclima.com\/ca\/aerotermia\/\" title=\"\">sistemes de calefacci\u00f3<\/a><\/strong> robustos y adaptables. La clave est\u00e1 en sistemas que no solo calienten eficientemente, sino que tambi\u00e9n sean capaces de responder a estas fluctuaciones sin un consumo excesivo. Aqu\u00ed es donde soluciones como la <strong>aerot\u00e8rmia<\/strong> y las <strong>calderas de alta eficiencia energ\u00e9tica<\/strong> que instalamos en <strong>PujolClima<\/strong> cobran una relevancia vital, ya que permiten mantener el hogar c\u00e1lido y confortable de manera <strong>sostenible<\/strong>.<\/p>\n\n\n\n<hr class=\"wp-block-separator has-alpha-channel-opacity\"\/>\n\n\n\n<h2 class=\"wp-block-heading\">La Salud y el Bienestar en un Clima Cambiante<\/h2>\n\n\n\n<p class=\"wp-block-paragraph\">El impacto del <strong>cambio clim\u00e1tico<\/strong> en nuestros hogares va m\u00e1s all\u00e1 del <strong>confort t\u00e9rmico<\/strong>, afectando directamente nuestra <strong>salud y bienestar<\/strong>.<\/p>\n\n\n\n<h3 class=\"wp-block-heading\">Calidad del Aire Interior y Contaminantes<\/h3>\n\n\n\n<p class=\"wp-block-paragraph\">El aumento de la <strong>contaminaci\u00f3n ambiental<\/strong> y los fen\u00f3menos como las <strong>olas de calor<\/strong> pueden repercutir en la <strong>calidad del aire interior<\/strong> dentro de nuestras casas. Los <strong>sistemas de climatizaci\u00f3n modernos<\/strong>, como los que instalamos en <strong>PujolClima<\/strong>, a menudo incorporan <strong>filtros avanzados<\/strong> que purifican el aire, eliminando al\u00e9rgenos, polvo y otros contaminantes, creando un ambiente m\u00e1s saludable.<\/p>\n\n\n\n<h3 class=\"wp-block-heading\">El Estr\u00e9s T\u00e9rmico y su Impacto en la Salud<\/h3>\n\n\n\n<p class=\"wp-block-paragraph\">Les <strong>temperaturas extremas<\/strong>, tanto el fr\u00edo como el calor, pueden provocar <strong>estr\u00e9s t\u00e9rmico<\/strong>, afectando negativamente la salud cardiovascular, respiratoria y mental de las personas, especialmente de los m\u00e1s vulnerables. Un hogar con una <strong><a href=\"https:\/\/pujolclima.com\/ca\/aerotermia\/\" title=\"\">climatizaci\u00f3n adecuada<\/a><\/strong> es un refugio esencial frente a estos riesgos, permitiendo a sus ocupantes mantener una temperatura corporal \u00f3ptima y descansar adecuadamente.<\/p>\n\n\n\n<hr class=\"wp-block-separator has-alpha-channel-opacity\"\/>\n\n\n\n<h2 class=\"wp-block-heading\">Eficiencia Energ\u00e9tica: La Clave para un Hogar Resiliente<\/h2>\n\n\n\n<p class=\"wp-block-paragraph\">La <strong>efici\u00e8ncia energ\u00e8tica<\/strong> es el pilar fundamental para adaptar nuestros hogares al <strong>cambio clim\u00e1tico<\/strong>. No solo nos permite reducir el <strong>consumo<\/strong> y el gasto, sino que tambi\u00e9n disminuye nuestra <strong>huella de carbono<\/strong>, contribuyendo a mitigar el problema a largo plazo.<\/p>\n\n\n\n<h3 class=\"wp-block-heading\">Aerot\u00e8rmia: La Revoluci\u00f3 Sostenible per a la teva Llar i Confort<\/h3>\n\n\n\n<p class=\"wp-block-paragraph\">La <strong>aerot\u00e8rmia<\/strong>, una de las soluciones m\u00e1s destacadas en <strong>PujolClima<\/strong>, es un <strong>sistema de climatitzaci\u00f3<\/strong> que aprovecha la energ\u00eda del aire para calentar, refrigerar y producir agua caliente sanitaria. Es una <strong>tecnolog\u00eda de vanguardia<\/strong>, altamente eficiente y que representa una \u00ab<strong><a href=\"https:\/\/pujolclima.com\/ca\/aerotermia\/\" title=\"\">revoluci\u00f3n sostenible<\/a><\/strong>\u00bb para el hogar. Su bajo consumo y su capacidad para funcionar con <strong>energ\u00eda renovable<\/strong> la convierten en una opci\u00f3n ideal para aquellos que buscan un impacto ambiental m\u00ednimo y un ahorro significativo en sus facturas.<\/p>\n\n\n\n<h3 class=\"wp-block-heading\">Energ\u00eda Solar: Autoconsumo y Reducci\u00f3n de la Dependencia Energ\u00e9tica<\/h3>\n\n\n\n<p class=\"wp-block-paragraph\">La <strong>energ\u00eda solar fotovoltaica<\/strong>, otra de las \u00e1reas de expertise de <strong>PujolClima<\/strong>, ofrece a los hogares la posibilidad de generar su propia electricidad. Esto no solo reduce dr\u00e1sticamente la dependencia de la <strong>red el\u00e9ctrica<\/strong> y sus fluctuaciones de precios, sino que tambi\u00e9n permite apostar por una \u00ab<strong>energ\u00eda limpia<\/strong>\u00bb y \u00abdejar de depender de las grandes el\u00e9ctricas\u00bb. Los sistemas de almacenamiento con bater\u00eda y los cargadores para veh\u00edculos el\u00e9ctricos complementan esta soluci\u00f3n, permitiendo un <strong>autoconsumo<\/strong> \u00f3ptimo y una <strong>movilidad m\u00e1s sostenible<\/strong>.<\/p>\n\n\n\n<hr class=\"wp-block-separator has-alpha-channel-opacity\"\/>\n\n\n\n<h2 class=\"wp-block-heading\">Adaptaci\u00f3n Estructural y Tecnol\u00f3gica del Hogar<\/h2>\n\n\n\n<p class=\"wp-block-paragraph\">Adem\u00e1s de los sistemas de climatizaci\u00f3n, existen otras medidas estructurales y tecnol\u00f3gicas que pueden hacer nuestros hogares m\u00e1s resilientes frente al <strong>cambio clim\u00e1tico<\/strong>.<\/p>\n\n\n\n<h3 class=\"wp-block-heading\">Aislamiento T\u00e9rmico: La Primera Barrera<\/h3>\n\n\n\n<p class=\"wp-block-paragraph\">Un buen <strong>aislamiento<\/strong> en paredes, techos y ventanas es crucial para mantener la <strong>temperatura interior estable<\/strong>, reduciendo la necesidad de usar sistemas de climatizaci\u00f3n y, por lo tanto, el <strong>consumo energ\u00e9tico<\/strong>. La combinaci\u00f3n de un <strong>aislamiento adecuado<\/strong> con equipos de alta eficiencia es la receta para un hogar verdaderamente resiliente.<\/p>\n\n\n\n<h3 class=\"wp-block-heading\">Sistemas de Climatizaci\u00f3n Inteligente y Automatizaci\u00f3n<\/h3>\n\n\n\n<p class=\"wp-block-paragraph\">La <strong><a href=\"https:\/\/pujolclima.com\/ca\/aerotermia\/\" title=\"\">climatizaci\u00f3n inteligente<\/a><\/strong> permite gestionar y optimizar el <strong>consumo energ\u00e9tico<\/strong> de forma autom\u00e1tica, adapt\u00e1ndose a las necesidades reales del hogar y a las condiciones meteorol\u00f3gicas. En <strong>PujolClima<\/strong>, fomentamos la implementaci\u00f3n de estas soluciones, que no solo aportan <strong>confort y ahorro<\/strong>, sino que tambi\u00e9n empoderan al usuario para tomar un control m\u00e1s activo sobre su consumo de energ\u00eda.<\/p>\n\n\n\n<hr class=\"wp-block-separator has-alpha-channel-opacity\"\/>\n\n\n\n<h2 class=\"wp-block-heading\">El Rol de <strong>PujolClima<\/strong> en la Adaptaci\u00f3n de tu Hogar<\/h2>\n\n\n\n<p class=\"wp-block-paragraph\">A <strong>PujolClima<\/strong>, somos conscientes de que cada hogar es \u00fanico y requiere <strong>soluciones personalizadas<\/strong>. Nuestra experiencia en <strong>instalaci\u00f3n, mantenimiento y reparaci\u00f3n<\/strong> de sistemes de <strong><a href=\"https:\/\/pujolclima.com\/ca\/productos-aire-acondicionado\/\" title=\"\">aire condicionat<\/a><\/strong> i <strong>calefacci\u00f3<\/strong>, combinada con nuestro compromiso con la <strong>efici\u00e8ncia energ\u00e8tica<\/strong> i la <strong>sostenibilidad<\/strong>, nos posiciona como tu aliado ideal en esta era de <strong>cambio clim\u00e1tico<\/strong>.<\/p>\n\n\n\n<h3 class=\"wp-block-heading\">Asesoramiento Personalizado y Proyectos a Medida<\/h3>\n\n\n\n<p class=\"wp-block-paragraph\">Nuestro equipo de especialistas est\u00e1 altamente cualificado para llevar a cabo todos tus proyectos con la m\u00e1s alta calidad. Ofrecemos un <strong>servicio de climatizaci\u00f3n a tu medida<\/strong>, realizando estudios exhaustivos para identificar las necesidades espec\u00edficas de tu hogar y dise\u00f1ar la <strong>soluci\u00f3n m\u00e1s eficiente<\/strong> y adecuada. Ya sea para instalar un sistema de <strong><a href=\"https:\/\/pujolclima.com\/ca\/aerotermia\/\" title=\"\">aerot\u00e8rmia<\/a><\/strong>, actualizar tu <strong>aire condicionat<\/strong> o implementar <strong>soluciones de energ\u00eda solar<\/strong>, te acompa\u00f1amos en cada paso del proceso.<\/p>\n\n\n\n<h3 class=\"wp-block-heading\">Calidad y Financiaci\u00f3n para Inversiones Sostenibles<\/h3>\n\n\n\n<p class=\"wp-block-paragraph\">Colaboramos con las marcas m\u00e1s reconocidas del mercado, garantizando la <strong>calidad<\/strong> y la durabilidad de nuestras instalaciones. Adem\u00e1s, comprendemos que la inversi\u00f3n en <strong>soluciones energ\u00e9ticas eficientes<\/strong> puede ser significativa, por lo que ofrecemos opciones de <strong>financiaci\u00f3n<\/strong> para cubrir hasta el 100% de tu proyecto, facilitando tu inversi\u00f3n en un <strong><a href=\"https:\/\/pujolclima.com\/ca\/aerotermia\/\" title=\"\">futuro m\u00e1s sostenible<\/a><\/strong>.<\/p>\n\n\n\n<hr class=\"wp-block-separator has-alpha-channel-opacity\"\/>\n\n\n\n<h2 class=\"wp-block-heading\">Preguntas Frecuentes sobre el Cambio Clim\u00e1tico y tu Hogar<\/h2>\n\n\n\n<p class=\"wp-block-paragraph\">A continuaci\u00f3n, respondemos algunas de las preguntas m\u00e1s comunes sobre c\u00f3mo el <strong>cambio clim\u00e1tico<\/strong> afecta a nuestros hogares y qu\u00e9 podemos hacer al respecto.<\/p>\n\n\n\n<h3 class=\"wp-block-heading\">P&amp;A: Impacto y Soluciones<\/h3>\n\n\n\n<p class=\"wp-block-paragraph\"><strong>P1: \u00bfEs el aire acondicionado un problema para el cambio clim\u00e1tico?<\/strong> R1: El <strong>aire condicionat<\/strong> en s\u00ed mismo no es el problema, sino su uso ineficiente y la dependencia de fuentes de energ\u00eda no renovables. Los <strong>sistemas modernos<\/strong>, especialmente los que incorporan <strong>tecnologia inverter<\/strong> y refrigerantes de bajo GWP (potencial de calentamiento global), son mucho m\u00e1s eficientes. Combinarlos con <strong>energ\u00eda solar<\/strong> o <strong>aerot\u00e8rmia<\/strong> reduce dr\u00e1sticamente su impacto ambiental.<\/p>\n\n\n\n<p class=\"wp-block-paragraph\"><strong>P2: \u00bfQu\u00e9 es la aerotermia y por qu\u00e9 se considera sostenible?<\/strong> R2: La <strong>aerot\u00e8rmia<\/strong> es una tecnolog\u00eda que extrae la <strong>energ\u00eda t\u00e9rmica del aire exterior<\/strong> para climatizar un espacio y producir agua caliente. Se considera <strong>sostenible<\/strong> porque utiliza una fuente de <strong>energ\u00eda renovable<\/strong> y gratuita (el aire) y requiere una peque\u00f1a cantidad de electricidad para funcionar, lo que la hace muy eficiente y con bajas emisiones de carbono.<\/p>\n\n\n\n<p class=\"wp-block-paragraph\"><strong>P3: \u00bfC\u00f3mo puedo reducir mi factura de energ\u00eda mientras mantengo mi casa confortable?<\/strong> R3: Varias estrategias pueden ayudar: mejorar el <strong><a href=\"https:\/\/pujolclima.com\/ca\/aerotermia\/\" title=\"\">aislamiento de tu hogar<\/a><\/strong>, instalar <strong>sistemas de climatizaci\u00f3n de alta eficiencia<\/strong> como la <strong>aerot\u00e8rmia<\/strong> o <strong>aire acondicionado inverter<\/strong>, optar por la <strong>energ\u00eda solar<\/strong> per <strong>autoconsumo<\/strong> y utilizar <strong>sistemas de climatizaci\u00f3n inteligente<\/strong> para optimizar el uso. <strong>PujolClima<\/strong> puede asesorarte en todas estas \u00e1reas.<\/p>\n\n\n\n<p class=\"wp-block-paragraph\"><strong>P4: \u00bfEs la energ\u00eda solar realmente viable para todos los hogares?<\/strong> R4: La viabilidad de la <strong>energ\u00eda solar<\/strong> depende de varios factores, como la ubicaci\u00f3n geogr\u00e1fica, la orientaci\u00f3n del tejado y el <strong>consumo energ\u00e9tico<\/strong> del hogar. Sin embargo, con los avances tecnol\u00f3gicos y las opciones de financiaci\u00f3n, la <strong>energ\u00eda solar<\/strong> es cada vez m\u00e1s accesible y rentable para una amplia gama de hogares, incluso con soluciones de almacenamiento para garantizar el suministro.<\/p>\n\n\n\n<p class=\"wp-block-paragraph\"><strong>P5: \u00bfCon qu\u00e9 frecuencia debo hacer mantenimiento a mi sistema de climatizaci\u00f3n?<\/strong> R5: Se recomienda un <strong>mantenimiento regular<\/strong> de los <strong>sistemas de climatizaci\u00f3n<\/strong>, al menos una vez al a\u00f1o, para asegurar su \u00f3ptimo funcionamiento, <strong>efici\u00e8ncia<\/strong> y prolongar su vida \u00fatil. Un mantenimiento adecuado tambi\u00e9n contribuye a una mejor <strong>calidad del aire interior<\/strong>. <strong>PujolClima<\/strong> ofereix serveis de <strong>manteniment preventiu<\/strong> para garantizar el rendimiento de tus equipos.<\/p>\n\n\n\n<hr class=\"wp-block-separator has-alpha-channel-opacity\"\/>\n\n\n\n<h2 class=\"wp-block-heading\">Conclusi\u00f3n: Un Hogar Resiliente para un Futuro Sostenible<\/h2>\n\n\n\n<p class=\"wp-block-paragraph\">El <strong>cambio clim\u00e1tico<\/strong> nos exige una nueva perspectiva sobre c\u00f3mo concebimos y gestionamos nuestros hogares. Lejos de ser un problema insuperable, representa una oportunidad para innovar y construir espacios m\u00e1s eficientes, saludables y sostenibles. En <strong>PujolClima<\/strong>, estamos comprometidos con esta visi\u00f3n, ofreciendo <strong>soluciones de climatizaci\u00f3n<\/strong> i <strong>energ\u00eda<\/strong> que no solo garantizan el confort de tu familia, sino que tambi\u00e9n te permiten contribuir activamente a la lucha contra el <strong>cambio clim\u00e1tico<\/strong>. Invertir en <strong>tecnolog\u00eda de vanguardia<\/strong> i <strong>pr\u00e1cticas energ\u00e9ticas responsables<\/strong> es invertir en el futuro de tu hogar y del planeta.<\/p>\n\n\n\n<p class=\"wp-block-paragraph\">Para m\u00e1s informaci\u00f3n sobre c\u00f3mo podemos ayudarte a adaptar tu hogar a los desaf\u00edos del <strong>cambio clim\u00e1tico<\/strong>, visita nuestro sitio web oficial <a target=\"_blank\" rel=\"noreferrer noopener\" href=\"https:\/\/pujolclima.com\/ca\/\">PujolClima<\/a> o cont\u00e1ctanos directamente.<\/p>","protected":false},"excerpt":{"rendered":"<p>\u00bfC\u00f3mo Afecta el Cambio Clim\u00e1tico a Nuestros Hogares? Estrategias de Adaptaci\u00f3n con PujolClima El cambio clim\u00e1tico es una realidad ineludible que redefine no solo nuestro&#8230;<\/p>","protected":false},"author":6,"featured_media":5626,"comment_status":"closed","ping_status":"closed","sticky":false,"template":"","format":"standard","meta":{"_kad_blocks_custom_css":"","_kad_blocks_head_custom_js":"","_kad_blocks_body_custom_js":"","_kad_blocks_footer_custom_js":"","_kadence_starter_templates_imported_post":false,"_kad_post_transparent":"","_kad_post_title":"","_kad_post_layout":"","_kad_post_sidebar_id":"","_kad_post_content_style":"","_kad_post_vertical_padding":"","_kad_post_feature":"","_kad_post_feature_position":"","_kad_post_header":false,"_kad_post_footer":false,"_kad_post_classname":"","_joinchat":[],"footnotes":""},"categories":[59,222,69,49,57,55,1],"tags":[],"class_list":["post-5624","post","type-post","status-publish","format-standard","has-post-thumbnail","hentry","category-aire-acondicionado","category-aislamiento-termico","category-climatizacion","category-gas","category-instalacion-calefaccion","category-mantenimiento-aire-acondicionado","category-uncategorized"],"aioseo_notices":[],"aioseo_head":"\n\t\t<!-- All in One SEO 5.0.1.1 - aioseo.com -->\n\t<meta name=\"description\" content=\"\u00bfC\u00f3mo Afecta el Cambio Clim\u00e1tico a Nuestros Hogares? Estrategias de Adaptaci\u00f3n con PujolClima El cambio clim\u00e1tico es una realidad ineludible que redefine no solo nuestro planeta, sino tambi\u00e9n la forma en que vivimos y nos relacionamos con nuestros espacios m\u00e1s \u00edntimos: nuestros hogares. Las variaciones extremas de temperatura, los patrones meteorol\u00f3gicos impredecibles y el aumento\" \/>\n\t<meta name=\"robots\" content=\"max-image-preview:large\" \/>\n\t<meta name=\"author\" content=\"fbmetagrowth\"\/>\n\t<link rel=\"canonical\" href=\"https:\/\/pujolclima.com\/ca\/cambio-climatico\/\" \/>\n\t<meta name=\"generator\" content=\"All in One SEO (AIOSEO) 5.0.1.1\" \/>\n\t\t<meta property=\"og:locale\" content=\"ca_ES\" \/>\n\t\t<meta property=\"og:site_name\" content=\"Pujolclima. Expertos en climatizaci\u00f3n - Expertos en climatizaci\u00f3n para hogares y empresas. Instalaci\u00f3n, mantenimiento y reparaci\u00f3n de aire acondicionado y calefacci\u00f3n con tecnolog\u00eda eficiente, servicio r\u00e1pido y el mejor confort\u00a0garantizado.\" \/>\n\t\t<meta property=\"og:type\" content=\"article\" \/>\n\t\t<meta property=\"og:title\" content=\"Cambio Clim\u00e1tico - Pujolclima. Expertos en climatizaci\u00f3n\" \/>\n\t\t<meta property=\"og:description\" content=\"\u00bfC\u00f3mo Afecta el Cambio Clim\u00e1tico a Nuestros Hogares? Estrategias de Adaptaci\u00f3n con PujolClima El cambio clim\u00e1tico es una realidad ineludible que redefine no solo nuestro planeta, sino tambi\u00e9n la forma en que vivimos y nos relacionamos con nuestros espacios m\u00e1s \u00edntimos: nuestros hogares. Las variaciones extremas de temperatura, los patrones meteorol\u00f3gicos impredecibles y el aumento\" \/>\n\t\t<meta property=\"og:url\" content=\"https:\/\/pujolclima.com\/ca\/cambio-climatico\/\" \/>\n\t\t<meta property=\"og:image\" content=\"https:\/\/pujolclima.com\/wp-content\/uploads\/2025\/03\/cropped-PujolCLIMA-VECTOR-1.png\" \/>\n\t\t<meta property=\"og:image:secure_url\" content=\"https:\/\/pujolclima.com\/wp-content\/uploads\/2025\/03\/cropped-PujolCLIMA-VECTOR-1.png\" \/>\n\t\t<meta property=\"article:published_time\" content=\"2025-07-29T12:00:09+00:00\" \/>\n\t\t<meta property=\"article:modified_time\" content=\"2025-07-29T12:13:32+00:00\" \/>\n\t\t<meta name=\"twitter:card\" content=\"summary_large_image\" \/>\n\t\t<meta name=\"twitter:title\" content=\"Cambio Clim\u00e1tico - Pujolclima. Expertos en climatizaci\u00f3n\" \/>\n\t\t<meta name=\"twitter:description\" content=\"\u00bfC\u00f3mo Afecta el Cambio Clim\u00e1tico a Nuestros Hogares? Estrategias de Adaptaci\u00f3n con PujolClima El cambio clim\u00e1tico es una realidad ineludible que redefine no solo nuestro planeta, sino tambi\u00e9n la forma en que vivimos y nos relacionamos con nuestros espacios m\u00e1s \u00edntimos: nuestros hogares. Las variaciones extremas de temperatura, los patrones meteorol\u00f3gicos impredecibles y el aumento\" \/>\n\t\t<meta name=\"twitter:image\" content=\"https:\/\/pujolclima.com\/wp-content\/uploads\/2025\/03\/cropped-PujolCLIMA-VECTOR-1.png\" \/>\n\t\t<script type=\"application\/ld+json\" class=\"aioseo-schema\">\n\t\t\t{\"@context\":\"https:\\\/\\\/schema.org\",\"@graph\":[{\"@type\":\"BlogPosting\",\"@id\":\"https:\\\/\\\/pujolclima.com\\\/ca\\\/cambio-climatico\\\/#blogposting\",\"name\":\"Cambio Clim\\u00e1tico - Pujolclima. Expertos en climatizaci\\u00f3n\",\"headline\":\"Cambio Clim\\u00e1tico\",\"author\":{\"@id\":\"https:\\\/\\\/pujolclima.com\\\/ca\\\/author\\\/fbmeta-growth\\\/#author\"},\"publisher\":{\"@id\":\"https:\\\/\\\/pujolclima.com\\\/ca\\\/#organization\"},\"image\":{\"@type\":\"ImageObject\",\"url\":\"https:\\\/\\\/pujolclima.com\\\/wp-content\\\/uploads\\\/2025\\\/07\\\/ilustracion-en-pantalla-dividida-del-calentamiento-global-y-el-concepto-de-cambio-climatico-de-la-tierra-scaled.jpeg\",\"width\":2560,\"height\":1596,\"caption\":\"\\u00bfC\\u00f3mo Afecta el Cambio Clim\\u00e1tico a Nuestros Hogares?\"},\"datePublished\":\"2025-07-29T14:00:09+02:00\",\"dateModified\":\"2025-07-29T14:13:32+02:00\",\"inLanguage\":\"ca\",\"mainEntityOfPage\":{\"@id\":\"https:\\\/\\\/pujolclima.com\\\/ca\\\/cambio-climatico\\\/#webpage\"},\"isPartOf\":{\"@id\":\"https:\\\/\\\/pujolclima.com\\\/ca\\\/cambio-climatico\\\/#webpage\"},\"articleSection\":\"Aire Acondicionado, aislamiento t\\u00e9rmico, Climatizaci\\u00f3n, Gas, Instalacion calefaccion, Mantenimiento aire acondicionado, Uncategorized\"},{\"@type\":\"BreadcrumbList\",\"@id\":\"https:\\\/\\\/pujolclima.com\\\/ca\\\/cambio-climatico\\\/#breadcrumblist\",\"itemListElement\":[{\"@type\":\"ListItem\",\"@id\":\"https:\\\/\\\/pujolclima.com\\\/ca#listItem\",\"position\":1,\"name\":\"Inicio\",\"item\":\"https:\\\/\\\/pujolclima.com\\\/ca\",\"nextItem\":{\"@type\":\"ListItem\",\"@id\":\"https:\\\/\\\/pujolclima.com\\\/ca\\\/category\\\/uncategorized\\\/#listItem\",\"name\":\"Uncategorized\"}},{\"@type\":\"ListItem\",\"@id\":\"https:\\\/\\\/pujolclima.com\\\/ca\\\/category\\\/uncategorized\\\/#listItem\",\"position\":2,\"name\":\"Uncategorized\",\"item\":\"https:\\\/\\\/pujolclima.com\\\/ca\\\/category\\\/uncategorized\\\/\",\"nextItem\":{\"@type\":\"ListItem\",\"@id\":\"https:\\\/\\\/pujolclima.com\\\/ca\\\/cambio-climatico\\\/#listItem\",\"name\":\"Cambio Clim\\u00e1tico\"},\"previousItem\":{\"@type\":\"ListItem\",\"@id\":\"https:\\\/\\\/pujolclima.com\\\/ca#listItem\",\"name\":\"Inicio\"}},{\"@type\":\"ListItem\",\"@id\":\"https:\\\/\\\/pujolclima.com\\\/ca\\\/cambio-climatico\\\/#listItem\",\"position\":3,\"name\":\"Cambio Clim\\u00e1tico\",\"previousItem\":{\"@type\":\"ListItem\",\"@id\":\"https:\\\/\\\/pujolclima.com\\\/ca\\\/category\\\/uncategorized\\\/#listItem\",\"name\":\"Uncategorized\"}}]},{\"@type\":\"Organization\",\"@id\":\"https:\\\/\\\/pujolclima.com\\\/ca\\\/#organization\",\"name\":\"Pujolclima. Colaborador Oficial de Nedgia\",\"description\":\"Expertos en climatizaci\\u00f3n para hogares y empresas. Instalaci\\u00f3n, mantenimiento y reparaci\\u00f3n de aire acondicionado y calefacci\\u00f3n con tecnolog\\u00eda eficiente, servicio r\\u00e1pido y el mejor confort\\u00a0garantizado.\",\"url\":\"https:\\\/\\\/pujolclima.com\\\/ca\\\/\",\"telephone\":\"+34664582238\",\"logo\":{\"@type\":\"ImageObject\",\"url\":\"https:\\\/\\\/pujolclima.com\\\/wp-content\\\/uploads\\\/2025\\\/03\\\/cropped-PujolCLIMA-VECTOR-1.png\",\"@id\":\"https:\\\/\\\/pujolclima.com\\\/ca\\\/cambio-climatico\\\/#organizationLogo\",\"width\":1925,\"height\":570},\"image\":{\"@id\":\"https:\\\/\\\/pujolclima.com\\\/ca\\\/cambio-climatico\\\/#organizationLogo\"}},{\"@type\":\"Person\",\"@id\":\"https:\\\/\\\/pujolclima.com\\\/ca\\\/author\\\/fbmeta-growth\\\/#author\",\"url\":\"https:\\\/\\\/pujolclima.com\\\/ca\\\/author\\\/fbmeta-growth\\\/\",\"name\":\"fbmetagrowth\"},{\"@type\":\"WebPage\",\"@id\":\"https:\\\/\\\/pujolclima.com\\\/ca\\\/cambio-climatico\\\/#webpage\",\"url\":\"https:\\\/\\\/pujolclima.com\\\/ca\\\/cambio-climatico\\\/\",\"name\":\"Cambio Clim\\u00e1tico - Pujolclima. Expertos en climatizaci\\u00f3n\",\"description\":\"\\u00bfC\\u00f3mo Afecta el Cambio Clim\\u00e1tico a Nuestros Hogares? Estrategias de Adaptaci\\u00f3n con PujolClima El cambio clim\\u00e1tico es una realidad ineludible que redefine no solo nuestro planeta, sino tambi\\u00e9n la forma en que vivimos y nos relacionamos con nuestros espacios m\\u00e1s \\u00edntimos: nuestros hogares. Las variaciones extremas de temperatura, los patrones meteorol\\u00f3gicos impredecibles y el aumento\",\"inLanguage\":\"ca\",\"isPartOf\":{\"@id\":\"https:\\\/\\\/pujolclima.com\\\/ca\\\/#website\"},\"breadcrumb\":{\"@id\":\"https:\\\/\\\/pujolclima.com\\\/ca\\\/cambio-climatico\\\/#breadcrumblist\"},\"author\":{\"@id\":\"https:\\\/\\\/pujolclima.com\\\/ca\\\/author\\\/fbmeta-growth\\\/#author\"},\"creator\":{\"@id\":\"https:\\\/\\\/pujolclima.com\\\/ca\\\/author\\\/fbmeta-growth\\\/#author\"},\"image\":{\"@type\":\"ImageObject\",\"url\":\"https:\\\/\\\/pujolclima.com\\\/wp-content\\\/uploads\\\/2025\\\/07\\\/ilustracion-en-pantalla-dividida-del-calentamiento-global-y-el-concepto-de-cambio-climatico-de-la-tierra-scaled.jpeg\",\"@id\":\"https:\\\/\\\/pujolclima.com\\\/ca\\\/cambio-climatico\\\/#mainImage\",\"width\":2560,\"height\":1596,\"caption\":\"\\u00bfC\\u00f3mo Afecta el Cambio Clim\\u00e1tico a Nuestros Hogares?\"},\"primaryImageOfPage\":{\"@id\":\"https:\\\/\\\/pujolclima.com\\\/ca\\\/cambio-climatico\\\/#mainImage\"},\"datePublished\":\"2025-07-29T14:00:09+02:00\",\"dateModified\":\"2025-07-29T14:13:32+02:00\"},{\"@type\":\"WebSite\",\"@id\":\"https:\\\/\\\/pujolclima.com\\\/ca\\\/#website\",\"url\":\"https:\\\/\\\/pujolclima.com\\\/ca\\\/\",\"name\":\"Pujolclima. Colaborador Gas Natural Fernosa\",\"description\":\"Expertos en climatizaci\\u00f3n para hogares y empresas. Instalaci\\u00f3n, mantenimiento y reparaci\\u00f3n de aire acondicionado y calefacci\\u00f3n con tecnolog\\u00eda eficiente, servicio r\\u00e1pido y el mejor confort\\u00a0garantizado.\",\"inLanguage\":\"ca\",\"publisher\":{\"@id\":\"https:\\\/\\\/pujolclima.com\\\/ca\\\/#organization\"}}]}\n\t\t<\/script>\n\t\t<!-- All in One SEO -->\n\n","aioseo_head_json":{"title":"Cambio Clim\u00e1tico - Pujolclima. Expertos en climatizaci\u00f3n","description":"\u00bfC\u00f3mo Afecta el Cambio Clim\u00e1tico a Nuestros Hogares? Estrategias de Adaptaci\u00f3n con PujolClima El cambio clim\u00e1tico es una realidad ineludible que redefine no solo nuestro planeta, sino tambi\u00e9n la forma en que vivimos y nos relacionamos con nuestros espacios m\u00e1s \u00edntimos: nuestros hogares. Las variaciones extremas de temperatura, los patrones meteorol\u00f3gicos impredecibles y el aumento","canonical_url":"https:\/\/pujolclima.com\/ca\/cambio-climatico\/","robots":"max-image-preview:large","keywords":"","webmasterTools":{"miscellaneous":""},"schema":{"@context":"https:\/\/schema.org","@graph":[{"@type":"BlogPosting","@id":"https:\/\/pujolclima.com\/ca\/cambio-climatico\/#blogposting","name":"Cambio Clim\u00e1tico - Pujolclima. Expertos en climatizaci\u00f3n","headline":"Cambio Clim\u00e1tico","author":{"@id":"https:\/\/pujolclima.com\/ca\/author\/fbmeta-growth\/#author"},"publisher":{"@id":"https:\/\/pujolclima.com\/ca\/#organization"},"image":{"@type":"ImageObject","url":"https:\/\/pujolclima.com\/wp-content\/uploads\/2025\/07\/ilustracion-en-pantalla-dividida-del-calentamiento-global-y-el-concepto-de-cambio-climatico-de-la-tierra-scaled.jpeg","width":2560,"height":1596,"caption":"\u00bfC\u00f3mo Afecta el Cambio Clim\u00e1tico a Nuestros Hogares?"},"datePublished":"2025-07-29T14:00:09+02:00","dateModified":"2025-07-29T14:13:32+02:00","inLanguage":"ca","mainEntityOfPage":{"@id":"https:\/\/pujolclima.com\/ca\/cambio-climatico\/#webpage"},"isPartOf":{"@id":"https:\/\/pujolclima.com\/ca\/cambio-climatico\/#webpage"},"articleSection":"Aire Acondicionado, aislamiento t\u00e9rmico, Climatizaci\u00f3n, Gas, Instalacion calefaccion, Mantenimiento aire acondicionado, Uncategorized"},{"@type":"BreadcrumbList","@id":"https:\/\/pujolclima.com\/ca\/cambio-climatico\/#breadcrumblist","itemListElement":[{"@type":"ListItem","@id":"https:\/\/pujolclima.com\/ca#listItem","position":1,"name":"Inicio","item":"https:\/\/pujolclima.com\/ca","nextItem":{"@type":"ListItem","@id":"https:\/\/pujolclima.com\/ca\/category\/uncategorized\/#listItem","name":"Uncategorized"}},{"@type":"ListItem","@id":"https:\/\/pujolclima.com\/ca\/category\/uncategorized\/#listItem","position":2,"name":"Uncategorized","item":"https:\/\/pujolclima.com\/ca\/category\/uncategorized\/","nextItem":{"@type":"ListItem","@id":"https:\/\/pujolclima.com\/ca\/cambio-climatico\/#listItem","name":"Cambio Clim\u00e1tico"},"previousItem":{"@type":"ListItem","@id":"https:\/\/pujolclima.com\/ca#listItem","name":"Inicio"}},{"@type":"ListItem","@id":"https:\/\/pujolclima.com\/ca\/cambio-climatico\/#listItem","position":3,"name":"Cambio Clim\u00e1tico","previousItem":{"@type":"ListItem","@id":"https:\/\/pujolclima.com\/ca\/category\/uncategorized\/#listItem","name":"Uncategorized"}}]},{"@type":"Organization","@id":"https:\/\/pujolclima.com\/ca\/#organization","name":"Pujolclima. Colaborador Oficial de Nedgia","description":"Expertos en climatizaci\u00f3n para hogares y empresas. Instalaci\u00f3n, mantenimiento y reparaci\u00f3n de aire acondicionado y calefacci\u00f3n con tecnolog\u00eda eficiente, servicio r\u00e1pido y el mejor confort\u00a0garantizado.","url":"https:\/\/pujolclima.com\/ca\/","telephone":"+34664582238","logo":{"@type":"ImageObject","url":"https:\/\/pujolclima.com\/wp-content\/uploads\/2025\/03\/cropped-PujolCLIMA-VECTOR-1.png","@id":"https:\/\/pujolclima.com\/ca\/cambio-climatico\/#organizationLogo","width":1925,"height":570},"image":{"@id":"https:\/\/pujolclima.com\/ca\/cambio-climatico\/#organizationLogo"}},{"@type":"Person","@id":"https:\/\/pujolclima.com\/ca\/author\/fbmeta-growth\/#author","url":"https:\/\/pujolclima.com\/ca\/author\/fbmeta-growth\/","name":"fbmetagrowth"},{"@type":"WebPage","@id":"https:\/\/pujolclima.com\/ca\/cambio-climatico\/#webpage","url":"https:\/\/pujolclima.com\/ca\/cambio-climatico\/","name":"Cambio Clim\u00e1tico - Pujolclima. Expertos en climatizaci\u00f3n","description":"\u00bfC\u00f3mo Afecta el Cambio Clim\u00e1tico a Nuestros Hogares? Estrategias de Adaptaci\u00f3n con PujolClima El cambio clim\u00e1tico es una realidad ineludible que redefine no solo nuestro planeta, sino tambi\u00e9n la forma en que vivimos y nos relacionamos con nuestros espacios m\u00e1s \u00edntimos: nuestros hogares. Las variaciones extremas de temperatura, los patrones meteorol\u00f3gicos impredecibles y el aumento","inLanguage":"ca","isPartOf":{"@id":"https:\/\/pujolclima.com\/ca\/#website"},"breadcrumb":{"@id":"https:\/\/pujolclima.com\/ca\/cambio-climatico\/#breadcrumblist"},"author":{"@id":"https:\/\/pujolclima.com\/ca\/author\/fbmeta-growth\/#author"},"creator":{"@id":"https:\/\/pujolclima.com\/ca\/author\/fbmeta-growth\/#author"},"image":{"@type":"ImageObject","url":"https:\/\/pujolclima.com\/wp-content\/uploads\/2025\/07\/ilustracion-en-pantalla-dividida-del-calentamiento-global-y-el-concepto-de-cambio-climatico-de-la-tierra-scaled.jpeg","@id":"https:\/\/pujolclima.com\/ca\/cambio-climatico\/#mainImage","width":2560,"height":1596,"caption":"\u00bfC\u00f3mo Afecta el Cambio Clim\u00e1tico a Nuestros Hogares?"},"primaryImageOfPage":{"@id":"https:\/\/pujolclima.com\/ca\/cambio-climatico\/#mainImage"},"datePublished":"2025-07-29T14:00:09+02:00","dateModified":"2025-07-29T14:13:32+02:00"},{"@type":"WebSite","@id":"https:\/\/pujolclima.com\/ca\/#website","url":"https:\/\/pujolclima.com\/ca\/","name":"Pujolclima. Colaborador Gas Natural Fernosa","description":"Expertos en climatizaci\u00f3n para hogares y empresas. Instalaci\u00f3n, mantenimiento y reparaci\u00f3n de aire acondicionado y calefacci\u00f3n con tecnolog\u00eda eficiente, servicio r\u00e1pido y el mejor confort\u00a0garantizado.","inLanguage":"ca","publisher":{"@id":"https:\/\/pujolclima.com\/ca\/#organization"}}]},"og:locale":"ca_ES","og:site_name":"Pujolclima. Expertos en climatizaci\u00f3n - Expertos en climatizaci\u00f3n para hogares y empresas. Instalaci\u00f3n, mantenimiento y reparaci\u00f3n de aire acondicionado y calefacci\u00f3n con tecnolog\u00eda eficiente, servicio r\u00e1pido y el mejor confort\u00a0garantizado.","og:type":"article","og:title":"Cambio Clim\u00e1tico - Pujolclima. Expertos en climatizaci\u00f3n","og:description":"\u00bfC\u00f3mo Afecta el Cambio Clim\u00e1tico a Nuestros Hogares? Estrategias de Adaptaci\u00f3n con PujolClima El cambio clim\u00e1tico es una realidad ineludible que redefine no solo nuestro planeta, sino tambi\u00e9n la forma en que vivimos y nos relacionamos con nuestros espacios m\u00e1s \u00edntimos: nuestros hogares. Las variaciones extremas de temperatura, los patrones meteorol\u00f3gicos impredecibles y el aumento","og:url":"https:\/\/pujolclima.com\/ca\/cambio-climatico\/","og:image":"https:\/\/pujolclima.com\/wp-content\/uploads\/2025\/03\/cropped-PujolCLIMA-VECTOR-1.png","og:image:secure_url":"https:\/\/pujolclima.com\/wp-content\/uploads\/2025\/03\/cropped-PujolCLIMA-VECTOR-1.png","article:published_time":"2025-07-29T12:00:09+00:00","article:modified_time":"2025-07-29T12:13:32+00:00","twitter:card":"summary_large_image","twitter:title":"Cambio Clim\u00e1tico - Pujolclima. Expertos en climatizaci\u00f3n","twitter:description":"\u00bfC\u00f3mo Afecta el Cambio Clim\u00e1tico a Nuestros Hogares? Estrategias de Adaptaci\u00f3n con PujolClima El cambio clim\u00e1tico es una realidad ineludible que redefine no solo nuestro planeta, sino tambi\u00e9n la forma en que vivimos y nos relacionamos con nuestros espacios m\u00e1s \u00edntimos: nuestros hogares. Las variaciones extremas de temperatura, los patrones meteorol\u00f3gicos impredecibles y el aumento","twitter:image":"https:\/\/pujolclima.com\/wp-content\/uploads\/2025\/03\/cropped-PujolCLIMA-VECTOR-1.png"},"aioseo_meta_data":{"post_id":"5624","title":null,"description":null,"keywords":null,"keyphrases":{"focus":[],"additional":[]},"primary_term":null,"canonical_url":null,"og_title":null,"og_description":null,"og_object_type":"default","og_image_type":"default","og_image_url":null,"og_image_width":null,"og_image_height":null,"og_image_custom_url":null,"og_image_custom_fields":null,"og_video":"","og_custom_url":null,"og_article_section":null,"og_article_tags":null,"twitter_use_og":false,"twitter_card":"default","twitter_image_type":"default","twitter_image_url":null,"twitter_image_custom_url":null,"twitter_image_custom_fields":null,"twitter_title":null,"twitter_description":null,"schema":{"blockGraphs":[],"customGraphs":[],"default":{"data":{"Article":[],"Course":[],"Dataset":[],"FAQPage":[],"Movie":[],"Person":[],"Product":[],"ProductReview":[],"Car":[],"Recipe":[],"Service":[],"SoftwareApplication":[],"WebPage":[]},"graphName":"BlogPosting","isEnabled":true},"graphs":[]},"schema_type":"default","schema_type_options":null,"pillar_content":false,"robots_default":true,"robots_noindex":false,"robots_noarchive":false,"robots_nosnippet":false,"robots_nofollow":false,"robots_noimageindex":false,"robots_noodp":false,"robots_notranslate":false,"robots_max_snippet":"-1","robots_max_videopreview":"-1","robots_max_imagepreview":"large","priority":null,"frequency":"default","local_seo":null,"breadcrumb_settings":null,"limit_modified_date":false,"ai":{"faqs":[],"keyPoints":[],"titles":[],"descriptions":[],"socialPosts":{"email":[],"linkedin":[],"twitter":[],"facebook":[],"instagram":[]}},"created":"2025-07-29 12:00:33","updated":"2026-09-04 09:16:54","focus_keyword":null,"additional_keywords":null,"truseo_locale":null,"seo_analyzer_scan_date":null},"aioseo_breadcrumb":"<div class=\"aioseo-breadcrumbs\"><span class=\"aioseo-breadcrumb\">\n\t\t\t<a href=\"https:\/\/pujolclima.com\/ca\" title=\"Inicio\">Inicio<\/a>\n\t\t<\/span><span class=\"aioseo-breadcrumb-separator\">&raquo;<\/span><span class=\"aioseo-breadcrumb\">\n\t\t\t<a href=\"https:\/\/pujolclima.com\/ca\/category\/uncategorized\/\" title=\"Uncategorized\">Uncategorized<\/a>\n\t\t<\/span><span class=\"aioseo-breadcrumb-separator\">&raquo;<\/span><span class=\"aioseo-breadcrumb\">\n\t\t\tCambio Clim\u00e1tico\n\t\t<\/span><\/div>","aioseo_breadcrumb_json":[{"label":"Inicio","link":"https:\/\/pujolclima.com\/ca"},{"label":"Uncategorized","link":"https:\/\/pujolclima.com\/ca\/category\/uncategorized\/"},{"label":"Cambio Clim\u00e1tico","link":"https:\/\/pujolclima.com\/ca\/cambio-climatico\/"}],"taxonomy_info":{"category":[{"value":59,"label":"Aire Acondicionado"},{"value":222,"label":"aislamiento t\u00e9rmico"},{"value":69,"label":"Climatizaci\u00f3n"},{"value":49,"label":"Gas"},{"value":57,"label":"Instalacion calefaccion"},{"value":55,"label":"Mantenimiento aire acondicionado"},{"value":1,"label":"Uncategorized"}]},"featured_image_src_large":["https:\/\/pujolclima.com\/wp-content\/uploads\/2025\/07\/ilustracion-en-pantalla-dividida-del-calentamiento-global-y-el-concepto-de-cambio-climatico-de-la-tierra-1024x638.jpeg",1024,638,true],"author_info":{"display_name":"fbmetagrowth","author_link":"https:\/\/pujolclima.com\/ca\/author\/fbmeta-growth\/"},"comment_info":0,"category_info":[{"term_id":59,"name":"Aire Acondicionado","slug":"aire-acondicionado","term_group":0,"term_taxonomy_id":59,"taxonomy":"category","description":"","parent":0,"count":55,"filter":"raw","term_order":"12","cat_ID":59,"category_count":55,"category_description":"","cat_name":"Aire Acondicionado","category_nicename":"aire-acondicionado","category_parent":0},{"term_id":222,"name":"aislamiento t\u00e9rmico","slug":"aislamiento-termico","term_group":0,"term_taxonomy_id":222,"taxonomy":"category","description":"","parent":0,"count":3,"filter":"raw","term_order":"2","cat_ID":222,"category_count":3,"category_description":"","cat_name":"aislamiento t\u00e9rmico","category_nicename":"aislamiento-termico","category_parent":0},{"term_id":69,"name":"Climatizaci\u00f3n","slug":"climatizacion","term_group":0,"term_taxonomy_id":69,"taxonomy":"category","description":"","parent":0,"count":38,"filter":"raw","term_order":"11","cat_ID":69,"category_count":38,"category_description":"","cat_name":"Climatizaci\u00f3n","category_nicename":"climatizacion","category_parent":0},{"term_id":49,"name":"Gas","slug":"gas","term_group":0,"term_taxonomy_id":49,"taxonomy":"category","description":"","parent":0,"count":7,"filter":"raw","term_order":"14","cat_ID":49,"category_count":7,"category_description":"","cat_name":"Gas","category_nicename":"gas","category_parent":0},{"term_id":57,"name":"Instalacion calefaccion","slug":"instalacion-calefaccion","term_group":0,"term_taxonomy_id":57,"taxonomy":"category","description":"","parent":0,"count":20,"filter":"raw","term_order":"16","cat_ID":57,"category_count":20,"category_description":"","cat_name":"Instalacion calefaccion","category_nicename":"instalacion-calefaccion","category_parent":0},{"term_id":55,"name":"Mantenimiento aire acondicionado","slug":"mantenimiento-aire-acondicionado","term_group":0,"term_taxonomy_id":55,"taxonomy":"category","description":"","parent":0,"count":29,"filter":"raw","term_order":"15","cat_ID":55,"category_count":29,"category_description":"","cat_name":"Mantenimiento aire acondicionado","category_nicename":"mantenimiento-aire-acondicionado","category_parent":0},{"term_id":1,"name":"Uncategorized","slug":"uncategorized","term_group":0,"term_taxonomy_id":1,"taxonomy":"category","description":"","parent":0,"count":5,"filter":"raw","term_order":"28","cat_ID":1,"category_count":5,"category_description":"","cat_name":"Uncategorized","category_nicename":"uncategorized","category_parent":0}],"tag_info":false,"_links":{"self":[{"href":"https:\/\/pujolclima.com\/ca\/wp-json\/wp\/v2\/posts\/5624","targetHints":{"allow":["GET"]}}],"collection":[{"href":"https:\/\/pujolclima.com\/ca\/wp-json\/wp\/v2\/posts"}],"about":[{"href":"https:\/\/pujolclima.com\/ca\/wp-json\/wp\/v2\/types\/post"}],"author":[{"embeddable":true,"href":"https:\/\/pujolclima.com\/ca\/wp-json\/wp\/v2\/users\/6"}],"replies":[{"embeddable":true,"href":"https:\/\/pujolclima.com\/ca\/wp-json\/wp\/v2\/comments?post=5624"}],"version-history":[{"count":0,"href":"https:\/\/pujolclima.com\/ca\/wp-json\/wp\/v2\/posts\/5624\/revisions"}],"wp:featuredmedia":[{"embeddable":true,"href":"https:\/\/pujolclima.com\/ca\/wp-json\/wp\/v2\/media\/5626"}],"wp:attachment":[{"href":"https:\/\/pujolclima.com\/ca\/wp-json\/wp\/v2\/media?parent=5624"}],"wp:term":[{"taxonomy":"category","embeddable":true,"href":"https:\/\/pujolclima.com\/ca\/wp-json\/wp\/v2\/categories?post=5624"},{"taxonomy":"post_tag","embeddable":true,"href":"https:\/\/pujolclima.com\/ca\/wp-json\/wp\/v2\/tags?post=5624"}],"curies":[{"name":"wp","href":"https:\/\/api.w.org\/{rel}","templated":true}]}}