{"id":1972,"date":"2017-05-30T08:27:36","date_gmt":"2017-05-30T08:27:36","guid":{"rendered":"http:\/\/ecloudagency.com\/?p=1972"},"modified":"2017-05-30T08:27:36","modified_gmt":"2017-05-30T08:27:36","slug":"donde-colocar-el-aire-acondicionado","status":"publish","type":"post","link":"https:\/\/pujolclima.com\/en\/donde-colocar-el-aire-acondicionado\/","title":{"rendered":"Where to place the air conditioner?"},"content":{"rendered":"<p style=\"text-align: justify;\">Welcome once again to the Pujol Clima blog, your company specializing in the sale, installation and maintenance of <strong>Air-conditioning<\/strong> of <strong>Sant Cugat<\/strong>In today&#039;s entry we are going to talk about the placement of the systems of <strong>air-conditioning<\/strong> Fixed split.<\/p>\n<p style=\"text-align: justify;\">A device of <strong>air-conditioning<\/strong> A split system consists of two separate units: an interior unit that provides cooling or heat in winter, and an exterior unit connected by tubes. Exterior units tend to concentrate heat when operating in summer, so you&#039;ll need to be careful where you install them in your home. <strong>Sant Cugat<\/strong>.<\/p>\n<h2 style=\"text-align: justify;\">Installing the indoor unit of the air conditioner<\/h2>\n<p style=\"text-align: justify;\">The indoor units of the <strong>air-conditioning<\/strong> They should be installed in a high, central location within each room you wish to cool in your home. <strong>Sant Cugat<\/strong>.<\/p>\n<p style=\"text-align: justify;\">It is important that when installing the <strong>air-conditioning<\/strong>, the indoor unit should not be placed on top of any electronic equipment, since if the indoor unit of the air conditioner were to leak, it would pose a danger to the safety of your home. <strong>from Sant Cugat.<\/strong><\/p>\n<p style=\"text-align: justify;\">It is recommended to place it near a window or an exterior door of your house. <strong>Sant Cugat<\/strong> to increase energy efficiency. This will limit the loss of cold or heat.<\/p>\n<h2 style=\"text-align: justify;\">Installing the outdoor unit of the air conditioner<\/h2>\n<p style=\"text-align: justify;\">The external unit of the <strong>air-conditioning<\/strong> It is the one that remains outside the house, through which the hot air is expelled to leave your house clean. <strong>Sant Cugat<\/strong> cool. It is recommended that you install the outdoor unit in a well-ventilated location away from heat sources.<\/p>\n<p style=\"text-align: justify;\">The outdoor unit of the <strong>air-conditioning<\/strong> It should not be excessively exposed to sunlight so that it does not have to work at higher performance to reach the desired temperature, and it is also not advisable to cover it.<\/p>\n<p style=\"text-align: justify;\">It is recommended to install the outdoor unit on the horizontal surface of your balcony. <strong>Sant Cugat<\/strong><img loading=\"lazy\" decoding=\"async\" class=\"wp-image-1974 aligncenter\" src=\"http:\/\/ecloudagency.com\/wp-content\/uploads\/2017\/05\/Imagen2-1-150x150.png\" alt=\"\" width=\"286\" height=\"286\" \/>In some municipalities, installation on facades is prohibited for safety reasons, so installation on the building&#039;s roof is required.<\/p>\n<p style=\"text-align: justify;\">Pujol Climate <strong>Sant Cugat<\/strong>, your company in the installation of\u00a0<strong>air-conditioning<\/strong>\u00a0and air conditioning. Our goal is to understand our customers&#039; needs and develop customized solutions that are simple, easy to install, and easy to use.<\/p>\n<p style=\"text-align: justify;\">Our professionals are fully qualified to offer you the installation, maintenance or repair service of your\u00a0<strong>air-conditioning<\/strong>\u00a0or air conditioning system in your home <strong>Sant Cugat<\/strong>.<\/p>\n<p style=\"text-align: justify;\">If you&#039;re interested in this or other services, just contact us. Request a free quote, and we&#039;ll respond to your questions and suggestions within 24 hours. Don&#039;t settle for less, and enjoy the proper attention for proper installation and maintenance of your home.\u00a0<strong>air-conditioning<\/strong>.<\/p>","protected":false},"excerpt":{"rendered":"<p>Welcome back to the Pujol Clima blog, your specialist in the sale, installation, and maintenance of air conditioning in Sant Cugat. In\u2026<\/p>","protected":false},"author":2,"featured_media":1975,"comment_status":"closed","ping_status":"open","sticky":false,"template":"","format":"standard","meta":{"_kad_blocks_custom_css":"","_kad_blocks_head_custom_js":"","_kad_blocks_body_custom_js":"","_kad_blocks_footer_custom_js":"","_kadence_starter_templates_imported_post":false,"_kad_post_transparent":"","_kad_post_title":"","_kad_post_layout":"","_kad_post_sidebar_id":"","_kad_post_content_style":"","_kad_post_vertical_padding":"","_kad_post_feature":"","_kad_post_feature_position":"","_kad_post_header":false,"_kad_post_footer":false,"_kad_post_classname":"","_joinchat":[],"footnotes":""},"categories":[59,48,69,70],"tags":[61,97,51],"class_list":["post-1972","post","type-post","status-publish","format-standard","has-post-thumbnail","hentry","category-aire-acondicionado","category-blog","category-climatizacion","category-instalacion-aire-acondicionado","tag-aire-acondicionado-domestico","tag-aire-acondicionado-sant-cugat","tag-sant-cugat-del-valles"],"aioseo_notices":[],"aioseo_head":"\n\t\t<!-- All in One SEO 5.0.1.1 - aioseo.com -->\n\t<meta name=\"description\" content=\"Bienvenidos un d\u00eda m\u00e1s al blog de Pujol Clima, tu empresa especialista en la venta, instalaci\u00f3n y mantenimiento de Aire Acondicionado de Sant Cugat. En la entrada de hoy vamos a hablar de la colocaci\u00f3n de los sistemas de aire acondicionado Split fijo. Un aparato de aire acondicionado Split se compone de dos unidades separadas,\" \/>\n\t<meta name=\"robots\" content=\"max-image-preview:large\" \/>\n\t<meta name=\"author\" content=\"soporte\"\/>\n\t<link rel=\"canonical\" href=\"https:\/\/pujolclima.com\/en\/donde-colocar-el-aire-acondicionado\/\" \/>\n\t<meta name=\"generator\" content=\"All in One SEO (AIOSEO) 5.0.1.1\" \/>\n\t\t<meta property=\"og:locale\" content=\"en_US\" \/>\n\t\t<meta property=\"og:site_name\" content=\"Pujolclima. Expertos en climatizaci\u00f3n - Expertos en climatizaci\u00f3n para hogares y empresas. Instalaci\u00f3n, mantenimiento y reparaci\u00f3n de aire acondicionado y calefacci\u00f3n con tecnolog\u00eda eficiente, servicio r\u00e1pido y el mejor confort\u00a0garantizado.\" \/>\n\t\t<meta property=\"og:type\" content=\"article\" \/>\n\t\t<meta property=\"og:title\" content=\"\u00bfD\u00f3nde colocar el aire acondicionado? - Pujolclima. Expertos en climatizaci\u00f3n\" \/>\n\t\t<meta property=\"og:description\" content=\"Bienvenidos un d\u00eda m\u00e1s al blog de Pujol Clima, tu empresa especialista en la venta, instalaci\u00f3n y mantenimiento de Aire Acondicionado de Sant Cugat. En la entrada de hoy vamos a hablar de la colocaci\u00f3n de los sistemas de aire acondicionado Split fijo. Un aparato de aire acondicionado Split se compone de dos unidades separadas,\" \/>\n\t\t<meta property=\"og:url\" content=\"https:\/\/pujolclima.com\/en\/donde-colocar-el-aire-acondicionado\/\" \/>\n\t\t<meta property=\"og:image\" content=\"https:\/\/pujolclima.com\/wp-content\/uploads\/2025\/03\/cropped-PujolCLIMA-VECTOR-1.png\" \/>\n\t\t<meta property=\"og:image:secure_url\" content=\"https:\/\/pujolclima.com\/wp-content\/uploads\/2025\/03\/cropped-PujolCLIMA-VECTOR-1.png\" \/>\n\t\t<meta property=\"article:published_time\" content=\"2017-05-30T08:27:36+00:00\" \/>\n\t\t<meta property=\"article:modified_time\" content=\"2017-05-30T08:27:36+00:00\" \/>\n\t\t<meta name=\"twitter:card\" content=\"summary_large_image\" \/>\n\t\t<meta name=\"twitter:title\" content=\"\u00bfD\u00f3nde colocar el aire acondicionado? - Pujolclima. Expertos en climatizaci\u00f3n\" \/>\n\t\t<meta name=\"twitter:description\" content=\"Bienvenidos un d\u00eda m\u00e1s al blog de Pujol Clima, tu empresa especialista en la venta, instalaci\u00f3n y mantenimiento de Aire Acondicionado de Sant Cugat. En la entrada de hoy vamos a hablar de la colocaci\u00f3n de los sistemas de aire acondicionado Split fijo. Un aparato de aire acondicionado Split se compone de dos unidades separadas,\" \/>\n\t\t<meta name=\"twitter:image\" content=\"https:\/\/pujolclima.com\/wp-content\/uploads\/2025\/03\/cropped-PujolCLIMA-VECTOR-1.png\" \/>\n\t\t<script type=\"application\/ld+json\" class=\"aioseo-schema\">\n\t\t\t{\"@context\":\"https:\\\/\\\/schema.org\",\"@graph\":[{\"@type\":\"BlogPosting\",\"@id\":\"https:\\\/\\\/pujolclima.com\\\/en\\\/donde-colocar-el-aire-acondicionado\\\/#blogposting\",\"name\":\"\\u00bfD\\u00f3nde colocar el aire acondicionado? - Pujolclima. Expertos en climatizaci\\u00f3n\",\"headline\":\"\\u00bfD\\u00f3nde colocar el aire acondicionado?\",\"author\":{\"@id\":\"https:\\\/\\\/pujolclima.com\\\/en\\\/author\\\/soporte\\\/#author\"},\"publisher\":{\"@id\":\"https:\\\/\\\/pujolclima.com\\\/en\\\/#organization\"},\"image\":{\"@type\":\"ImageObject\",\"url\":\"https:\\\/\\\/pujolclima.com\\\/wp-content\\\/uploads\\\/2017\\\/05\\\/Imagen1-540x540-1.png\",\"width\":540,\"height\":540},\"datePublished\":\"2017-05-30T08:27:36+02:00\",\"dateModified\":\"2017-05-30T08:27:36+02:00\",\"inLanguage\":\"en-US\",\"mainEntityOfPage\":{\"@id\":\"https:\\\/\\\/pujolclima.com\\\/en\\\/donde-colocar-el-aire-acondicionado\\\/#webpage\"},\"isPartOf\":{\"@id\":\"https:\\\/\\\/pujolclima.com\\\/en\\\/donde-colocar-el-aire-acondicionado\\\/#webpage\"},\"articleSection\":\"Aire Acondicionado, Blog, Climatizaci\\u00f3n, Instalaci\\u00f3n aire acondicionado, Aire acondicionado domestico, aire acondicionado sant cugat, Sant Cugat del Valles\"},{\"@type\":\"BreadcrumbList\",\"@id\":\"https:\\\/\\\/pujolclima.com\\\/en\\\/donde-colocar-el-aire-acondicionado\\\/#breadcrumblist\",\"itemListElement\":[{\"@type\":\"ListItem\",\"@id\":\"https:\\\/\\\/pujolclima.com\\\/en#listItem\",\"position\":1,\"name\":\"Inicio\",\"item\":\"https:\\\/\\\/pujolclima.com\\\/en\",\"nextItem\":{\"@type\":\"ListItem\",\"@id\":\"https:\\\/\\\/pujolclima.com\\\/en\\\/category\\\/blog\\\/#listItem\",\"name\":\"Blog\"}},{\"@type\":\"ListItem\",\"@id\":\"https:\\\/\\\/pujolclima.com\\\/en\\\/category\\\/blog\\\/#listItem\",\"position\":2,\"name\":\"Blog\",\"item\":\"https:\\\/\\\/pujolclima.com\\\/en\\\/category\\\/blog\\\/\",\"nextItem\":{\"@type\":\"ListItem\",\"@id\":\"https:\\\/\\\/pujolclima.com\\\/en\\\/donde-colocar-el-aire-acondicionado\\\/#listItem\",\"name\":\"\\u00bfD\\u00f3nde colocar el aire acondicionado?\"},\"previousItem\":{\"@type\":\"ListItem\",\"@id\":\"https:\\\/\\\/pujolclima.com\\\/en#listItem\",\"name\":\"Inicio\"}},{\"@type\":\"ListItem\",\"@id\":\"https:\\\/\\\/pujolclima.com\\\/en\\\/donde-colocar-el-aire-acondicionado\\\/#listItem\",\"position\":3,\"name\":\"\\u00bfD\\u00f3nde colocar el aire acondicionado?\",\"previousItem\":{\"@type\":\"ListItem\",\"@id\":\"https:\\\/\\\/pujolclima.com\\\/en\\\/category\\\/blog\\\/#listItem\",\"name\":\"Blog\"}}]},{\"@type\":\"Organization\",\"@id\":\"https:\\\/\\\/pujolclima.com\\\/en\\\/#organization\",\"name\":\"Pujolclima. Colaborador Oficial de Nedgia\",\"description\":\"Expertos en climatizaci\\u00f3n para hogares y empresas. Instalaci\\u00f3n, mantenimiento y reparaci\\u00f3n de aire acondicionado y calefacci\\u00f3n con tecnolog\\u00eda eficiente, servicio r\\u00e1pido y el mejor confort\\u00a0garantizado.\",\"url\":\"https:\\\/\\\/pujolclima.com\\\/en\\\/\",\"telephone\":\"+34664582238\",\"logo\":{\"@type\":\"ImageObject\",\"url\":\"https:\\\/\\\/pujolclima.com\\\/wp-content\\\/uploads\\\/2025\\\/03\\\/cropped-PujolCLIMA-VECTOR-1.png\",\"@id\":\"https:\\\/\\\/pujolclima.com\\\/en\\\/donde-colocar-el-aire-acondicionado\\\/#organizationLogo\",\"width\":1925,\"height\":570},\"image\":{\"@id\":\"https:\\\/\\\/pujolclima.com\\\/en\\\/donde-colocar-el-aire-acondicionado\\\/#organizationLogo\"}},{\"@type\":\"Person\",\"@id\":\"https:\\\/\\\/pujolclima.com\\\/en\\\/author\\\/soporte\\\/#author\",\"url\":\"https:\\\/\\\/pujolclima.com\\\/en\\\/author\\\/soporte\\\/\",\"name\":\"soporte\"},{\"@type\":\"WebPage\",\"@id\":\"https:\\\/\\\/pujolclima.com\\\/en\\\/donde-colocar-el-aire-acondicionado\\\/#webpage\",\"url\":\"https:\\\/\\\/pujolclima.com\\\/en\\\/donde-colocar-el-aire-acondicionado\\\/\",\"name\":\"\\u00bfD\\u00f3nde colocar el aire acondicionado? - Pujolclima. Expertos en climatizaci\\u00f3n\",\"description\":\"Bienvenidos un d\\u00eda m\\u00e1s al blog de Pujol Clima, tu empresa especialista en la venta, instalaci\\u00f3n y mantenimiento de Aire Acondicionado de Sant Cugat. En la entrada de hoy vamos a hablar de la colocaci\\u00f3n de los sistemas de aire acondicionado Split fijo. Un aparato de aire acondicionado Split se compone de dos unidades separadas,\",\"inLanguage\":\"en-US\",\"isPartOf\":{\"@id\":\"https:\\\/\\\/pujolclima.com\\\/en\\\/#website\"},\"breadcrumb\":{\"@id\":\"https:\\\/\\\/pujolclima.com\\\/en\\\/donde-colocar-el-aire-acondicionado\\\/#breadcrumblist\"},\"author\":{\"@id\":\"https:\\\/\\\/pujolclima.com\\\/en\\\/author\\\/soporte\\\/#author\"},\"creator\":{\"@id\":\"https:\\\/\\\/pujolclima.com\\\/en\\\/author\\\/soporte\\\/#author\"},\"image\":{\"@type\":\"ImageObject\",\"url\":\"https:\\\/\\\/pujolclima.com\\\/wp-content\\\/uploads\\\/2017\\\/05\\\/Imagen1-540x540-1.png\",\"@id\":\"https:\\\/\\\/pujolclima.com\\\/en\\\/donde-colocar-el-aire-acondicionado\\\/#mainImage\",\"width\":540,\"height\":540},\"primaryImageOfPage\":{\"@id\":\"https:\\\/\\\/pujolclima.com\\\/en\\\/donde-colocar-el-aire-acondicionado\\\/#mainImage\"},\"datePublished\":\"2017-05-30T08:27:36+02:00\",\"dateModified\":\"2017-05-30T08:27:36+02:00\"},{\"@type\":\"WebSite\",\"@id\":\"https:\\\/\\\/pujolclima.com\\\/en\\\/#website\",\"url\":\"https:\\\/\\\/pujolclima.com\\\/en\\\/\",\"name\":\"Pujolclima. Colaborador Gas Natural Fernosa\",\"description\":\"Expertos en climatizaci\\u00f3n para hogares y empresas. Instalaci\\u00f3n, mantenimiento y reparaci\\u00f3n de aire acondicionado y calefacci\\u00f3n con tecnolog\\u00eda eficiente, servicio r\\u00e1pido y el mejor confort\\u00a0garantizado.\",\"inLanguage\":\"en-US\",\"publisher\":{\"@id\":\"https:\\\/\\\/pujolclima.com\\\/en\\\/#organization\"}}]}\n\t\t<\/script>\n\t\t<!-- All in One SEO -->\n\n","aioseo_head_json":{"title":"\u00bfD\u00f3nde colocar el aire acondicionado? - Pujolclima. Expertos en climatizaci\u00f3n","description":"Bienvenidos un d\u00eda m\u00e1s al blog de Pujol Clima, tu empresa especialista en la venta, instalaci\u00f3n y mantenimiento de Aire Acondicionado de Sant Cugat. En la entrada de hoy vamos a hablar de la colocaci\u00f3n de los sistemas de aire acondicionado Split fijo. Un aparato de aire acondicionado Split se compone de dos unidades separadas,","canonical_url":"https:\/\/pujolclima.com\/en\/donde-colocar-el-aire-acondicionado\/","robots":"max-image-preview:large","keywords":"","webmasterTools":{"miscellaneous":""},"schema":{"@context":"https:\/\/schema.org","@graph":[{"@type":"BlogPosting","@id":"https:\/\/pujolclima.com\/en\/donde-colocar-el-aire-acondicionado\/#blogposting","name":"\u00bfD\u00f3nde colocar el aire acondicionado? - Pujolclima. Expertos en climatizaci\u00f3n","headline":"\u00bfD\u00f3nde colocar el aire acondicionado?","author":{"@id":"https:\/\/pujolclima.com\/en\/author\/soporte\/#author"},"publisher":{"@id":"https:\/\/pujolclima.com\/en\/#organization"},"image":{"@type":"ImageObject","url":"https:\/\/pujolclima.com\/wp-content\/uploads\/2017\/05\/Imagen1-540x540-1.png","width":540,"height":540},"datePublished":"2017-05-30T08:27:36+02:00","dateModified":"2017-05-30T08:27:36+02:00","inLanguage":"en-US","mainEntityOfPage":{"@id":"https:\/\/pujolclima.com\/en\/donde-colocar-el-aire-acondicionado\/#webpage"},"isPartOf":{"@id":"https:\/\/pujolclima.com\/en\/donde-colocar-el-aire-acondicionado\/#webpage"},"articleSection":"Aire Acondicionado, Blog, Climatizaci\u00f3n, Instalaci\u00f3n aire acondicionado, Aire acondicionado domestico, aire acondicionado sant cugat, Sant Cugat del Valles"},{"@type":"BreadcrumbList","@id":"https:\/\/pujolclima.com\/en\/donde-colocar-el-aire-acondicionado\/#breadcrumblist","itemListElement":[{"@type":"ListItem","@id":"https:\/\/pujolclima.com\/en#listItem","position":1,"name":"Inicio","item":"https:\/\/pujolclima.com\/en","nextItem":{"@type":"ListItem","@id":"https:\/\/pujolclima.com\/en\/category\/blog\/#listItem","name":"Blog"}},{"@type":"ListItem","@id":"https:\/\/pujolclima.com\/en\/category\/blog\/#listItem","position":2,"name":"Blog","item":"https:\/\/pujolclima.com\/en\/category\/blog\/","nextItem":{"@type":"ListItem","@id":"https:\/\/pujolclima.com\/en\/donde-colocar-el-aire-acondicionado\/#listItem","name":"\u00bfD\u00f3nde colocar el aire acondicionado?"},"previousItem":{"@type":"ListItem","@id":"https:\/\/pujolclima.com\/en#listItem","name":"Inicio"}},{"@type":"ListItem","@id":"https:\/\/pujolclima.com\/en\/donde-colocar-el-aire-acondicionado\/#listItem","position":3,"name":"\u00bfD\u00f3nde colocar el aire acondicionado?","previousItem":{"@type":"ListItem","@id":"https:\/\/pujolclima.com\/en\/category\/blog\/#listItem","name":"Blog"}}]},{"@type":"Organization","@id":"https:\/\/pujolclima.com\/en\/#organization","name":"Pujolclima. Colaborador Oficial de Nedgia","description":"Expertos en climatizaci\u00f3n para hogares y empresas. Instalaci\u00f3n, mantenimiento y reparaci\u00f3n de aire acondicionado y calefacci\u00f3n con tecnolog\u00eda eficiente, servicio r\u00e1pido y el mejor confort\u00a0garantizado.","url":"https:\/\/pujolclima.com\/en\/","telephone":"+34664582238","logo":{"@type":"ImageObject","url":"https:\/\/pujolclima.com\/wp-content\/uploads\/2025\/03\/cropped-PujolCLIMA-VECTOR-1.png","@id":"https:\/\/pujolclima.com\/en\/donde-colocar-el-aire-acondicionado\/#organizationLogo","width":1925,"height":570},"image":{"@id":"https:\/\/pujolclima.com\/en\/donde-colocar-el-aire-acondicionado\/#organizationLogo"}},{"@type":"Person","@id":"https:\/\/pujolclima.com\/en\/author\/soporte\/#author","url":"https:\/\/pujolclima.com\/en\/author\/soporte\/","name":"soporte"},{"@type":"WebPage","@id":"https:\/\/pujolclima.com\/en\/donde-colocar-el-aire-acondicionado\/#webpage","url":"https:\/\/pujolclima.com\/en\/donde-colocar-el-aire-acondicionado\/","name":"\u00bfD\u00f3nde colocar el aire acondicionado? - Pujolclima. Expertos en climatizaci\u00f3n","description":"Bienvenidos un d\u00eda m\u00e1s al blog de Pujol Clima, tu empresa especialista en la venta, instalaci\u00f3n y mantenimiento de Aire Acondicionado de Sant Cugat. En la entrada de hoy vamos a hablar de la colocaci\u00f3n de los sistemas de aire acondicionado Split fijo. Un aparato de aire acondicionado Split se compone de dos unidades separadas,","inLanguage":"en-US","isPartOf":{"@id":"https:\/\/pujolclima.com\/en\/#website"},"breadcrumb":{"@id":"https:\/\/pujolclima.com\/en\/donde-colocar-el-aire-acondicionado\/#breadcrumblist"},"author":{"@id":"https:\/\/pujolclima.com\/en\/author\/soporte\/#author"},"creator":{"@id":"https:\/\/pujolclima.com\/en\/author\/soporte\/#author"},"image":{"@type":"ImageObject","url":"https:\/\/pujolclima.com\/wp-content\/uploads\/2017\/05\/Imagen1-540x540-1.png","@id":"https:\/\/pujolclima.com\/en\/donde-colocar-el-aire-acondicionado\/#mainImage","width":540,"height":540},"primaryImageOfPage":{"@id":"https:\/\/pujolclima.com\/en\/donde-colocar-el-aire-acondicionado\/#mainImage"},"datePublished":"2017-05-30T08:27:36+02:00","dateModified":"2017-05-30T08:27:36+02:00"},{"@type":"WebSite","@id":"https:\/\/pujolclima.com\/en\/#website","url":"https:\/\/pujolclima.com\/en\/","name":"Pujolclima. Colaborador Gas Natural Fernosa","description":"Expertos en climatizaci\u00f3n para hogares y empresas. Instalaci\u00f3n, mantenimiento y reparaci\u00f3n de aire acondicionado y calefacci\u00f3n con tecnolog\u00eda eficiente, servicio r\u00e1pido y el mejor confort\u00a0garantizado.","inLanguage":"en-US","publisher":{"@id":"https:\/\/pujolclima.com\/en\/#organization"}}]},"og:locale":"en_US","og:site_name":"Pujolclima. Expertos en climatizaci\u00f3n - Expertos en climatizaci\u00f3n para hogares y empresas. Instalaci\u00f3n, mantenimiento y reparaci\u00f3n de aire acondicionado y calefacci\u00f3n con tecnolog\u00eda eficiente, servicio r\u00e1pido y el mejor confort\u00a0garantizado.","og:type":"article","og:title":"\u00bfD\u00f3nde colocar el aire acondicionado? - Pujolclima. Expertos en climatizaci\u00f3n","og:description":"Bienvenidos un d\u00eda m\u00e1s al blog de Pujol Clima, tu empresa especialista en la venta, instalaci\u00f3n y mantenimiento de Aire Acondicionado de Sant Cugat. En la entrada de hoy vamos a hablar de la colocaci\u00f3n de los sistemas de aire acondicionado Split fijo. Un aparato de aire acondicionado Split se compone de dos unidades separadas,","og:url":"https:\/\/pujolclima.com\/en\/donde-colocar-el-aire-acondicionado\/","og:image":"https:\/\/pujolclima.com\/wp-content\/uploads\/2025\/03\/cropped-PujolCLIMA-VECTOR-1.png","og:image:secure_url":"https:\/\/pujolclima.com\/wp-content\/uploads\/2025\/03\/cropped-PujolCLIMA-VECTOR-1.png","article:published_time":"2017-05-30T08:27:36+00:00","article:modified_time":"2017-05-30T08:27:36+00:00","twitter:card":"summary_large_image","twitter:title":"\u00bfD\u00f3nde colocar el aire acondicionado? - Pujolclima. Expertos en climatizaci\u00f3n","twitter:description":"Bienvenidos un d\u00eda m\u00e1s al blog de Pujol Clima, tu empresa especialista en la venta, instalaci\u00f3n y mantenimiento de Aire Acondicionado de Sant Cugat. En la entrada de hoy vamos a hablar de la colocaci\u00f3n de los sistemas de aire acondicionado Split fijo. Un aparato de aire acondicionado Split se compone de dos unidades separadas,","twitter:image":"https:\/\/pujolclima.com\/wp-content\/uploads\/2025\/03\/cropped-PujolCLIMA-VECTOR-1.png"},"aioseo_meta_data":{"post_id":"1972","title":null,"description":null,"keywords":null,"keyphrases":null,"primary_term":null,"canonical_url":null,"og_title":null,"og_description":null,"og_object_type":"default","og_image_type":"default","og_image_url":null,"og_image_width":null,"og_image_height":null,"og_image_custom_url":null,"og_image_custom_fields":null,"og_video":null,"og_custom_url":null,"og_article_section":null,"og_article_tags":null,"twitter_use_og":false,"twitter_card":"default","twitter_image_type":"default","twitter_image_url":null,"twitter_image_custom_url":null,"twitter_image_custom_fields":null,"twitter_title":null,"twitter_description":null,"schema":{"blockGraphs":[],"customGraphs":[],"default":{"data":{"Article":[],"Course":[],"Dataset":[],"FAQPage":[],"Movie":[],"Person":[],"Product":[],"ProductReview":[],"Car":[],"Recipe":[],"Service":[],"SoftwareApplication":[],"WebPage":[]},"graphName":"","isEnabled":true},"graphs":[]},"schema_type":"default","schema_type_options":null,"pillar_content":false,"robots_default":true,"robots_noindex":false,"robots_noarchive":false,"robots_nosnippet":false,"robots_nofollow":false,"robots_noimageindex":false,"robots_noodp":false,"robots_notranslate":false,"robots_max_snippet":null,"robots_max_videopreview":null,"robots_max_imagepreview":"large","priority":null,"frequency":null,"local_seo":null,"breadcrumb_settings":null,"limit_modified_date":false,"ai":null,"created":"2024-06-13 09:23:48","updated":"2025-07-08 08:53:07","focus_keyword":null,"additional_keywords":null,"truseo_locale":null,"seo_analyzer_scan_date":null},"aioseo_breadcrumb":"<div class=\"aioseo-breadcrumbs\"><span class=\"aioseo-breadcrumb\">\n\t\t\t<a href=\"https:\/\/pujolclima.com\/en\" title=\"Inicio\">Inicio<\/a>\n\t\t<\/span><span class=\"aioseo-breadcrumb-separator\">&raquo;<\/span><span class=\"aioseo-breadcrumb\">\n\t\t\t<a href=\"https:\/\/pujolclima.com\/en\/category\/blog\/\" title=\"Blog\">Blog<\/a>\n\t\t<\/span><span class=\"aioseo-breadcrumb-separator\">&raquo;<\/span><span class=\"aioseo-breadcrumb\">\n\t\t\t\u00bfD\u00f3nde colocar el aire acondicionado?\n\t\t<\/span><\/div>","aioseo_breadcrumb_json":[{"label":"Inicio","link":"https:\/\/pujolclima.com\/en"},{"label":"Blog","link":"https:\/\/pujolclima.com\/en\/category\/blog\/"},{"label":"\u00bfD\u00f3nde colocar el aire acondicionado?","link":"https:\/\/pujolclima.com\/en\/donde-colocar-el-aire-acondicionado\/"}],"taxonomy_info":{"category":[{"value":59,"label":"Aire Acondicionado"},{"value":48,"label":"Blog"},{"value":69,"label":"Climatizaci\u00f3n"},{"value":70,"label":"Instalaci\u00f3n aire acondicionado"}],"post_tag":[{"value":61,"label":"Aire acondicionado domestico"},{"value":97,"label":"aire acondicionado sant cugat"},{"value":51,"label":"Sant Cugat del Valles"}]},"featured_image_src_large":["https:\/\/pujolclima.com\/wp-content\/uploads\/2017\/05\/Imagen1-540x540-1.png",540,540,false],"author_info":{"display_name":"soporte","author_link":"https:\/\/pujolclima.com\/en\/author\/soporte\/"},"comment_info":0,"category_info":[{"term_id":59,"name":"Aire Acondicionado","slug":"aire-acondicionado","term_group":0,"term_taxonomy_id":59,"taxonomy":"category","description":"","parent":0,"count":55,"filter":"raw","term_order":"12","cat_ID":59,"category_count":55,"category_description":"","cat_name":"Aire Acondicionado","category_nicename":"aire-acondicionado","category_parent":0},{"term_id":48,"name":"Blog","slug":"blog","term_group":0,"term_taxonomy_id":48,"taxonomy":"category","description":"","parent":0,"count":83,"filter":"raw","term_order":"13","cat_ID":48,"category_count":83,"category_description":"","cat_name":"Blog","category_nicename":"blog","category_parent":0},{"term_id":69,"name":"Climatizaci\u00f3n","slug":"climatizacion","term_group":0,"term_taxonomy_id":69,"taxonomy":"category","description":"","parent":0,"count":38,"filter":"raw","term_order":"11","cat_ID":69,"category_count":38,"category_description":"","cat_name":"Climatizaci\u00f3n","category_nicename":"climatizacion","category_parent":0},{"term_id":70,"name":"Instalaci\u00f3n aire acondicionado","slug":"instalacion-aire-acondicionado","term_group":0,"term_taxonomy_id":70,"taxonomy":"category","description":"","parent":0,"count":28,"filter":"raw","term_order":"10","cat_ID":70,"category_count":28,"category_description":"","cat_name":"Instalaci\u00f3n aire acondicionado","category_nicename":"instalacion-aire-acondicionado","category_parent":0}],"tag_info":[{"term_id":61,"name":"Aire acondicionado domestico","slug":"aire-acondicionado-domestico","term_group":0,"term_taxonomy_id":61,"taxonomy":"post_tag","description":"","parent":0,"count":28,"filter":"raw","term_order":"0"},{"term_id":97,"name":"aire acondicionado sant cugat","slug":"aire-acondicionado-sant-cugat","term_group":0,"term_taxonomy_id":97,"taxonomy":"post_tag","description":"","parent":0,"count":3,"filter":"raw","term_order":"0"},{"term_id":51,"name":"Sant Cugat del Valles","slug":"sant-cugat-del-valles","term_group":0,"term_taxonomy_id":51,"taxonomy":"post_tag","description":"","parent":0,"count":9,"filter":"raw","term_order":"0"}],"_links":{"self":[{"href":"https:\/\/pujolclima.com\/en\/wp-json\/wp\/v2\/posts\/1972","targetHints":{"allow":["GET"]}}],"collection":[{"href":"https:\/\/pujolclima.com\/en\/wp-json\/wp\/v2\/posts"}],"about":[{"href":"https:\/\/pujolclima.com\/en\/wp-json\/wp\/v2\/types\/post"}],"author":[{"embeddable":true,"href":"https:\/\/pujolclima.com\/en\/wp-json\/wp\/v2\/users\/2"}],"replies":[{"embeddable":true,"href":"https:\/\/pujolclima.com\/en\/wp-json\/wp\/v2\/comments?post=1972"}],"version-history":[{"count":0,"href":"https:\/\/pujolclima.com\/en\/wp-json\/wp\/v2\/posts\/1972\/revisions"}],"wp:featuredmedia":[{"embeddable":true,"href":"https:\/\/pujolclima.com\/en\/wp-json\/wp\/v2\/media\/1975"}],"wp:attachment":[{"href":"https:\/\/pujolclima.com\/en\/wp-json\/wp\/v2\/media?parent=1972"}],"wp:term":[{"taxonomy":"category","embeddable":true,"href":"https:\/\/pujolclima.com\/en\/wp-json\/wp\/v2\/categories?post=1972"},{"taxonomy":"post_tag","embeddable":true,"href":"https:\/\/pujolclima.com\/en\/wp-json\/wp\/v2\/tags?post=1972"}],"curies":[{"name":"wp","href":"https:\/\/api.w.org\/{rel}","templated":true}]}}