{"id":1977,"date":"2017-05-30T08:32:30","date_gmt":"2017-05-30T08:32:30","guid":{"rendered":"http:\/\/ecloudagency.com\/?p=1977"},"modified":"2017-05-30T08:32:30","modified_gmt":"2017-05-30T08:32:30","slug":"como-entender-la-etiqueta-del-aire-acondicionado","status":"publish","type":"post","link":"https:\/\/pujolclima.com\/en\/como-entender-la-etiqueta-del-aire-acondicionado\/","title":{"rendered":"How to understand the air conditioning label?"},"content":{"rendered":"<p>Welcome once again to the Pujol Clima blog, your company specializing in <strong>air conditioners<\/strong>In this new entry today we will talk about all the factors that appear on the energy label that appears in all <strong>air conditioners<\/strong> of <strong>Cerdanyola<\/strong>.<\/p>\n<p>Understanding the label that appears on the <strong>air-conditioning<\/strong> from our home <strong>Cerdanyola<\/strong> It is not difficult and we should know that it will provide us with a lot of information about the aspects that will influence the final consumption of the device.<\/p>\n<p><strong>Energy classification<\/strong><\/p>\n<p>To see on the label of the <strong>air-conditioning<\/strong> Energy efficiency, we must look at a scale of colors and letters that go from A+++ to G and from green to red. While the letter A means that the <strong>air-conditioning<\/strong> is more efficient, the G refers to the opposite.<\/p>\n<p><strong>Seasonal energy efficiency factor<\/strong><\/p>\n<p>In this place of the label of the <strong>air-conditioning<\/strong> of <strong>Cerdanyola<\/strong>, the energy efficiency indicators of the device are found: SEER for cooling mode and SCOP if we are talking about a heat pump working in heating mode.<\/p>\n<p>The number indicated on this label of the <strong>air-conditioning<\/strong> of <strong>Cerdanyola<\/strong> It informs us about the best or worst seasonal performance of the appliance, calculated in a testing laboratory for the annual cooling (SEER) or heating (SCOP) demand, determined by specific climatic conditions.<\/p>\n<p><strong>Consumption data<\/strong><\/p>\n<p>In a part of the label that we found in our <strong>air-conditioning<\/strong> of <strong>Cerdanyola<\/strong>, we can find the design load in KW, and on the other hand, an estimate of the annual energy consumption in KWh per year that the appliance will use. <strong>air-conditioning<\/strong> from our home <strong>Cerdanyola<\/strong>.<\/p>\n<p><a href=\"http:\/\/ecloudagency.com\/wp-content\/uploads\/2017\/05\/Pujol-clima-Mayo.jpg\"><img loading=\"lazy\" decoding=\"async\" class=\"size-full wp-image-4528 aligncenter\" src=\"http:\/\/ecloudagency.com\/wp-content\/uploads\/2017\/05\/Pujol-clima-Mayo.jpg\" alt=\"Pujol clima Mayo\" width=\"940\" height=\"788\" \/><\/a><\/p>\n<p><strong>Sound level (dB)<\/strong><\/p>\n<p>It is very important to ensure a low noise level of the device. <strong>air-conditioning<\/strong> for the comfort of everyone who lives in our home in Cerdanyola. When we want to air-condition our home in <strong>Cerdanyola<\/strong> with a <strong>air-conditioning<\/strong> and heat pumps, we can find that the energy label reflects two pieces of information: the decibels (dB) of both the indoor and outdoor units.<\/p>\n<p><strong>Geographical zones in heating mode<\/strong><\/p>\n<p>In our <strong>air-conditioning<\/strong> of <strong>Cerdanyola<\/strong> There is a map of Europe that shows three climatic zones marked in different colors, this is because depending on where we live, the performance of our device will vary. <strong>air-conditioning<\/strong>.<\/p>\n<p>When purchasing a device <strong>air-conditioning<\/strong> for our home <strong>Cerdanyola<\/strong> We must take into account both the power of the device and its energy classification, since they directly influence the consumption that the device will have. <strong>air-conditioning<\/strong> from our home <strong>Cerdanyola<\/strong>.<\/p>","protected":false},"excerpt":{"rendered":"<p>Welcome back to the Pujol Clima blog, your air conditioning specialist. In this new post today, we&#039;ll talk about all the\u2026<\/p>","protected":false},"author":2,"featured_media":1979,"comment_status":"closed","ping_status":"open","sticky":false,"template":"","format":"standard","meta":{"_kad_blocks_custom_css":"","_kad_blocks_head_custom_js":"","_kad_blocks_body_custom_js":"","_kad_blocks_footer_custom_js":"","_kadence_starter_templates_imported_post":false,"_kad_post_transparent":"","_kad_post_title":"","_kad_post_layout":"","_kad_post_sidebar_id":"","_kad_post_content_style":"","_kad_post_vertical_padding":"","_kad_post_feature":"","_kad_post_feature_position":"","_kad_post_header":false,"_kad_post_footer":false,"_kad_post_classname":"","_joinchat":[],"footnotes":""},"categories":[59,48],"tags":[98,65,99,100,60,61,101,102,103],"class_list":["post-1977","post","type-post","status-publish","format-standard","has-post-thumbnail","hentry","category-aire-acondicionado","category-blog","tag-acondicionado","tag-ahorro-energetico","tag-aire","tag-aire-acondicionado-cerdanyola","tag-aire-acondicionado-comercial","tag-aire-acondicionado-domestico","tag-eficiencia-energetica","tag-energetica","tag-etiqueta"],"aioseo_notices":[],"aioseo_head":"\n\t\t<!-- All in One SEO 5.0.1.1 - aioseo.com -->\n\t<meta name=\"description\" content=\"Bienvenido un d\u00eda m\u00e1s al blog de Pujol Clima, tu empresa especialista en aires acondicionados. En esta nueva entrada de hoy hablaremos sobre todos los factores que aparecen en la etiqueta energ\u00e9tica que aparece en todos los aires acondicionados de Cerdanyola. Entender la etiqueta que aparece en el aire acondicionado de nuestra vivienda de Cerdanyola\" \/>\n\t<meta name=\"robots\" content=\"max-image-preview:large\" \/>\n\t<meta name=\"author\" content=\"soporte\"\/>\n\t<link rel=\"canonical\" href=\"https:\/\/pujolclima.com\/en\/como-entender-la-etiqueta-del-aire-acondicionado\/\" \/>\n\t<meta name=\"generator\" content=\"All in One SEO (AIOSEO) 5.0.1.1\" \/>\n\t\t<meta property=\"og:locale\" content=\"en_US\" \/>\n\t\t<meta property=\"og:site_name\" content=\"Pujolclima. Expertos en climatizaci\u00f3n - Expertos en climatizaci\u00f3n para hogares y empresas. Instalaci\u00f3n, mantenimiento y reparaci\u00f3n de aire acondicionado y calefacci\u00f3n con tecnolog\u00eda eficiente, servicio r\u00e1pido y el mejor confort\u00a0garantizado.\" \/>\n\t\t<meta property=\"og:type\" content=\"article\" \/>\n\t\t<meta property=\"og:title\" content=\"\u00bfC\u00f3mo entender la etiqueta del aire acondicionado? - Pujolclima. Expertos en climatizaci\u00f3n\" \/>\n\t\t<meta property=\"og:description\" content=\"Bienvenido un d\u00eda m\u00e1s al blog de Pujol Clima, tu empresa especialista en aires acondicionados. En esta nueva entrada de hoy hablaremos sobre todos los factores que aparecen en la etiqueta energ\u00e9tica que aparece en todos los aires acondicionados de Cerdanyola. Entender la etiqueta que aparece en el aire acondicionado de nuestra vivienda de Cerdanyola\" \/>\n\t\t<meta property=\"og:url\" content=\"https:\/\/pujolclima.com\/en\/como-entender-la-etiqueta-del-aire-acondicionado\/\" \/>\n\t\t<meta property=\"og:image\" content=\"https:\/\/pujolclima.com\/wp-content\/uploads\/2025\/03\/cropped-PujolCLIMA-VECTOR-1.png\" \/>\n\t\t<meta property=\"og:image:secure_url\" content=\"https:\/\/pujolclima.com\/wp-content\/uploads\/2025\/03\/cropped-PujolCLIMA-VECTOR-1.png\" \/>\n\t\t<meta property=\"article:published_time\" content=\"2017-05-30T08:32:30+00:00\" \/>\n\t\t<meta property=\"article:modified_time\" content=\"2017-05-30T08:32:30+00:00\" \/>\n\t\t<meta name=\"twitter:card\" content=\"summary_large_image\" \/>\n\t\t<meta name=\"twitter:title\" content=\"\u00bfC\u00f3mo entender la etiqueta del aire acondicionado? - Pujolclima. Expertos en climatizaci\u00f3n\" \/>\n\t\t<meta name=\"twitter:description\" content=\"Bienvenido un d\u00eda m\u00e1s al blog de Pujol Clima, tu empresa especialista en aires acondicionados. En esta nueva entrada de hoy hablaremos sobre todos los factores que aparecen en la etiqueta energ\u00e9tica que aparece en todos los aires acondicionados de Cerdanyola. Entender la etiqueta que aparece en el aire acondicionado de nuestra vivienda de Cerdanyola\" \/>\n\t\t<meta name=\"twitter:image\" content=\"https:\/\/pujolclima.com\/wp-content\/uploads\/2025\/03\/cropped-PujolCLIMA-VECTOR-1.png\" \/>\n\t\t<script type=\"application\/ld+json\" class=\"aioseo-schema\">\n\t\t\t{\"@context\":\"https:\\\/\\\/schema.org\",\"@graph\":[{\"@type\":\"BlogPosting\",\"@id\":\"https:\\\/\\\/pujolclima.com\\\/en\\\/como-entender-la-etiqueta-del-aire-acondicionado\\\/#blogposting\",\"name\":\"\\u00bfC\\u00f3mo entender la etiqueta del aire acondicionado? - Pujolclima. Expertos en climatizaci\\u00f3n\",\"headline\":\"\\u00bfC\\u00f3mo entender la etiqueta del aire acondicionado?\",\"author\":{\"@id\":\"https:\\\/\\\/pujolclima.com\\\/en\\\/author\\\/soporte\\\/#author\"},\"publisher\":{\"@id\":\"https:\\\/\\\/pujolclima.com\\\/en\\\/#organization\"},\"image\":{\"@type\":\"ImageObject\",\"url\":\"https:\\\/\\\/pujolclima.com\\\/wp-content\\\/uploads\\\/2017\\\/05\\\/Imagen1-1-540x540-1.png\",\"width\":540,\"height\":540},\"datePublished\":\"2017-05-30T08:32:30+02:00\",\"dateModified\":\"2017-05-30T08:32:30+02:00\",\"inLanguage\":\"en-US\",\"mainEntityOfPage\":{\"@id\":\"https:\\\/\\\/pujolclima.com\\\/en\\\/como-entender-la-etiqueta-del-aire-acondicionado\\\/#webpage\"},\"isPartOf\":{\"@id\":\"https:\\\/\\\/pujolclima.com\\\/en\\\/como-entender-la-etiqueta-del-aire-acondicionado\\\/#webpage\"},\"articleSection\":\"Aire Acondicionado, Blog, acondicionado, Ahorro energetico, aire, Aire acondicionado Cerdanyola, Aire Acondicionado comercial, Aire acondicionado domestico, eficiencia energ\\u00e9tica, energ\\u00e9tica, etiqueta\"},{\"@type\":\"BreadcrumbList\",\"@id\":\"https:\\\/\\\/pujolclima.com\\\/en\\\/como-entender-la-etiqueta-del-aire-acondicionado\\\/#breadcrumblist\",\"itemListElement\":[{\"@type\":\"ListItem\",\"@id\":\"https:\\\/\\\/pujolclima.com\\\/en#listItem\",\"position\":1,\"name\":\"Inicio\",\"item\":\"https:\\\/\\\/pujolclima.com\\\/en\",\"nextItem\":{\"@type\":\"ListItem\",\"@id\":\"https:\\\/\\\/pujolclima.com\\\/en\\\/category\\\/blog\\\/#listItem\",\"name\":\"Blog\"}},{\"@type\":\"ListItem\",\"@id\":\"https:\\\/\\\/pujolclima.com\\\/en\\\/category\\\/blog\\\/#listItem\",\"position\":2,\"name\":\"Blog\",\"item\":\"https:\\\/\\\/pujolclima.com\\\/en\\\/category\\\/blog\\\/\",\"nextItem\":{\"@type\":\"ListItem\",\"@id\":\"https:\\\/\\\/pujolclima.com\\\/en\\\/como-entender-la-etiqueta-del-aire-acondicionado\\\/#listItem\",\"name\":\"\\u00bfC\\u00f3mo entender la etiqueta del aire acondicionado?\"},\"previousItem\":{\"@type\":\"ListItem\",\"@id\":\"https:\\\/\\\/pujolclima.com\\\/en#listItem\",\"name\":\"Inicio\"}},{\"@type\":\"ListItem\",\"@id\":\"https:\\\/\\\/pujolclima.com\\\/en\\\/como-entender-la-etiqueta-del-aire-acondicionado\\\/#listItem\",\"position\":3,\"name\":\"\\u00bfC\\u00f3mo entender la etiqueta del aire acondicionado?\",\"previousItem\":{\"@type\":\"ListItem\",\"@id\":\"https:\\\/\\\/pujolclima.com\\\/en\\\/category\\\/blog\\\/#listItem\",\"name\":\"Blog\"}}]},{\"@type\":\"Organization\",\"@id\":\"https:\\\/\\\/pujolclima.com\\\/en\\\/#organization\",\"name\":\"Pujolclima. Colaborador Oficial de Nedgia\",\"description\":\"Expertos en climatizaci\\u00f3n para hogares y empresas. Instalaci\\u00f3n, mantenimiento y reparaci\\u00f3n de aire acondicionado y calefacci\\u00f3n con tecnolog\\u00eda eficiente, servicio r\\u00e1pido y el mejor confort\\u00a0garantizado.\",\"url\":\"https:\\\/\\\/pujolclima.com\\\/en\\\/\",\"telephone\":\"+34664582238\",\"logo\":{\"@type\":\"ImageObject\",\"url\":\"https:\\\/\\\/pujolclima.com\\\/wp-content\\\/uploads\\\/2025\\\/03\\\/cropped-PujolCLIMA-VECTOR-1.png\",\"@id\":\"https:\\\/\\\/pujolclima.com\\\/en\\\/como-entender-la-etiqueta-del-aire-acondicionado\\\/#organizationLogo\",\"width\":1925,\"height\":570},\"image\":{\"@id\":\"https:\\\/\\\/pujolclima.com\\\/en\\\/como-entender-la-etiqueta-del-aire-acondicionado\\\/#organizationLogo\"}},{\"@type\":\"Person\",\"@id\":\"https:\\\/\\\/pujolclima.com\\\/en\\\/author\\\/soporte\\\/#author\",\"url\":\"https:\\\/\\\/pujolclima.com\\\/en\\\/author\\\/soporte\\\/\",\"name\":\"soporte\"},{\"@type\":\"WebPage\",\"@id\":\"https:\\\/\\\/pujolclima.com\\\/en\\\/como-entender-la-etiqueta-del-aire-acondicionado\\\/#webpage\",\"url\":\"https:\\\/\\\/pujolclima.com\\\/en\\\/como-entender-la-etiqueta-del-aire-acondicionado\\\/\",\"name\":\"\\u00bfC\\u00f3mo entender la etiqueta del aire acondicionado? - Pujolclima. Expertos en climatizaci\\u00f3n\",\"description\":\"Bienvenido un d\\u00eda m\\u00e1s al blog de Pujol Clima, tu empresa especialista en aires acondicionados. En esta nueva entrada de hoy hablaremos sobre todos los factores que aparecen en la etiqueta energ\\u00e9tica que aparece en todos los aires acondicionados de Cerdanyola. Entender la etiqueta que aparece en el aire acondicionado de nuestra vivienda de Cerdanyola\",\"inLanguage\":\"en-US\",\"isPartOf\":{\"@id\":\"https:\\\/\\\/pujolclima.com\\\/en\\\/#website\"},\"breadcrumb\":{\"@id\":\"https:\\\/\\\/pujolclima.com\\\/en\\\/como-entender-la-etiqueta-del-aire-acondicionado\\\/#breadcrumblist\"},\"author\":{\"@id\":\"https:\\\/\\\/pujolclima.com\\\/en\\\/author\\\/soporte\\\/#author\"},\"creator\":{\"@id\":\"https:\\\/\\\/pujolclima.com\\\/en\\\/author\\\/soporte\\\/#author\"},\"image\":{\"@type\":\"ImageObject\",\"url\":\"https:\\\/\\\/pujolclima.com\\\/wp-content\\\/uploads\\\/2017\\\/05\\\/Imagen1-1-540x540-1.png\",\"@id\":\"https:\\\/\\\/pujolclima.com\\\/en\\\/como-entender-la-etiqueta-del-aire-acondicionado\\\/#mainImage\",\"width\":540,\"height\":540},\"primaryImageOfPage\":{\"@id\":\"https:\\\/\\\/pujolclima.com\\\/en\\\/como-entender-la-etiqueta-del-aire-acondicionado\\\/#mainImage\"},\"datePublished\":\"2017-05-30T08:32:30+02:00\",\"dateModified\":\"2017-05-30T08:32:30+02:00\"},{\"@type\":\"WebSite\",\"@id\":\"https:\\\/\\\/pujolclima.com\\\/en\\\/#website\",\"url\":\"https:\\\/\\\/pujolclima.com\\\/en\\\/\",\"name\":\"Pujolclima. Colaborador Gas Natural Fernosa\",\"description\":\"Expertos en climatizaci\\u00f3n para hogares y empresas. Instalaci\\u00f3n, mantenimiento y reparaci\\u00f3n de aire acondicionado y calefacci\\u00f3n con tecnolog\\u00eda eficiente, servicio r\\u00e1pido y el mejor confort\\u00a0garantizado.\",\"inLanguage\":\"en-US\",\"publisher\":{\"@id\":\"https:\\\/\\\/pujolclima.com\\\/en\\\/#organization\"}}]}\n\t\t<\/script>\n\t\t<!-- All in One SEO -->\n\n","aioseo_head_json":{"title":"\u00bfC\u00f3mo entender la etiqueta del aire acondicionado? - Pujolclima. Expertos en climatizaci\u00f3n","description":"Bienvenido un d\u00eda m\u00e1s al blog de Pujol Clima, tu empresa especialista en aires acondicionados. En esta nueva entrada de hoy hablaremos sobre todos los factores que aparecen en la etiqueta energ\u00e9tica que aparece en todos los aires acondicionados de Cerdanyola. Entender la etiqueta que aparece en el aire acondicionado de nuestra vivienda de Cerdanyola","canonical_url":"https:\/\/pujolclima.com\/en\/como-entender-la-etiqueta-del-aire-acondicionado\/","robots":"max-image-preview:large","keywords":"","webmasterTools":{"miscellaneous":""},"schema":{"@context":"https:\/\/schema.org","@graph":[{"@type":"BlogPosting","@id":"https:\/\/pujolclima.com\/en\/como-entender-la-etiqueta-del-aire-acondicionado\/#blogposting","name":"\u00bfC\u00f3mo entender la etiqueta del aire acondicionado? - Pujolclima. Expertos en climatizaci\u00f3n","headline":"\u00bfC\u00f3mo entender la etiqueta del aire acondicionado?","author":{"@id":"https:\/\/pujolclima.com\/en\/author\/soporte\/#author"},"publisher":{"@id":"https:\/\/pujolclima.com\/en\/#organization"},"image":{"@type":"ImageObject","url":"https:\/\/pujolclima.com\/wp-content\/uploads\/2017\/05\/Imagen1-1-540x540-1.png","width":540,"height":540},"datePublished":"2017-05-30T08:32:30+02:00","dateModified":"2017-05-30T08:32:30+02:00","inLanguage":"en-US","mainEntityOfPage":{"@id":"https:\/\/pujolclima.com\/en\/como-entender-la-etiqueta-del-aire-acondicionado\/#webpage"},"isPartOf":{"@id":"https:\/\/pujolclima.com\/en\/como-entender-la-etiqueta-del-aire-acondicionado\/#webpage"},"articleSection":"Aire Acondicionado, Blog, acondicionado, Ahorro energetico, aire, Aire acondicionado Cerdanyola, Aire Acondicionado comercial, Aire acondicionado domestico, eficiencia energ\u00e9tica, energ\u00e9tica, etiqueta"},{"@type":"BreadcrumbList","@id":"https:\/\/pujolclima.com\/en\/como-entender-la-etiqueta-del-aire-acondicionado\/#breadcrumblist","itemListElement":[{"@type":"ListItem","@id":"https:\/\/pujolclima.com\/en#listItem","position":1,"name":"Inicio","item":"https:\/\/pujolclima.com\/en","nextItem":{"@type":"ListItem","@id":"https:\/\/pujolclima.com\/en\/category\/blog\/#listItem","name":"Blog"}},{"@type":"ListItem","@id":"https:\/\/pujolclima.com\/en\/category\/blog\/#listItem","position":2,"name":"Blog","item":"https:\/\/pujolclima.com\/en\/category\/blog\/","nextItem":{"@type":"ListItem","@id":"https:\/\/pujolclima.com\/en\/como-entender-la-etiqueta-del-aire-acondicionado\/#listItem","name":"\u00bfC\u00f3mo entender la etiqueta del aire acondicionado?"},"previousItem":{"@type":"ListItem","@id":"https:\/\/pujolclima.com\/en#listItem","name":"Inicio"}},{"@type":"ListItem","@id":"https:\/\/pujolclima.com\/en\/como-entender-la-etiqueta-del-aire-acondicionado\/#listItem","position":3,"name":"\u00bfC\u00f3mo entender la etiqueta del aire acondicionado?","previousItem":{"@type":"ListItem","@id":"https:\/\/pujolclima.com\/en\/category\/blog\/#listItem","name":"Blog"}}]},{"@type":"Organization","@id":"https:\/\/pujolclima.com\/en\/#organization","name":"Pujolclima. Colaborador Oficial de Nedgia","description":"Expertos en climatizaci\u00f3n para hogares y empresas. Instalaci\u00f3n, mantenimiento y reparaci\u00f3n de aire acondicionado y calefacci\u00f3n con tecnolog\u00eda eficiente, servicio r\u00e1pido y el mejor confort\u00a0garantizado.","url":"https:\/\/pujolclima.com\/en\/","telephone":"+34664582238","logo":{"@type":"ImageObject","url":"https:\/\/pujolclima.com\/wp-content\/uploads\/2025\/03\/cropped-PujolCLIMA-VECTOR-1.png","@id":"https:\/\/pujolclima.com\/en\/como-entender-la-etiqueta-del-aire-acondicionado\/#organizationLogo","width":1925,"height":570},"image":{"@id":"https:\/\/pujolclima.com\/en\/como-entender-la-etiqueta-del-aire-acondicionado\/#organizationLogo"}},{"@type":"Person","@id":"https:\/\/pujolclima.com\/en\/author\/soporte\/#author","url":"https:\/\/pujolclima.com\/en\/author\/soporte\/","name":"soporte"},{"@type":"WebPage","@id":"https:\/\/pujolclima.com\/en\/como-entender-la-etiqueta-del-aire-acondicionado\/#webpage","url":"https:\/\/pujolclima.com\/en\/como-entender-la-etiqueta-del-aire-acondicionado\/","name":"\u00bfC\u00f3mo entender la etiqueta del aire acondicionado? - Pujolclima. Expertos en climatizaci\u00f3n","description":"Bienvenido un d\u00eda m\u00e1s al blog de Pujol Clima, tu empresa especialista en aires acondicionados. En esta nueva entrada de hoy hablaremos sobre todos los factores que aparecen en la etiqueta energ\u00e9tica que aparece en todos los aires acondicionados de Cerdanyola. Entender la etiqueta que aparece en el aire acondicionado de nuestra vivienda de Cerdanyola","inLanguage":"en-US","isPartOf":{"@id":"https:\/\/pujolclima.com\/en\/#website"},"breadcrumb":{"@id":"https:\/\/pujolclima.com\/en\/como-entender-la-etiqueta-del-aire-acondicionado\/#breadcrumblist"},"author":{"@id":"https:\/\/pujolclima.com\/en\/author\/soporte\/#author"},"creator":{"@id":"https:\/\/pujolclima.com\/en\/author\/soporte\/#author"},"image":{"@type":"ImageObject","url":"https:\/\/pujolclima.com\/wp-content\/uploads\/2017\/05\/Imagen1-1-540x540-1.png","@id":"https:\/\/pujolclima.com\/en\/como-entender-la-etiqueta-del-aire-acondicionado\/#mainImage","width":540,"height":540},"primaryImageOfPage":{"@id":"https:\/\/pujolclima.com\/en\/como-entender-la-etiqueta-del-aire-acondicionado\/#mainImage"},"datePublished":"2017-05-30T08:32:30+02:00","dateModified":"2017-05-30T08:32:30+02:00"},{"@type":"WebSite","@id":"https:\/\/pujolclima.com\/en\/#website","url":"https:\/\/pujolclima.com\/en\/","name":"Pujolclima. Colaborador Gas Natural Fernosa","description":"Expertos en climatizaci\u00f3n para hogares y empresas. Instalaci\u00f3n, mantenimiento y reparaci\u00f3n de aire acondicionado y calefacci\u00f3n con tecnolog\u00eda eficiente, servicio r\u00e1pido y el mejor confort\u00a0garantizado.","inLanguage":"en-US","publisher":{"@id":"https:\/\/pujolclima.com\/en\/#organization"}}]},"og:locale":"en_US","og:site_name":"Pujolclima. Expertos en climatizaci\u00f3n - Expertos en climatizaci\u00f3n para hogares y empresas. Instalaci\u00f3n, mantenimiento y reparaci\u00f3n de aire acondicionado y calefacci\u00f3n con tecnolog\u00eda eficiente, servicio r\u00e1pido y el mejor confort\u00a0garantizado.","og:type":"article","og:title":"\u00bfC\u00f3mo entender la etiqueta del aire acondicionado? - Pujolclima. Expertos en climatizaci\u00f3n","og:description":"Bienvenido un d\u00eda m\u00e1s al blog de Pujol Clima, tu empresa especialista en aires acondicionados. En esta nueva entrada de hoy hablaremos sobre todos los factores que aparecen en la etiqueta energ\u00e9tica que aparece en todos los aires acondicionados de Cerdanyola. Entender la etiqueta que aparece en el aire acondicionado de nuestra vivienda de Cerdanyola","og:url":"https:\/\/pujolclima.com\/en\/como-entender-la-etiqueta-del-aire-acondicionado\/","og:image":"https:\/\/pujolclima.com\/wp-content\/uploads\/2025\/03\/cropped-PujolCLIMA-VECTOR-1.png","og:image:secure_url":"https:\/\/pujolclima.com\/wp-content\/uploads\/2025\/03\/cropped-PujolCLIMA-VECTOR-1.png","article:published_time":"2017-05-30T08:32:30+00:00","article:modified_time":"2017-05-30T08:32:30+00:00","twitter:card":"summary_large_image","twitter:title":"\u00bfC\u00f3mo entender la etiqueta del aire acondicionado? - Pujolclima. Expertos en climatizaci\u00f3n","twitter:description":"Bienvenido un d\u00eda m\u00e1s al blog de Pujol Clima, tu empresa especialista en aires acondicionados. En esta nueva entrada de hoy hablaremos sobre todos los factores que aparecen en la etiqueta energ\u00e9tica que aparece en todos los aires acondicionados de Cerdanyola. Entender la etiqueta que aparece en el aire acondicionado de nuestra vivienda de Cerdanyola","twitter:image":"https:\/\/pujolclima.com\/wp-content\/uploads\/2025\/03\/cropped-PujolCLIMA-VECTOR-1.png"},"aioseo_meta_data":{"post_id":"1977","title":null,"description":null,"keywords":null,"keyphrases":null,"primary_term":null,"canonical_url":null,"og_title":null,"og_description":null,"og_object_type":"default","og_image_type":"default","og_image_url":null,"og_image_width":null,"og_image_height":null,"og_image_custom_url":null,"og_image_custom_fields":null,"og_video":null,"og_custom_url":null,"og_article_section":null,"og_article_tags":null,"twitter_use_og":false,"twitter_card":"default","twitter_image_type":"default","twitter_image_url":null,"twitter_image_custom_url":null,"twitter_image_custom_fields":null,"twitter_title":null,"twitter_description":null,"schema":{"blockGraphs":[],"customGraphs":[],"default":{"data":{"Article":[],"Course":[],"Dataset":[],"FAQPage":[],"Movie":[],"Person":[],"Product":[],"ProductReview":[],"Car":[],"Recipe":[],"Service":[],"SoftwareApplication":[],"WebPage":[]},"graphName":"","isEnabled":true},"graphs":[]},"schema_type":"default","schema_type_options":null,"pillar_content":false,"robots_default":true,"robots_noindex":false,"robots_noarchive":false,"robots_nosnippet":false,"robots_nofollow":false,"robots_noimageindex":false,"robots_noodp":false,"robots_notranslate":false,"robots_max_snippet":null,"robots_max_videopreview":null,"robots_max_imagepreview":"large","priority":null,"frequency":null,"local_seo":null,"breadcrumb_settings":null,"limit_modified_date":false,"ai":null,"created":"2024-06-13 09:23:48","updated":"2025-07-08 08:53:07","focus_keyword":null,"additional_keywords":null,"truseo_locale":null,"seo_analyzer_scan_date":null},"aioseo_breadcrumb":"<div class=\"aioseo-breadcrumbs\"><span class=\"aioseo-breadcrumb\">\n\t\t\t<a href=\"https:\/\/pujolclima.com\/en\" title=\"Inicio\">Inicio<\/a>\n\t\t<\/span><span class=\"aioseo-breadcrumb-separator\">&raquo;<\/span><span class=\"aioseo-breadcrumb\">\n\t\t\t<a href=\"https:\/\/pujolclima.com\/en\/category\/blog\/\" title=\"Blog\">Blog<\/a>\n\t\t<\/span><span class=\"aioseo-breadcrumb-separator\">&raquo;<\/span><span class=\"aioseo-breadcrumb\">\n\t\t\t\u00bfC\u00f3mo entender la etiqueta del aire acondicionado?\n\t\t<\/span><\/div>","aioseo_breadcrumb_json":[{"label":"Inicio","link":"https:\/\/pujolclima.com\/en"},{"label":"Blog","link":"https:\/\/pujolclima.com\/en\/category\/blog\/"},{"label":"\u00bfC\u00f3mo entender la etiqueta del aire acondicionado?","link":"https:\/\/pujolclima.com\/en\/como-entender-la-etiqueta-del-aire-acondicionado\/"}],"taxonomy_info":{"category":[{"value":59,"label":"Aire Acondicionado"},{"value":48,"label":"Blog"}],"post_tag":[{"value":98,"label":"acondicionado"},{"value":65,"label":"Ahorro energetico"},{"value":99,"label":"aire"},{"value":100,"label":"Aire acondicionado Cerdanyola"},{"value":60,"label":"Aire Acondicionado comercial"},{"value":61,"label":"Aire acondicionado domestico"},{"value":101,"label":"eficiencia energ\u00e9tica"},{"value":102,"label":"energ\u00e9tica"},{"value":103,"label":"etiqueta"}]},"featured_image_src_large":["https:\/\/pujolclima.com\/wp-content\/uploads\/2017\/05\/Imagen1-1-540x540-1.png",540,540,false],"author_info":{"display_name":"soporte","author_link":"https:\/\/pujolclima.com\/en\/author\/soporte\/"},"comment_info":0,"category_info":[{"term_id":59,"name":"Aire Acondicionado","slug":"aire-acondicionado","term_group":0,"term_taxonomy_id":59,"taxonomy":"category","description":"","parent":0,"count":55,"filter":"raw","term_order":"12","cat_ID":59,"category_count":55,"category_description":"","cat_name":"Aire Acondicionado","category_nicename":"aire-acondicionado","category_parent":0},{"term_id":48,"name":"Blog","slug":"blog","term_group":0,"term_taxonomy_id":48,"taxonomy":"category","description":"","parent":0,"count":83,"filter":"raw","term_order":"13","cat_ID":48,"category_count":83,"category_description":"","cat_name":"Blog","category_nicename":"blog","category_parent":0}],"tag_info":[{"term_id":98,"name":"acondicionado","slug":"acondicionado","term_group":0,"term_taxonomy_id":98,"taxonomy":"post_tag","description":"","parent":0,"count":7,"filter":"raw","term_order":"0"},{"term_id":65,"name":"Ahorro energetico","slug":"ahorro-energetico","term_group":0,"term_taxonomy_id":65,"taxonomy":"post_tag","description":"","parent":0,"count":17,"filter":"raw","term_order":"0"},{"term_id":99,"name":"aire","slug":"aire","term_group":0,"term_taxonomy_id":99,"taxonomy":"post_tag","description":"","parent":0,"count":12,"filter":"raw","term_order":"0"},{"term_id":100,"name":"Aire acondicionado Cerdanyola","slug":"aire-acondicionado-cerdanyola","term_group":0,"term_taxonomy_id":100,"taxonomy":"post_tag","description":"","parent":0,"count":2,"filter":"raw","term_order":"0"},{"term_id":60,"name":"Aire Acondicionado comercial","slug":"aire-acondicionado-comercial","term_group":0,"term_taxonomy_id":60,"taxonomy":"post_tag","description":"","parent":0,"count":15,"filter":"raw","term_order":"0"},{"term_id":61,"name":"Aire acondicionado domestico","slug":"aire-acondicionado-domestico","term_group":0,"term_taxonomy_id":61,"taxonomy":"post_tag","description":"","parent":0,"count":28,"filter":"raw","term_order":"0"},{"term_id":101,"name":"eficiencia energ\u00e9tica","slug":"eficiencia-energetica","term_group":0,"term_taxonomy_id":101,"taxonomy":"post_tag","description":"","parent":0,"count":1,"filter":"raw","term_order":"0"},{"term_id":102,"name":"energ\u00e9tica","slug":"energetica","term_group":0,"term_taxonomy_id":102,"taxonomy":"post_tag","description":"","parent":0,"count":1,"filter":"raw","term_order":"0"},{"term_id":103,"name":"etiqueta","slug":"etiqueta","term_group":0,"term_taxonomy_id":103,"taxonomy":"post_tag","description":"","parent":0,"count":1,"filter":"raw","term_order":"0"}],"_links":{"self":[{"href":"https:\/\/pujolclima.com\/en\/wp-json\/wp\/v2\/posts\/1977","targetHints":{"allow":["GET"]}}],"collection":[{"href":"https:\/\/pujolclima.com\/en\/wp-json\/wp\/v2\/posts"}],"about":[{"href":"https:\/\/pujolclima.com\/en\/wp-json\/wp\/v2\/types\/post"}],"author":[{"embeddable":true,"href":"https:\/\/pujolclima.com\/en\/wp-json\/wp\/v2\/users\/2"}],"replies":[{"embeddable":true,"href":"https:\/\/pujolclima.com\/en\/wp-json\/wp\/v2\/comments?post=1977"}],"version-history":[{"count":0,"href":"https:\/\/pujolclima.com\/en\/wp-json\/wp\/v2\/posts\/1977\/revisions"}],"wp:featuredmedia":[{"embeddable":true,"href":"https:\/\/pujolclima.com\/en\/wp-json\/wp\/v2\/media\/1979"}],"wp:attachment":[{"href":"https:\/\/pujolclima.com\/en\/wp-json\/wp\/v2\/media?parent=1977"}],"wp:term":[{"taxonomy":"category","embeddable":true,"href":"https:\/\/pujolclima.com\/en\/wp-json\/wp\/v2\/categories?post=1977"},{"taxonomy":"post_tag","embeddable":true,"href":"https:\/\/pujolclima.com\/en\/wp-json\/wp\/v2\/tags?post=1977"}],"curies":[{"name":"wp","href":"https:\/\/api.w.org\/{rel}","templated":true}]}}