{"id":2147,"date":"2017-07-17T07:16:04","date_gmt":"2017-07-17T07:16:04","guid":{"rendered":"http:\/\/ecloudagency.com\/?p=2147"},"modified":"2017-07-17T07:16:04","modified_gmt":"2017-07-17T07:16:04","slug":"conseguir-la-temperatura-ideal-del-aire-acondicionado-en-verano","status":"publish","type":"post","link":"https:\/\/pujolclima.com\/en\/conseguir-la-temperatura-ideal-del-aire-acondicionado-en-verano\/","title":{"rendered":"Getting the ideal air conditioning temperature in summer"},"content":{"rendered":"<p>Welcome one more day to the Pujol Clima blog, your company for the sale, installation, maintenance and repair of\u00a0<strong>air-conditioning<\/strong>In today&#039;s new entry we will talk about how to get the ideal temperature for our\u00a0<strong>air-conditioning<\/strong>\u00a0in summer.<\/p>\n<p>With the heat in summer, it is convenient to remember certain aspects that can help avoid setting temperatures that are too low on our equipment.\u00a0<strong>air-conditioning<\/strong>. Mainly we must be clear that the temperature of the\u00a0<strong>air-conditioning<\/strong>\u00a0that we should put in any place should be about 25 degrees, neither higher nor lower.<\/p>\n<h2>Key tips<\/h2>\n<ul>\n<li>Graduate the\u00a0<strong>air-conditioning<\/strong>\u00a0with a not very high temperature: between 24 and 25 degrees, since it is not recommended to lower the temperature too much\u00a0<strong>air<\/strong>\u00a0<strong>conditioned<\/strong>The lower the temperature, the higher the energy consumption. Furthermore, this temperature is perfect for maintaining the room at an optimal level of comfort.<\/li>\n<li>Temperature contrast: It is important that the temperature inside and outside are not too different. It is recommended that we set the temperature of the\u00a0<strong>air-conditioning<\/strong>\u00a0at a temperature of about 12 degrees difference with the outside at most.<\/li>\n<li>Inverter Technology: This technology in the appliances\u00a0<strong>air-conditioning<\/strong>\u00a0It promotes the progressive cooling of the rooms, which in this way reach the desired temperature.<\/li>\n<li><img loading=\"lazy\" decoding=\"async\" class=\"alignright wp-image-2149 size-medium\" src=\"http:\/\/ecloudagency.com\/wp-content\/uploads\/2017\/07\/Imagen1-300x167-300x167.png\" alt=\"\" width=\"300\" height=\"167\" \/>Slat orientation: Most of the appliances\u00a0<strong>air-conditioning<\/strong>\u00a0expel\u00a0<strong>air<\/strong>\u00a0direct cold through the slats. It is advisable to program the\u00a0<strong>air-conditioning<\/strong>\u00a0so that the air comes out evenly and parallel to the ceiling, to avoid direct contact with people.<\/li>\n<li>Air flow rate: the equipment\u00a0<strong>air-conditioning<\/strong>\u00a0They usually have several speeds and power settings. Instead of setting the unit to a higher speed, it&#039;s better to set it to a lower speed, as this will allow the room to be air-conditioned without creating a strong cold air current.<\/li>\n<li>Programming Options: If our team\u00a0<strong>air-conditioning<\/strong>\u00a0It has options to program it, it is preferable to cool the room a few hours in advance, in addition, this way we will have the air conditioning equipment working gradually and without having to make an energy over-exertion upon arrival. The models of\u00a0<strong>air-conditioning<\/strong>\u00a0The latest generation incorporates Wi-Fi control so that it is possible to turn the equipment on and off.\u00a0<strong>air-conditioning<\/strong>whenever we want and anywhere we have mobile internet.<\/li>\n<li>Zones: in the event that the installation of the\u00a0<strong>air-conditioning<\/strong>\u00a0Whether it is through ducts, that is, integrated into the false ceiling, we must know that it is possible to zone it, to only air-condition the rooms that need it through independent thermostats.<\/li>\n<\/ul>","protected":false},"excerpt":{"rendered":"<p>Welcome back to the Pujol Clima blog, your air conditioning sales, installation, maintenance, and repair company. In today&#039;s new post...<\/p>","protected":false},"author":2,"featured_media":2148,"comment_status":"closed","ping_status":"open","sticky":false,"template":"","format":"standard","meta":{"_kad_blocks_custom_css":"","_kad_blocks_head_custom_js":"","_kad_blocks_body_custom_js":"","_kad_blocks_footer_custom_js":"","_kadence_starter_templates_imported_post":false,"_kad_post_transparent":"","_kad_post_title":"","_kad_post_layout":"","_kad_post_sidebar_id":"","_kad_post_content_style":"","_kad_post_vertical_padding":"","_kad_post_feature":"","_kad_post_feature_position":"","_kad_post_header":false,"_kad_post_footer":false,"_kad_post_classname":"","_joinchat":[],"footnotes":""},"categories":[59,48,69],"tags":[65,99,108,61,54,105,118,119],"class_list":["post-2147","post","type-post","status-publish","format-standard","has-post-thumbnail","hentry","category-aire-acondicionado","category-blog","category-climatizacion","tag-ahorro-energetico","tag-aire","tag-aire-acondicionado","tag-aire-acondicionado-domestico","tag-aire-acondicionado-industrial","tag-aire-acondicionamiento-comercial","tag-consejos","tag-consejos-aire-acondicionado"],"aioseo_notices":[],"aioseo_head":"\n\t\t<!-- All in One SEO 5.0.1.1 - aioseo.com -->\n\t<meta name=\"description\" content=\"Bienvenido un d\u00eda m\u00e1s al blog de Pujol Clima, tu empresa de venta, instalaci\u00f3n, mantenimiento y reparaci\u00f3n de aire acondicionado. En la nueva entrada de hoy hablaremos sobre c\u00f3mo conseguir la temperatura ideal de nuestro aire acondicionado en verano. Con el calor que hay en verano, es conveniente recordar ciertos aspectos que pueden servir para evitar poner temperaturas\" \/>\n\t<meta name=\"robots\" content=\"max-image-preview:large\" \/>\n\t<meta name=\"author\" content=\"soporte\"\/>\n\t<link rel=\"canonical\" href=\"https:\/\/pujolclima.com\/en\/conseguir-la-temperatura-ideal-del-aire-acondicionado-en-verano\/\" \/>\n\t<meta name=\"generator\" content=\"All in One SEO (AIOSEO) 5.0.1.1\" \/>\n\t\t<meta property=\"og:locale\" content=\"en_US\" \/>\n\t\t<meta property=\"og:site_name\" content=\"Pujolclima. Expertos en climatizaci\u00f3n - Expertos en climatizaci\u00f3n para hogares y empresas. Instalaci\u00f3n, mantenimiento y reparaci\u00f3n de aire acondicionado y calefacci\u00f3n con tecnolog\u00eda eficiente, servicio r\u00e1pido y el mejor confort\u00a0garantizado.\" \/>\n\t\t<meta property=\"og:type\" content=\"article\" \/>\n\t\t<meta property=\"og:title\" content=\"Conseguir la temperatura ideal del aire acondicionado en verano - Pujolclima. Expertos en climatizaci\u00f3n\" \/>\n\t\t<meta property=\"og:description\" content=\"Bienvenido un d\u00eda m\u00e1s al blog de Pujol Clima, tu empresa de venta, instalaci\u00f3n, mantenimiento y reparaci\u00f3n de aire acondicionado. En la nueva entrada de hoy hablaremos sobre c\u00f3mo conseguir la temperatura ideal de nuestro aire acondicionado en verano. Con el calor que hay en verano, es conveniente recordar ciertos aspectos que pueden servir para evitar poner temperaturas\" \/>\n\t\t<meta property=\"og:url\" content=\"https:\/\/pujolclima.com\/en\/conseguir-la-temperatura-ideal-del-aire-acondicionado-en-verano\/\" \/>\n\t\t<meta property=\"og:image\" content=\"https:\/\/pujolclima.com\/wp-content\/uploads\/2025\/03\/cropped-PujolCLIMA-VECTOR-1.png\" \/>\n\t\t<meta property=\"og:image:secure_url\" content=\"https:\/\/pujolclima.com\/wp-content\/uploads\/2025\/03\/cropped-PujolCLIMA-VECTOR-1.png\" \/>\n\t\t<meta property=\"article:published_time\" content=\"2017-07-17T07:16:04+00:00\" \/>\n\t\t<meta property=\"article:modified_time\" content=\"2017-07-17T07:16:04+00:00\" \/>\n\t\t<meta name=\"twitter:card\" content=\"summary_large_image\" \/>\n\t\t<meta name=\"twitter:title\" content=\"Conseguir la temperatura ideal del aire acondicionado en verano - Pujolclima. Expertos en climatizaci\u00f3n\" \/>\n\t\t<meta name=\"twitter:description\" content=\"Bienvenido un d\u00eda m\u00e1s al blog de Pujol Clima, tu empresa de venta, instalaci\u00f3n, mantenimiento y reparaci\u00f3n de aire acondicionado. En la nueva entrada de hoy hablaremos sobre c\u00f3mo conseguir la temperatura ideal de nuestro aire acondicionado en verano. Con el calor que hay en verano, es conveniente recordar ciertos aspectos que pueden servir para evitar poner temperaturas\" \/>\n\t\t<meta name=\"twitter:image\" content=\"https:\/\/pujolclima.com\/wp-content\/uploads\/2025\/03\/cropped-PujolCLIMA-VECTOR-1.png\" \/>\n\t\t<script type=\"application\/ld+json\" class=\"aioseo-schema\">\n\t\t\t{\"@context\":\"https:\\\/\\\/schema.org\",\"@graph\":[{\"@type\":\"BlogPosting\",\"@id\":\"https:\\\/\\\/pujolclima.com\\\/en\\\/conseguir-la-temperatura-ideal-del-aire-acondicionado-en-verano\\\/#blogposting\",\"name\":\"Conseguir la temperatura ideal del aire acondicionado en verano - Pujolclima. Expertos en climatizaci\\u00f3n\",\"headline\":\"Conseguir la temperatura ideal del aire acondicionado en verano\",\"author\":{\"@id\":\"https:\\\/\\\/pujolclima.com\\\/en\\\/author\\\/soporte\\\/#author\"},\"publisher\":{\"@id\":\"https:\\\/\\\/pujolclima.com\\\/en\\\/#organization\"},\"image\":{\"@type\":\"ImageObject\",\"url\":\"https:\\\/\\\/pujolclima.com\\\/wp-content\\\/uploads\\\/2017\\\/07\\\/Imagen2.png\",\"width\":1016,\"height\":391},\"datePublished\":\"2017-07-17T07:16:04+02:00\",\"dateModified\":\"2017-07-17T07:16:04+02:00\",\"inLanguage\":\"en-US\",\"mainEntityOfPage\":{\"@id\":\"https:\\\/\\\/pujolclima.com\\\/en\\\/conseguir-la-temperatura-ideal-del-aire-acondicionado-en-verano\\\/#webpage\"},\"isPartOf\":{\"@id\":\"https:\\\/\\\/pujolclima.com\\\/en\\\/conseguir-la-temperatura-ideal-del-aire-acondicionado-en-verano\\\/#webpage\"},\"articleSection\":\"Aire Acondicionado, Blog, Climatizaci\\u00f3n, Ahorro energetico, aire, aire acondicionado, Aire acondicionado domestico, Aire Acondicionado Industrial, Aire acondicionamiento comercial, consejos, consejos aire acondicionado\"},{\"@type\":\"BreadcrumbList\",\"@id\":\"https:\\\/\\\/pujolclima.com\\\/en\\\/conseguir-la-temperatura-ideal-del-aire-acondicionado-en-verano\\\/#breadcrumblist\",\"itemListElement\":[{\"@type\":\"ListItem\",\"@id\":\"https:\\\/\\\/pujolclima.com\\\/en#listItem\",\"position\":1,\"name\":\"Inicio\",\"item\":\"https:\\\/\\\/pujolclima.com\\\/en\",\"nextItem\":{\"@type\":\"ListItem\",\"@id\":\"https:\\\/\\\/pujolclima.com\\\/en\\\/category\\\/blog\\\/#listItem\",\"name\":\"Blog\"}},{\"@type\":\"ListItem\",\"@id\":\"https:\\\/\\\/pujolclima.com\\\/en\\\/category\\\/blog\\\/#listItem\",\"position\":2,\"name\":\"Blog\",\"item\":\"https:\\\/\\\/pujolclima.com\\\/en\\\/category\\\/blog\\\/\",\"nextItem\":{\"@type\":\"ListItem\",\"@id\":\"https:\\\/\\\/pujolclima.com\\\/en\\\/conseguir-la-temperatura-ideal-del-aire-acondicionado-en-verano\\\/#listItem\",\"name\":\"Conseguir la temperatura ideal del aire acondicionado en verano\"},\"previousItem\":{\"@type\":\"ListItem\",\"@id\":\"https:\\\/\\\/pujolclima.com\\\/en#listItem\",\"name\":\"Inicio\"}},{\"@type\":\"ListItem\",\"@id\":\"https:\\\/\\\/pujolclima.com\\\/en\\\/conseguir-la-temperatura-ideal-del-aire-acondicionado-en-verano\\\/#listItem\",\"position\":3,\"name\":\"Conseguir la temperatura ideal del aire acondicionado en verano\",\"previousItem\":{\"@type\":\"ListItem\",\"@id\":\"https:\\\/\\\/pujolclima.com\\\/en\\\/category\\\/blog\\\/#listItem\",\"name\":\"Blog\"}}]},{\"@type\":\"Organization\",\"@id\":\"https:\\\/\\\/pujolclima.com\\\/en\\\/#organization\",\"name\":\"Pujolclima. Colaborador Oficial de Nedgia\",\"description\":\"Expertos en climatizaci\\u00f3n para hogares y empresas. Instalaci\\u00f3n, mantenimiento y reparaci\\u00f3n de aire acondicionado y calefacci\\u00f3n con tecnolog\\u00eda eficiente, servicio r\\u00e1pido y el mejor confort\\u00a0garantizado.\",\"url\":\"https:\\\/\\\/pujolclima.com\\\/en\\\/\",\"telephone\":\"+34664582238\",\"logo\":{\"@type\":\"ImageObject\",\"url\":\"https:\\\/\\\/pujolclima.com\\\/wp-content\\\/uploads\\\/2025\\\/03\\\/cropped-PujolCLIMA-VECTOR-1.png\",\"@id\":\"https:\\\/\\\/pujolclima.com\\\/en\\\/conseguir-la-temperatura-ideal-del-aire-acondicionado-en-verano\\\/#organizationLogo\",\"width\":1925,\"height\":570},\"image\":{\"@id\":\"https:\\\/\\\/pujolclima.com\\\/en\\\/conseguir-la-temperatura-ideal-del-aire-acondicionado-en-verano\\\/#organizationLogo\"}},{\"@type\":\"Person\",\"@id\":\"https:\\\/\\\/pujolclima.com\\\/en\\\/author\\\/soporte\\\/#author\",\"url\":\"https:\\\/\\\/pujolclima.com\\\/en\\\/author\\\/soporte\\\/\",\"name\":\"soporte\"},{\"@type\":\"WebPage\",\"@id\":\"https:\\\/\\\/pujolclima.com\\\/en\\\/conseguir-la-temperatura-ideal-del-aire-acondicionado-en-verano\\\/#webpage\",\"url\":\"https:\\\/\\\/pujolclima.com\\\/en\\\/conseguir-la-temperatura-ideal-del-aire-acondicionado-en-verano\\\/\",\"name\":\"Conseguir la temperatura ideal del aire acondicionado en verano - Pujolclima. Expertos en climatizaci\\u00f3n\",\"description\":\"Bienvenido un d\\u00eda m\\u00e1s al blog de Pujol Clima, tu empresa de venta, instalaci\\u00f3n, mantenimiento y reparaci\\u00f3n de aire acondicionado. En la nueva entrada de hoy hablaremos sobre c\\u00f3mo conseguir la temperatura ideal de nuestro aire acondicionado en verano. Con el calor que hay en verano, es conveniente recordar ciertos aspectos que pueden servir para evitar poner temperaturas\",\"inLanguage\":\"en-US\",\"isPartOf\":{\"@id\":\"https:\\\/\\\/pujolclima.com\\\/en\\\/#website\"},\"breadcrumb\":{\"@id\":\"https:\\\/\\\/pujolclima.com\\\/en\\\/conseguir-la-temperatura-ideal-del-aire-acondicionado-en-verano\\\/#breadcrumblist\"},\"author\":{\"@id\":\"https:\\\/\\\/pujolclima.com\\\/en\\\/author\\\/soporte\\\/#author\"},\"creator\":{\"@id\":\"https:\\\/\\\/pujolclima.com\\\/en\\\/author\\\/soporte\\\/#author\"},\"image\":{\"@type\":\"ImageObject\",\"url\":\"https:\\\/\\\/pujolclima.com\\\/wp-content\\\/uploads\\\/2017\\\/07\\\/Imagen2.png\",\"@id\":\"https:\\\/\\\/pujolclima.com\\\/en\\\/conseguir-la-temperatura-ideal-del-aire-acondicionado-en-verano\\\/#mainImage\",\"width\":1016,\"height\":391},\"primaryImageOfPage\":{\"@id\":\"https:\\\/\\\/pujolclima.com\\\/en\\\/conseguir-la-temperatura-ideal-del-aire-acondicionado-en-verano\\\/#mainImage\"},\"datePublished\":\"2017-07-17T07:16:04+02:00\",\"dateModified\":\"2017-07-17T07:16:04+02:00\"},{\"@type\":\"WebSite\",\"@id\":\"https:\\\/\\\/pujolclima.com\\\/en\\\/#website\",\"url\":\"https:\\\/\\\/pujolclima.com\\\/en\\\/\",\"name\":\"Pujolclima. Colaborador Gas Natural Fernosa\",\"description\":\"Expertos en climatizaci\\u00f3n para hogares y empresas. Instalaci\\u00f3n, mantenimiento y reparaci\\u00f3n de aire acondicionado y calefacci\\u00f3n con tecnolog\\u00eda eficiente, servicio r\\u00e1pido y el mejor confort\\u00a0garantizado.\",\"inLanguage\":\"en-US\",\"publisher\":{\"@id\":\"https:\\\/\\\/pujolclima.com\\\/en\\\/#organization\"}}]}\n\t\t<\/script>\n\t\t<!-- All in One SEO -->\n\n","aioseo_head_json":{"title":"Conseguir la temperatura ideal del aire acondicionado en verano - Pujolclima. Expertos en climatizaci\u00f3n","description":"Bienvenido un d\u00eda m\u00e1s al blog de Pujol Clima, tu empresa de venta, instalaci\u00f3n, mantenimiento y reparaci\u00f3n de aire acondicionado. En la nueva entrada de hoy hablaremos sobre c\u00f3mo conseguir la temperatura ideal de nuestro aire acondicionado en verano. Con el calor que hay en verano, es conveniente recordar ciertos aspectos que pueden servir para evitar poner temperaturas","canonical_url":"https:\/\/pujolclima.com\/en\/conseguir-la-temperatura-ideal-del-aire-acondicionado-en-verano\/","robots":"max-image-preview:large","keywords":"","webmasterTools":{"miscellaneous":""},"schema":{"@context":"https:\/\/schema.org","@graph":[{"@type":"BlogPosting","@id":"https:\/\/pujolclima.com\/en\/conseguir-la-temperatura-ideal-del-aire-acondicionado-en-verano\/#blogposting","name":"Conseguir la temperatura ideal del aire acondicionado en verano - Pujolclima. Expertos en climatizaci\u00f3n","headline":"Conseguir la temperatura ideal del aire acondicionado en verano","author":{"@id":"https:\/\/pujolclima.com\/en\/author\/soporte\/#author"},"publisher":{"@id":"https:\/\/pujolclima.com\/en\/#organization"},"image":{"@type":"ImageObject","url":"https:\/\/pujolclima.com\/wp-content\/uploads\/2017\/07\/Imagen2.png","width":1016,"height":391},"datePublished":"2017-07-17T07:16:04+02:00","dateModified":"2017-07-17T07:16:04+02:00","inLanguage":"en-US","mainEntityOfPage":{"@id":"https:\/\/pujolclima.com\/en\/conseguir-la-temperatura-ideal-del-aire-acondicionado-en-verano\/#webpage"},"isPartOf":{"@id":"https:\/\/pujolclima.com\/en\/conseguir-la-temperatura-ideal-del-aire-acondicionado-en-verano\/#webpage"},"articleSection":"Aire Acondicionado, Blog, Climatizaci\u00f3n, Ahorro energetico, aire, aire acondicionado, Aire acondicionado domestico, Aire Acondicionado Industrial, Aire acondicionamiento comercial, consejos, consejos aire acondicionado"},{"@type":"BreadcrumbList","@id":"https:\/\/pujolclima.com\/en\/conseguir-la-temperatura-ideal-del-aire-acondicionado-en-verano\/#breadcrumblist","itemListElement":[{"@type":"ListItem","@id":"https:\/\/pujolclima.com\/en#listItem","position":1,"name":"Inicio","item":"https:\/\/pujolclima.com\/en","nextItem":{"@type":"ListItem","@id":"https:\/\/pujolclima.com\/en\/category\/blog\/#listItem","name":"Blog"}},{"@type":"ListItem","@id":"https:\/\/pujolclima.com\/en\/category\/blog\/#listItem","position":2,"name":"Blog","item":"https:\/\/pujolclima.com\/en\/category\/blog\/","nextItem":{"@type":"ListItem","@id":"https:\/\/pujolclima.com\/en\/conseguir-la-temperatura-ideal-del-aire-acondicionado-en-verano\/#listItem","name":"Conseguir la temperatura ideal del aire acondicionado en verano"},"previousItem":{"@type":"ListItem","@id":"https:\/\/pujolclima.com\/en#listItem","name":"Inicio"}},{"@type":"ListItem","@id":"https:\/\/pujolclima.com\/en\/conseguir-la-temperatura-ideal-del-aire-acondicionado-en-verano\/#listItem","position":3,"name":"Conseguir la temperatura ideal del aire acondicionado en verano","previousItem":{"@type":"ListItem","@id":"https:\/\/pujolclima.com\/en\/category\/blog\/#listItem","name":"Blog"}}]},{"@type":"Organization","@id":"https:\/\/pujolclima.com\/en\/#organization","name":"Pujolclima. Colaborador Oficial de Nedgia","description":"Expertos en climatizaci\u00f3n para hogares y empresas. Instalaci\u00f3n, mantenimiento y reparaci\u00f3n de aire acondicionado y calefacci\u00f3n con tecnolog\u00eda eficiente, servicio r\u00e1pido y el mejor confort\u00a0garantizado.","url":"https:\/\/pujolclima.com\/en\/","telephone":"+34664582238","logo":{"@type":"ImageObject","url":"https:\/\/pujolclima.com\/wp-content\/uploads\/2025\/03\/cropped-PujolCLIMA-VECTOR-1.png","@id":"https:\/\/pujolclima.com\/en\/conseguir-la-temperatura-ideal-del-aire-acondicionado-en-verano\/#organizationLogo","width":1925,"height":570},"image":{"@id":"https:\/\/pujolclima.com\/en\/conseguir-la-temperatura-ideal-del-aire-acondicionado-en-verano\/#organizationLogo"}},{"@type":"Person","@id":"https:\/\/pujolclima.com\/en\/author\/soporte\/#author","url":"https:\/\/pujolclima.com\/en\/author\/soporte\/","name":"soporte"},{"@type":"WebPage","@id":"https:\/\/pujolclima.com\/en\/conseguir-la-temperatura-ideal-del-aire-acondicionado-en-verano\/#webpage","url":"https:\/\/pujolclima.com\/en\/conseguir-la-temperatura-ideal-del-aire-acondicionado-en-verano\/","name":"Conseguir la temperatura ideal del aire acondicionado en verano - Pujolclima. Expertos en climatizaci\u00f3n","description":"Bienvenido un d\u00eda m\u00e1s al blog de Pujol Clima, tu empresa de venta, instalaci\u00f3n, mantenimiento y reparaci\u00f3n de aire acondicionado. En la nueva entrada de hoy hablaremos sobre c\u00f3mo conseguir la temperatura ideal de nuestro aire acondicionado en verano. Con el calor que hay en verano, es conveniente recordar ciertos aspectos que pueden servir para evitar poner temperaturas","inLanguage":"en-US","isPartOf":{"@id":"https:\/\/pujolclima.com\/en\/#website"},"breadcrumb":{"@id":"https:\/\/pujolclima.com\/en\/conseguir-la-temperatura-ideal-del-aire-acondicionado-en-verano\/#breadcrumblist"},"author":{"@id":"https:\/\/pujolclima.com\/en\/author\/soporte\/#author"},"creator":{"@id":"https:\/\/pujolclima.com\/en\/author\/soporte\/#author"},"image":{"@type":"ImageObject","url":"https:\/\/pujolclima.com\/wp-content\/uploads\/2017\/07\/Imagen2.png","@id":"https:\/\/pujolclima.com\/en\/conseguir-la-temperatura-ideal-del-aire-acondicionado-en-verano\/#mainImage","width":1016,"height":391},"primaryImageOfPage":{"@id":"https:\/\/pujolclima.com\/en\/conseguir-la-temperatura-ideal-del-aire-acondicionado-en-verano\/#mainImage"},"datePublished":"2017-07-17T07:16:04+02:00","dateModified":"2017-07-17T07:16:04+02:00"},{"@type":"WebSite","@id":"https:\/\/pujolclima.com\/en\/#website","url":"https:\/\/pujolclima.com\/en\/","name":"Pujolclima. Colaborador Gas Natural Fernosa","description":"Expertos en climatizaci\u00f3n para hogares y empresas. Instalaci\u00f3n, mantenimiento y reparaci\u00f3n de aire acondicionado y calefacci\u00f3n con tecnolog\u00eda eficiente, servicio r\u00e1pido y el mejor confort\u00a0garantizado.","inLanguage":"en-US","publisher":{"@id":"https:\/\/pujolclima.com\/en\/#organization"}}]},"og:locale":"en_US","og:site_name":"Pujolclima. Expertos en climatizaci\u00f3n - Expertos en climatizaci\u00f3n para hogares y empresas. Instalaci\u00f3n, mantenimiento y reparaci\u00f3n de aire acondicionado y calefacci\u00f3n con tecnolog\u00eda eficiente, servicio r\u00e1pido y el mejor confort\u00a0garantizado.","og:type":"article","og:title":"Conseguir la temperatura ideal del aire acondicionado en verano - Pujolclima. Expertos en climatizaci\u00f3n","og:description":"Bienvenido un d\u00eda m\u00e1s al blog de Pujol Clima, tu empresa de venta, instalaci\u00f3n, mantenimiento y reparaci\u00f3n de aire acondicionado. En la nueva entrada de hoy hablaremos sobre c\u00f3mo conseguir la temperatura ideal de nuestro aire acondicionado en verano. Con el calor que hay en verano, es conveniente recordar ciertos aspectos que pueden servir para evitar poner temperaturas","og:url":"https:\/\/pujolclima.com\/en\/conseguir-la-temperatura-ideal-del-aire-acondicionado-en-verano\/","og:image":"https:\/\/pujolclima.com\/wp-content\/uploads\/2025\/03\/cropped-PujolCLIMA-VECTOR-1.png","og:image:secure_url":"https:\/\/pujolclima.com\/wp-content\/uploads\/2025\/03\/cropped-PujolCLIMA-VECTOR-1.png","article:published_time":"2017-07-17T07:16:04+00:00","article:modified_time":"2017-07-17T07:16:04+00:00","twitter:card":"summary_large_image","twitter:title":"Conseguir la temperatura ideal del aire acondicionado en verano - Pujolclima. Expertos en climatizaci\u00f3n","twitter:description":"Bienvenido un d\u00eda m\u00e1s al blog de Pujol Clima, tu empresa de venta, instalaci\u00f3n, mantenimiento y reparaci\u00f3n de aire acondicionado. En la nueva entrada de hoy hablaremos sobre c\u00f3mo conseguir la temperatura ideal de nuestro aire acondicionado en verano. Con el calor que hay en verano, es conveniente recordar ciertos aspectos que pueden servir para evitar poner temperaturas","twitter:image":"https:\/\/pujolclima.com\/wp-content\/uploads\/2025\/03\/cropped-PujolCLIMA-VECTOR-1.png"},"aioseo_meta_data":{"post_id":"2147","title":null,"description":null,"keywords":null,"keyphrases":null,"primary_term":null,"canonical_url":null,"og_title":null,"og_description":null,"og_object_type":"default","og_image_type":"default","og_image_url":null,"og_image_width":null,"og_image_height":null,"og_image_custom_url":null,"og_image_custom_fields":null,"og_video":null,"og_custom_url":null,"og_article_section":null,"og_article_tags":null,"twitter_use_og":false,"twitter_card":"default","twitter_image_type":"default","twitter_image_url":null,"twitter_image_custom_url":null,"twitter_image_custom_fields":null,"twitter_title":null,"twitter_description":null,"schema":{"blockGraphs":[],"customGraphs":[],"default":{"data":{"Article":[],"Course":[],"Dataset":[],"FAQPage":[],"Movie":[],"Person":[],"Product":[],"ProductReview":[],"Car":[],"Recipe":[],"Service":[],"SoftwareApplication":[],"WebPage":[]},"graphName":"","isEnabled":true},"graphs":[]},"schema_type":"default","schema_type_options":null,"pillar_content":false,"robots_default":true,"robots_noindex":false,"robots_noarchive":false,"robots_nosnippet":false,"robots_nofollow":false,"robots_noimageindex":false,"robots_noodp":false,"robots_notranslate":false,"robots_max_snippet":null,"robots_max_videopreview":null,"robots_max_imagepreview":"large","priority":null,"frequency":null,"local_seo":null,"breadcrumb_settings":null,"limit_modified_date":false,"ai":null,"created":"2024-06-13 09:23:48","updated":"2025-07-08 08:53:07","focus_keyword":null,"additional_keywords":null,"truseo_locale":null,"seo_analyzer_scan_date":null},"aioseo_breadcrumb":"<div class=\"aioseo-breadcrumbs\"><span class=\"aioseo-breadcrumb\">\n\t\t\t<a href=\"https:\/\/pujolclima.com\/en\" title=\"Inicio\">Inicio<\/a>\n\t\t<\/span><span class=\"aioseo-breadcrumb-separator\">&raquo;<\/span><span class=\"aioseo-breadcrumb\">\n\t\t\t<a href=\"https:\/\/pujolclima.com\/en\/category\/blog\/\" title=\"Blog\">Blog<\/a>\n\t\t<\/span><span class=\"aioseo-breadcrumb-separator\">&raquo;<\/span><span class=\"aioseo-breadcrumb\">\n\t\t\tConseguir la temperatura ideal del aire acondicionado en verano\n\t\t<\/span><\/div>","aioseo_breadcrumb_json":[{"label":"Inicio","link":"https:\/\/pujolclima.com\/en"},{"label":"Blog","link":"https:\/\/pujolclima.com\/en\/category\/blog\/"},{"label":"Conseguir la temperatura ideal del aire acondicionado en verano","link":"https:\/\/pujolclima.com\/en\/conseguir-la-temperatura-ideal-del-aire-acondicionado-en-verano\/"}],"taxonomy_info":{"category":[{"value":59,"label":"Aire Acondicionado"},{"value":48,"label":"Blog"},{"value":69,"label":"Climatizaci\u00f3n"}],"post_tag":[{"value":65,"label":"Ahorro energetico"},{"value":99,"label":"aire"},{"value":108,"label":"aire acondicionado"},{"value":61,"label":"Aire acondicionado domestico"},{"value":54,"label":"Aire Acondicionado Industrial"},{"value":105,"label":"Aire acondicionamiento comercial"},{"value":118,"label":"consejos"},{"value":119,"label":"consejos aire acondicionado"}]},"featured_image_src_large":["https:\/\/pujolclima.com\/wp-content\/uploads\/2017\/07\/Imagen2.png",1016,391,false],"author_info":{"display_name":"soporte","author_link":"https:\/\/pujolclima.com\/en\/author\/soporte\/"},"comment_info":0,"category_info":[{"term_id":59,"name":"Aire Acondicionado","slug":"aire-acondicionado","term_group":0,"term_taxonomy_id":59,"taxonomy":"category","description":"","parent":0,"count":55,"filter":"raw","term_order":"12","cat_ID":59,"category_count":55,"category_description":"","cat_name":"Aire Acondicionado","category_nicename":"aire-acondicionado","category_parent":0},{"term_id":48,"name":"Blog","slug":"blog","term_group":0,"term_taxonomy_id":48,"taxonomy":"category","description":"","parent":0,"count":83,"filter":"raw","term_order":"13","cat_ID":48,"category_count":83,"category_description":"","cat_name":"Blog","category_nicename":"blog","category_parent":0},{"term_id":69,"name":"Climatizaci\u00f3n","slug":"climatizacion","term_group":0,"term_taxonomy_id":69,"taxonomy":"category","description":"","parent":0,"count":38,"filter":"raw","term_order":"11","cat_ID":69,"category_count":38,"category_description":"","cat_name":"Climatizaci\u00f3n","category_nicename":"climatizacion","category_parent":0}],"tag_info":[{"term_id":65,"name":"Ahorro energetico","slug":"ahorro-energetico","term_group":0,"term_taxonomy_id":65,"taxonomy":"post_tag","description":"","parent":0,"count":17,"filter":"raw","term_order":"0"},{"term_id":99,"name":"aire","slug":"aire","term_group":0,"term_taxonomy_id":99,"taxonomy":"post_tag","description":"","parent":0,"count":12,"filter":"raw","term_order":"0"},{"term_id":108,"name":"aire acondicionado","slug":"aire-acondicionado","term_group":0,"term_taxonomy_id":108,"taxonomy":"post_tag","description":"","parent":0,"count":16,"filter":"raw","term_order":"0"},{"term_id":61,"name":"Aire acondicionado domestico","slug":"aire-acondicionado-domestico","term_group":0,"term_taxonomy_id":61,"taxonomy":"post_tag","description":"","parent":0,"count":28,"filter":"raw","term_order":"0"},{"term_id":54,"name":"Aire Acondicionado Industrial","slug":"aire-acondicionado-industrial","term_group":0,"term_taxonomy_id":54,"taxonomy":"post_tag","description":"","parent":0,"count":15,"filter":"raw","term_order":"0"},{"term_id":105,"name":"Aire acondicionamiento comercial","slug":"aire-acondicionamiento-comercial","term_group":0,"term_taxonomy_id":105,"taxonomy":"post_tag","description":"","parent":0,"count":4,"filter":"raw","term_order":"0"},{"term_id":118,"name":"consejos","slug":"consejos","term_group":0,"term_taxonomy_id":118,"taxonomy":"post_tag","description":"","parent":0,"count":10,"filter":"raw","term_order":"0"},{"term_id":119,"name":"consejos aire acondicionado","slug":"consejos-aire-acondicionado","term_group":0,"term_taxonomy_id":119,"taxonomy":"post_tag","description":"","parent":0,"count":4,"filter":"raw","term_order":"0"}],"_links":{"self":[{"href":"https:\/\/pujolclima.com\/en\/wp-json\/wp\/v2\/posts\/2147","targetHints":{"allow":["GET"]}}],"collection":[{"href":"https:\/\/pujolclima.com\/en\/wp-json\/wp\/v2\/posts"}],"about":[{"href":"https:\/\/pujolclima.com\/en\/wp-json\/wp\/v2\/types\/post"}],"author":[{"embeddable":true,"href":"https:\/\/pujolclima.com\/en\/wp-json\/wp\/v2\/users\/2"}],"replies":[{"embeddable":true,"href":"https:\/\/pujolclima.com\/en\/wp-json\/wp\/v2\/comments?post=2147"}],"version-history":[{"count":0,"href":"https:\/\/pujolclima.com\/en\/wp-json\/wp\/v2\/posts\/2147\/revisions"}],"wp:featuredmedia":[{"embeddable":true,"href":"https:\/\/pujolclima.com\/en\/wp-json\/wp\/v2\/media\/2148"}],"wp:attachment":[{"href":"https:\/\/pujolclima.com\/en\/wp-json\/wp\/v2\/media?parent=2147"}],"wp:term":[{"taxonomy":"category","embeddable":true,"href":"https:\/\/pujolclima.com\/en\/wp-json\/wp\/v2\/categories?post=2147"},{"taxonomy":"post_tag","embeddable":true,"href":"https:\/\/pujolclima.com\/en\/wp-json\/wp\/v2\/tags?post=2147"}],"curies":[{"name":"wp","href":"https:\/\/api.w.org\/{rel}","templated":true}]}}