{"id":2252,"date":"2017-09-08T07:01:18","date_gmt":"2017-09-08T07:01:18","guid":{"rendered":"https:\/\/pujolclima.com\/?p=2252"},"modified":"2017-09-08T07:01:18","modified_gmt":"2017-09-08T07:01:18","slug":"utilizar-correctamente-el-aire-acondicionado-en-sant-cugat","status":"publish","type":"post","link":"https:\/\/pujolclima.com\/en\/utilizar-correctamente-el-aire-acondicionado-en-sant-cugat\/","title":{"rendered":"Using air conditioning correctly in Sant Cugat"},"content":{"rendered":"<p align=\"justify\">Welcome once again to the Pujol Clima blog, as you know a large company specialized in the installation, maintenance and repair of all types of <strong>airs<\/strong> <strong>conditioned<\/strong>As great experts that we are, in today&#039;s new entry, we want to give you small tips so that you learn how to use the <strong>air-conditioning<\/strong> that you have in your house <strong>Sant Cugat<\/strong>.<\/p>\n<p align=\"justify\">Saving is an important aspect that we all take into account when turning on the <strong>air-conditioning<\/strong> in <strong>Sant Cugat<\/strong>, that&#039;s why it&#039;s best to keep the temperature between 22\u00b0C and 25\u00b0C, since for every degree we lower it, we&#039;ll be consuming between 5% and 8% more energy. But not only that, if we set the <strong>air-conditioning<\/strong> at a very low temperature, it can negatively affect the health of all the inhabitants of your house. <strong>Sant Cugat<\/strong>, since when we go outside we will notice a big change in temperature.<\/p>\n<p align=\"justify\">Another thing we must do in order to give good use to the <strong>air<\/strong> <strong>conditioned<\/strong> from your house of <strong>Sant Cugat<\/strong>, as long as the operation is correct, is to clean the filters at least twice a year, which in addition to the <strong>air<\/strong> <strong>conditioned<\/strong> will have better performance, we will save 10% of energy.<\/p>\n<p align=\"justify\"><img loading=\"lazy\" decoding=\"async\" class=\"alignleft  wp-image-2253\" src=\"https:\/\/pujolclima.com\/wp-content\/uploads\/2017\/09\/aire-acondicionado-sant-cugat-1.jpg\" alt=\"\" width=\"480\" height=\"271\" srcset=\"https:\/\/pujolclima.com\/wp-content\/uploads\/2017\/09\/aire-acondicionado-sant-cugat-1.jpg 669w, https:\/\/pujolclima.com\/wp-content\/uploads\/2017\/09\/aire-acondicionado-sant-cugat-1-300x170.jpg 300w\" sizes=\"auto, (max-width: 480px) 100vw, 480px\" \/>It&#039;s also important that the ventilation ducts are not obstructed, as this would cause a very unpleasant feeling of cold, as well as if the grilles are dirty, dusty, or have foreign objects in them.<\/p>\n<p align=\"justify\">Finally, one of the tips we give you to use your <strong>air<\/strong> <strong>conditioned<\/strong> in a correct and appropriate way, is that all of you who have a <strong>air-conditioning<\/strong> in your house of <strong>Sant Cugat<\/strong>, which has a timer, use it, since this way you can control your consumption much more easily, and thus save energy.<\/p>\n<p align=\"justify\">Remember that in our company <strong>air conditioning<\/strong> in <strong>Sant Cugat<\/strong>We work with the most recognized brands on the market, so we have a certain quality guarantee, in addition to having the best specialists, who have extensive training in <strong>air-conditioning<\/strong>, and they will be able to assist you and give you the best answers to all your questions. So don&#039;t think twice, and if what you&#039;re looking for is a company in <strong>Sant Cugat<\/strong> that offers you a comprehensive installation, maintenance and repair service <strong>air-conditioning<\/strong>, do not hesitate to contact us.<\/p>","protected":false},"excerpt":{"rendered":"<p>Welcome back to the Pujol Clima blog. As you know, we&#039;re a large company specializing in the installation, maintenance, and repair of all...<\/p>","protected":false},"author":2,"featured_media":2254,"comment_status":"closed","ping_status":"open","sticky":false,"template":"","format":"standard","meta":{"_kad_blocks_custom_css":"","_kad_blocks_head_custom_js":"","_kad_blocks_body_custom_js":"","_kad_blocks_footer_custom_js":"","_kadence_starter_templates_imported_post":false,"_kad_post_transparent":"","_kad_post_title":"","_kad_post_layout":"","_kad_post_sidebar_id":"","_kad_post_content_style":"","_kad_post_vertical_padding":"","_kad_post_feature":"","_kad_post_feature_position":"","_kad_post_header":false,"_kad_post_footer":false,"_kad_post_classname":"","_joinchat":[],"footnotes":""},"categories":[59,123,48,69,70,77,55,73],"tags":[121,99,122,97,109,124,107,96,125,126],"class_list":["post-2252","post","type-post","status-publish","format-standard","has-post-thumbnail","hentry","category-aire-acondicionado","category-aire-acondicionado-sant-cugat","category-blog","category-climatizacion","category-instalacion-aire-acondicionado","category-instalacion-de-climatizacion","category-mantenimiento-aire-acondicionado","category-reparacion-aire-acondicionado","tag-acondiciona","tag-aire","tag-aire-acondicinado","tag-aire-acondicionado-sant-cugat","tag-climatizacion","tag-instalar-aire-acondicionado","tag-mantenimiento","tag-mantenimiento-aire-acondicionado","tag-reparacion-aire-acondicionado","tag-sant-cugat"],"aioseo_notices":[],"aioseo_head":"\n\t\t<!-- All in One SEO 5.0.1.1 - aioseo.com -->\n\t<meta name=\"description\" content=\"Bienvenidos un d\u00eda m\u00e1s al blog de Pujol Clima, como sab\u00e9is una gran empresa especializada en la instalaci\u00f3n, el mantenimiento y la reparaci\u00f3n de todo tipo de aires acondicionados. Como grandes expertos que somos, en la nueva entrada de hoy, os queremos dar peque\u00f1os consejos con tal de que aprend\u00e1is como se utiliza correctamente el\" \/>\n\t<meta name=\"robots\" content=\"max-image-preview:large\" \/>\n\t<meta name=\"author\" content=\"soporte\"\/>\n\t<link rel=\"canonical\" href=\"https:\/\/pujolclima.com\/en\/utilizar-correctamente-el-aire-acondicionado-en-sant-cugat\/\" \/>\n\t<meta name=\"generator\" content=\"All in One SEO (AIOSEO) 5.0.1.1\" \/>\n\t\t<meta property=\"og:locale\" content=\"en_US\" \/>\n\t\t<meta property=\"og:site_name\" content=\"Pujolclima. Expertos en climatizaci\u00f3n - Expertos en climatizaci\u00f3n para hogares y empresas. Instalaci\u00f3n, mantenimiento y reparaci\u00f3n de aire acondicionado y calefacci\u00f3n con tecnolog\u00eda eficiente, servicio r\u00e1pido y el mejor confort\u00a0garantizado.\" \/>\n\t\t<meta property=\"og:type\" content=\"article\" \/>\n\t\t<meta property=\"og:title\" content=\"Utilizar correctamente el aire acondicionado en Sant Cugat - Pujolclima. Expertos en climatizaci\u00f3n\" \/>\n\t\t<meta property=\"og:description\" content=\"Bienvenidos un d\u00eda m\u00e1s al blog de Pujol Clima, como sab\u00e9is una gran empresa especializada en la instalaci\u00f3n, el mantenimiento y la reparaci\u00f3n de todo tipo de aires acondicionados. Como grandes expertos que somos, en la nueva entrada de hoy, os queremos dar peque\u00f1os consejos con tal de que aprend\u00e1is como se utiliza correctamente el\" \/>\n\t\t<meta property=\"og:url\" content=\"https:\/\/pujolclima.com\/en\/utilizar-correctamente-el-aire-acondicionado-en-sant-cugat\/\" \/>\n\t\t<meta property=\"og:image\" content=\"https:\/\/pujolclima.com\/wp-content\/uploads\/2025\/03\/cropped-PujolCLIMA-VECTOR-1.png\" \/>\n\t\t<meta property=\"og:image:secure_url\" content=\"https:\/\/pujolclima.com\/wp-content\/uploads\/2025\/03\/cropped-PujolCLIMA-VECTOR-1.png\" \/>\n\t\t<meta property=\"article:published_time\" content=\"2017-09-08T07:01:18+00:00\" \/>\n\t\t<meta property=\"article:modified_time\" content=\"2017-09-08T07:01:18+00:00\" \/>\n\t\t<meta name=\"twitter:card\" content=\"summary_large_image\" \/>\n\t\t<meta name=\"twitter:title\" content=\"Utilizar correctamente el aire acondicionado en Sant Cugat - Pujolclima. Expertos en climatizaci\u00f3n\" \/>\n\t\t<meta name=\"twitter:description\" content=\"Bienvenidos un d\u00eda m\u00e1s al blog de Pujol Clima, como sab\u00e9is una gran empresa especializada en la instalaci\u00f3n, el mantenimiento y la reparaci\u00f3n de todo tipo de aires acondicionados. Como grandes expertos que somos, en la nueva entrada de hoy, os queremos dar peque\u00f1os consejos con tal de que aprend\u00e1is como se utiliza correctamente el\" \/>\n\t\t<meta name=\"twitter:image\" content=\"https:\/\/pujolclima.com\/wp-content\/uploads\/2025\/03\/cropped-PujolCLIMA-VECTOR-1.png\" \/>\n\t\t<script type=\"application\/ld+json\" class=\"aioseo-schema\">\n\t\t\t{\"@context\":\"https:\\\/\\\/schema.org\",\"@graph\":[{\"@type\":\"BlogPosting\",\"@id\":\"https:\\\/\\\/pujolclima.com\\\/en\\\/utilizar-correctamente-el-aire-acondicionado-en-sant-cugat\\\/#blogposting\",\"name\":\"Utilizar correctamente el aire acondicionado en Sant Cugat - Pujolclima. Expertos en climatizaci\\u00f3n\",\"headline\":\"Utilizar correctamente el aire acondicionado en Sant Cugat\",\"author\":{\"@id\":\"https:\\\/\\\/pujolclima.com\\\/en\\\/author\\\/soporte\\\/#author\"},\"publisher\":{\"@id\":\"https:\\\/\\\/pujolclima.com\\\/en\\\/#organization\"},\"image\":{\"@type\":\"ImageObject\",\"url\":\"https:\\\/\\\/pujolclima.com\\\/wp-content\\\/uploads\\\/2017\\\/09\\\/aire-acondicionado-sant-cugat-2.jpg\",\"width\":728,\"height\":432},\"datePublished\":\"2017-09-08T07:01:18+02:00\",\"dateModified\":\"2017-09-08T07:01:18+02:00\",\"inLanguage\":\"en-US\",\"mainEntityOfPage\":{\"@id\":\"https:\\\/\\\/pujolclima.com\\\/en\\\/utilizar-correctamente-el-aire-acondicionado-en-sant-cugat\\\/#webpage\"},\"isPartOf\":{\"@id\":\"https:\\\/\\\/pujolclima.com\\\/en\\\/utilizar-correctamente-el-aire-acondicionado-en-sant-cugat\\\/#webpage\"},\"articleSection\":\"Aire Acondicionado, aire acondicionado sant cugat, Blog, Climatizaci\\u00f3n, Instalaci\\u00f3n aire acondicionado, Instalaci\\u00f3n de climatizaci\\u00f3n, Mantenimiento aire acondicionado, Reparaci\\u00f3n aire acondicionado, acondiciona, aire, aire acondicinado, aire acondicionado sant cugat, climatizacion, instalar aire acondicionado, mantenimiento, mantenimiento aire acondicionado, reparaci\\u00f3n aire acondicionado, sant cugat\"},{\"@type\":\"BreadcrumbList\",\"@id\":\"https:\\\/\\\/pujolclima.com\\\/en\\\/utilizar-correctamente-el-aire-acondicionado-en-sant-cugat\\\/#breadcrumblist\",\"itemListElement\":[{\"@type\":\"ListItem\",\"@id\":\"https:\\\/\\\/pujolclima.com\\\/en#listItem\",\"position\":1,\"name\":\"Inicio\",\"item\":\"https:\\\/\\\/pujolclima.com\\\/en\",\"nextItem\":{\"@type\":\"ListItem\",\"@id\":\"https:\\\/\\\/pujolclima.com\\\/en\\\/category\\\/blog\\\/#listItem\",\"name\":\"Blog\"}},{\"@type\":\"ListItem\",\"@id\":\"https:\\\/\\\/pujolclima.com\\\/en\\\/category\\\/blog\\\/#listItem\",\"position\":2,\"name\":\"Blog\",\"item\":\"https:\\\/\\\/pujolclima.com\\\/en\\\/category\\\/blog\\\/\",\"nextItem\":{\"@type\":\"ListItem\",\"@id\":\"https:\\\/\\\/pujolclima.com\\\/en\\\/utilizar-correctamente-el-aire-acondicionado-en-sant-cugat\\\/#listItem\",\"name\":\"Utilizar correctamente el aire acondicionado en Sant Cugat\"},\"previousItem\":{\"@type\":\"ListItem\",\"@id\":\"https:\\\/\\\/pujolclima.com\\\/en#listItem\",\"name\":\"Inicio\"}},{\"@type\":\"ListItem\",\"@id\":\"https:\\\/\\\/pujolclima.com\\\/en\\\/utilizar-correctamente-el-aire-acondicionado-en-sant-cugat\\\/#listItem\",\"position\":3,\"name\":\"Utilizar correctamente el aire acondicionado en Sant Cugat\",\"previousItem\":{\"@type\":\"ListItem\",\"@id\":\"https:\\\/\\\/pujolclima.com\\\/en\\\/category\\\/blog\\\/#listItem\",\"name\":\"Blog\"}}]},{\"@type\":\"Organization\",\"@id\":\"https:\\\/\\\/pujolclima.com\\\/en\\\/#organization\",\"name\":\"Pujolclima. Colaborador Oficial de Nedgia\",\"description\":\"Expertos en climatizaci\\u00f3n para hogares y empresas. Instalaci\\u00f3n, mantenimiento y reparaci\\u00f3n de aire acondicionado y calefacci\\u00f3n con tecnolog\\u00eda eficiente, servicio r\\u00e1pido y el mejor confort\\u00a0garantizado.\",\"url\":\"https:\\\/\\\/pujolclima.com\\\/en\\\/\",\"telephone\":\"+34664582238\",\"logo\":{\"@type\":\"ImageObject\",\"url\":\"https:\\\/\\\/pujolclima.com\\\/wp-content\\\/uploads\\\/2025\\\/03\\\/cropped-PujolCLIMA-VECTOR-1.png\",\"@id\":\"https:\\\/\\\/pujolclima.com\\\/en\\\/utilizar-correctamente-el-aire-acondicionado-en-sant-cugat\\\/#organizationLogo\",\"width\":1925,\"height\":570},\"image\":{\"@id\":\"https:\\\/\\\/pujolclima.com\\\/en\\\/utilizar-correctamente-el-aire-acondicionado-en-sant-cugat\\\/#organizationLogo\"}},{\"@type\":\"Person\",\"@id\":\"https:\\\/\\\/pujolclima.com\\\/en\\\/author\\\/soporte\\\/#author\",\"url\":\"https:\\\/\\\/pujolclima.com\\\/en\\\/author\\\/soporte\\\/\",\"name\":\"soporte\"},{\"@type\":\"WebPage\",\"@id\":\"https:\\\/\\\/pujolclima.com\\\/en\\\/utilizar-correctamente-el-aire-acondicionado-en-sant-cugat\\\/#webpage\",\"url\":\"https:\\\/\\\/pujolclima.com\\\/en\\\/utilizar-correctamente-el-aire-acondicionado-en-sant-cugat\\\/\",\"name\":\"Utilizar correctamente el aire acondicionado en Sant Cugat - Pujolclima. Expertos en climatizaci\\u00f3n\",\"description\":\"Bienvenidos un d\\u00eda m\\u00e1s al blog de Pujol Clima, como sab\\u00e9is una gran empresa especializada en la instalaci\\u00f3n, el mantenimiento y la reparaci\\u00f3n de todo tipo de aires acondicionados. Como grandes expertos que somos, en la nueva entrada de hoy, os queremos dar peque\\u00f1os consejos con tal de que aprend\\u00e1is como se utiliza correctamente el\",\"inLanguage\":\"en-US\",\"isPartOf\":{\"@id\":\"https:\\\/\\\/pujolclima.com\\\/en\\\/#website\"},\"breadcrumb\":{\"@id\":\"https:\\\/\\\/pujolclima.com\\\/en\\\/utilizar-correctamente-el-aire-acondicionado-en-sant-cugat\\\/#breadcrumblist\"},\"author\":{\"@id\":\"https:\\\/\\\/pujolclima.com\\\/en\\\/author\\\/soporte\\\/#author\"},\"creator\":{\"@id\":\"https:\\\/\\\/pujolclima.com\\\/en\\\/author\\\/soporte\\\/#author\"},\"image\":{\"@type\":\"ImageObject\",\"url\":\"https:\\\/\\\/pujolclima.com\\\/wp-content\\\/uploads\\\/2017\\\/09\\\/aire-acondicionado-sant-cugat-2.jpg\",\"@id\":\"https:\\\/\\\/pujolclima.com\\\/en\\\/utilizar-correctamente-el-aire-acondicionado-en-sant-cugat\\\/#mainImage\",\"width\":728,\"height\":432},\"primaryImageOfPage\":{\"@id\":\"https:\\\/\\\/pujolclima.com\\\/en\\\/utilizar-correctamente-el-aire-acondicionado-en-sant-cugat\\\/#mainImage\"},\"datePublished\":\"2017-09-08T07:01:18+02:00\",\"dateModified\":\"2017-09-08T07:01:18+02:00\"},{\"@type\":\"WebSite\",\"@id\":\"https:\\\/\\\/pujolclima.com\\\/en\\\/#website\",\"url\":\"https:\\\/\\\/pujolclima.com\\\/en\\\/\",\"name\":\"Pujolclima. Colaborador Gas Natural Fernosa\",\"description\":\"Expertos en climatizaci\\u00f3n para hogares y empresas. Instalaci\\u00f3n, mantenimiento y reparaci\\u00f3n de aire acondicionado y calefacci\\u00f3n con tecnolog\\u00eda eficiente, servicio r\\u00e1pido y el mejor confort\\u00a0garantizado.\",\"inLanguage\":\"en-US\",\"publisher\":{\"@id\":\"https:\\\/\\\/pujolclima.com\\\/en\\\/#organization\"}}]}\n\t\t<\/script>\n\t\t<!-- All in One SEO -->\n\n","aioseo_head_json":{"title":"Utilizar correctamente el aire acondicionado en Sant Cugat - Pujolclima. Expertos en climatizaci\u00f3n","description":"Bienvenidos un d\u00eda m\u00e1s al blog de Pujol Clima, como sab\u00e9is una gran empresa especializada en la instalaci\u00f3n, el mantenimiento y la reparaci\u00f3n de todo tipo de aires acondicionados. Como grandes expertos que somos, en la nueva entrada de hoy, os queremos dar peque\u00f1os consejos con tal de que aprend\u00e1is como se utiliza correctamente el","canonical_url":"https:\/\/pujolclima.com\/en\/utilizar-correctamente-el-aire-acondicionado-en-sant-cugat\/","robots":"max-image-preview:large","keywords":"","webmasterTools":{"miscellaneous":""},"schema":{"@context":"https:\/\/schema.org","@graph":[{"@type":"BlogPosting","@id":"https:\/\/pujolclima.com\/en\/utilizar-correctamente-el-aire-acondicionado-en-sant-cugat\/#blogposting","name":"Utilizar correctamente el aire acondicionado en Sant Cugat - Pujolclima. Expertos en climatizaci\u00f3n","headline":"Utilizar correctamente el aire acondicionado en Sant Cugat","author":{"@id":"https:\/\/pujolclima.com\/en\/author\/soporte\/#author"},"publisher":{"@id":"https:\/\/pujolclima.com\/en\/#organization"},"image":{"@type":"ImageObject","url":"https:\/\/pujolclima.com\/wp-content\/uploads\/2017\/09\/aire-acondicionado-sant-cugat-2.jpg","width":728,"height":432},"datePublished":"2017-09-08T07:01:18+02:00","dateModified":"2017-09-08T07:01:18+02:00","inLanguage":"en-US","mainEntityOfPage":{"@id":"https:\/\/pujolclima.com\/en\/utilizar-correctamente-el-aire-acondicionado-en-sant-cugat\/#webpage"},"isPartOf":{"@id":"https:\/\/pujolclima.com\/en\/utilizar-correctamente-el-aire-acondicionado-en-sant-cugat\/#webpage"},"articleSection":"Aire Acondicionado, aire acondicionado sant cugat, Blog, Climatizaci\u00f3n, Instalaci\u00f3n aire acondicionado, Instalaci\u00f3n de climatizaci\u00f3n, Mantenimiento aire acondicionado, Reparaci\u00f3n aire acondicionado, acondiciona, aire, aire acondicinado, aire acondicionado sant cugat, climatizacion, instalar aire acondicionado, mantenimiento, mantenimiento aire acondicionado, reparaci\u00f3n aire acondicionado, sant cugat"},{"@type":"BreadcrumbList","@id":"https:\/\/pujolclima.com\/en\/utilizar-correctamente-el-aire-acondicionado-en-sant-cugat\/#breadcrumblist","itemListElement":[{"@type":"ListItem","@id":"https:\/\/pujolclima.com\/en#listItem","position":1,"name":"Inicio","item":"https:\/\/pujolclima.com\/en","nextItem":{"@type":"ListItem","@id":"https:\/\/pujolclima.com\/en\/category\/blog\/#listItem","name":"Blog"}},{"@type":"ListItem","@id":"https:\/\/pujolclima.com\/en\/category\/blog\/#listItem","position":2,"name":"Blog","item":"https:\/\/pujolclima.com\/en\/category\/blog\/","nextItem":{"@type":"ListItem","@id":"https:\/\/pujolclima.com\/en\/utilizar-correctamente-el-aire-acondicionado-en-sant-cugat\/#listItem","name":"Utilizar correctamente el aire acondicionado en Sant Cugat"},"previousItem":{"@type":"ListItem","@id":"https:\/\/pujolclima.com\/en#listItem","name":"Inicio"}},{"@type":"ListItem","@id":"https:\/\/pujolclima.com\/en\/utilizar-correctamente-el-aire-acondicionado-en-sant-cugat\/#listItem","position":3,"name":"Utilizar correctamente el aire acondicionado en Sant Cugat","previousItem":{"@type":"ListItem","@id":"https:\/\/pujolclima.com\/en\/category\/blog\/#listItem","name":"Blog"}}]},{"@type":"Organization","@id":"https:\/\/pujolclima.com\/en\/#organization","name":"Pujolclima. Colaborador Oficial de Nedgia","description":"Expertos en climatizaci\u00f3n para hogares y empresas. Instalaci\u00f3n, mantenimiento y reparaci\u00f3n de aire acondicionado y calefacci\u00f3n con tecnolog\u00eda eficiente, servicio r\u00e1pido y el mejor confort\u00a0garantizado.","url":"https:\/\/pujolclima.com\/en\/","telephone":"+34664582238","logo":{"@type":"ImageObject","url":"https:\/\/pujolclima.com\/wp-content\/uploads\/2025\/03\/cropped-PujolCLIMA-VECTOR-1.png","@id":"https:\/\/pujolclima.com\/en\/utilizar-correctamente-el-aire-acondicionado-en-sant-cugat\/#organizationLogo","width":1925,"height":570},"image":{"@id":"https:\/\/pujolclima.com\/en\/utilizar-correctamente-el-aire-acondicionado-en-sant-cugat\/#organizationLogo"}},{"@type":"Person","@id":"https:\/\/pujolclima.com\/en\/author\/soporte\/#author","url":"https:\/\/pujolclima.com\/en\/author\/soporte\/","name":"soporte"},{"@type":"WebPage","@id":"https:\/\/pujolclima.com\/en\/utilizar-correctamente-el-aire-acondicionado-en-sant-cugat\/#webpage","url":"https:\/\/pujolclima.com\/en\/utilizar-correctamente-el-aire-acondicionado-en-sant-cugat\/","name":"Utilizar correctamente el aire acondicionado en Sant Cugat - Pujolclima. Expertos en climatizaci\u00f3n","description":"Bienvenidos un d\u00eda m\u00e1s al blog de Pujol Clima, como sab\u00e9is una gran empresa especializada en la instalaci\u00f3n, el mantenimiento y la reparaci\u00f3n de todo tipo de aires acondicionados. Como grandes expertos que somos, en la nueva entrada de hoy, os queremos dar peque\u00f1os consejos con tal de que aprend\u00e1is como se utiliza correctamente el","inLanguage":"en-US","isPartOf":{"@id":"https:\/\/pujolclima.com\/en\/#website"},"breadcrumb":{"@id":"https:\/\/pujolclima.com\/en\/utilizar-correctamente-el-aire-acondicionado-en-sant-cugat\/#breadcrumblist"},"author":{"@id":"https:\/\/pujolclima.com\/en\/author\/soporte\/#author"},"creator":{"@id":"https:\/\/pujolclima.com\/en\/author\/soporte\/#author"},"image":{"@type":"ImageObject","url":"https:\/\/pujolclima.com\/wp-content\/uploads\/2017\/09\/aire-acondicionado-sant-cugat-2.jpg","@id":"https:\/\/pujolclima.com\/en\/utilizar-correctamente-el-aire-acondicionado-en-sant-cugat\/#mainImage","width":728,"height":432},"primaryImageOfPage":{"@id":"https:\/\/pujolclima.com\/en\/utilizar-correctamente-el-aire-acondicionado-en-sant-cugat\/#mainImage"},"datePublished":"2017-09-08T07:01:18+02:00","dateModified":"2017-09-08T07:01:18+02:00"},{"@type":"WebSite","@id":"https:\/\/pujolclima.com\/en\/#website","url":"https:\/\/pujolclima.com\/en\/","name":"Pujolclima. Colaborador Gas Natural Fernosa","description":"Expertos en climatizaci\u00f3n para hogares y empresas. Instalaci\u00f3n, mantenimiento y reparaci\u00f3n de aire acondicionado y calefacci\u00f3n con tecnolog\u00eda eficiente, servicio r\u00e1pido y el mejor confort\u00a0garantizado.","inLanguage":"en-US","publisher":{"@id":"https:\/\/pujolclima.com\/en\/#organization"}}]},"og:locale":"en_US","og:site_name":"Pujolclima. Expertos en climatizaci\u00f3n - Expertos en climatizaci\u00f3n para hogares y empresas. Instalaci\u00f3n, mantenimiento y reparaci\u00f3n de aire acondicionado y calefacci\u00f3n con tecnolog\u00eda eficiente, servicio r\u00e1pido y el mejor confort\u00a0garantizado.","og:type":"article","og:title":"Utilizar correctamente el aire acondicionado en Sant Cugat - Pujolclima. Expertos en climatizaci\u00f3n","og:description":"Bienvenidos un d\u00eda m\u00e1s al blog de Pujol Clima, como sab\u00e9is una gran empresa especializada en la instalaci\u00f3n, el mantenimiento y la reparaci\u00f3n de todo tipo de aires acondicionados. Como grandes expertos que somos, en la nueva entrada de hoy, os queremos dar peque\u00f1os consejos con tal de que aprend\u00e1is como se utiliza correctamente el","og:url":"https:\/\/pujolclima.com\/en\/utilizar-correctamente-el-aire-acondicionado-en-sant-cugat\/","og:image":"https:\/\/pujolclima.com\/wp-content\/uploads\/2025\/03\/cropped-PujolCLIMA-VECTOR-1.png","og:image:secure_url":"https:\/\/pujolclima.com\/wp-content\/uploads\/2025\/03\/cropped-PujolCLIMA-VECTOR-1.png","article:published_time":"2017-09-08T07:01:18+00:00","article:modified_time":"2017-09-08T07:01:18+00:00","twitter:card":"summary_large_image","twitter:title":"Utilizar correctamente el aire acondicionado en Sant Cugat - Pujolclima. Expertos en climatizaci\u00f3n","twitter:description":"Bienvenidos un d\u00eda m\u00e1s al blog de Pujol Clima, como sab\u00e9is una gran empresa especializada en la instalaci\u00f3n, el mantenimiento y la reparaci\u00f3n de todo tipo de aires acondicionados. Como grandes expertos que somos, en la nueva entrada de hoy, os queremos dar peque\u00f1os consejos con tal de que aprend\u00e1is como se utiliza correctamente el","twitter:image":"https:\/\/pujolclima.com\/wp-content\/uploads\/2025\/03\/cropped-PujolCLIMA-VECTOR-1.png"},"aioseo_meta_data":{"post_id":"2252","title":null,"description":null,"keywords":null,"keyphrases":null,"primary_term":null,"canonical_url":null,"og_title":null,"og_description":null,"og_object_type":"default","og_image_type":"default","og_image_url":null,"og_image_width":null,"og_image_height":null,"og_image_custom_url":null,"og_image_custom_fields":null,"og_video":null,"og_custom_url":null,"og_article_section":null,"og_article_tags":null,"twitter_use_og":false,"twitter_card":"default","twitter_image_type":"default","twitter_image_url":null,"twitter_image_custom_url":null,"twitter_image_custom_fields":null,"twitter_title":null,"twitter_description":null,"schema":{"blockGraphs":[],"customGraphs":[],"default":{"data":{"Article":[],"Course":[],"Dataset":[],"FAQPage":[],"Movie":[],"Person":[],"Product":[],"ProductReview":[],"Car":[],"Recipe":[],"Service":[],"SoftwareApplication":[],"WebPage":[]},"graphName":"","isEnabled":true},"graphs":[]},"schema_type":"default","schema_type_options":null,"pillar_content":false,"robots_default":true,"robots_noindex":false,"robots_noarchive":false,"robots_nosnippet":false,"robots_nofollow":false,"robots_noimageindex":false,"robots_noodp":false,"robots_notranslate":false,"robots_max_snippet":null,"robots_max_videopreview":null,"robots_max_imagepreview":"large","priority":null,"frequency":null,"local_seo":null,"breadcrumb_settings":null,"limit_modified_date":false,"ai":null,"created":"2024-06-13 09:23:48","updated":"2025-07-08 08:54:41","focus_keyword":null,"additional_keywords":null,"truseo_locale":null,"seo_analyzer_scan_date":null},"aioseo_breadcrumb":"<div class=\"aioseo-breadcrumbs\"><span class=\"aioseo-breadcrumb\">\n\t\t\t<a href=\"https:\/\/pujolclima.com\/en\" title=\"Inicio\">Inicio<\/a>\n\t\t<\/span><span class=\"aioseo-breadcrumb-separator\">&raquo;<\/span><span class=\"aioseo-breadcrumb\">\n\t\t\t<a href=\"https:\/\/pujolclima.com\/en\/category\/blog\/\" title=\"Blog\">Blog<\/a>\n\t\t<\/span><span class=\"aioseo-breadcrumb-separator\">&raquo;<\/span><span class=\"aioseo-breadcrumb\">\n\t\t\tUtilizar correctamente el aire acondicionado en Sant Cugat\n\t\t<\/span><\/div>","aioseo_breadcrumb_json":[{"label":"Inicio","link":"https:\/\/pujolclima.com\/en"},{"label":"Blog","link":"https:\/\/pujolclima.com\/en\/category\/blog\/"},{"label":"Utilizar correctamente el aire acondicionado en Sant Cugat","link":"https:\/\/pujolclima.com\/en\/utilizar-correctamente-el-aire-acondicionado-en-sant-cugat\/"}],"taxonomy_info":{"category":[{"value":59,"label":"Aire Acondicionado"},{"value":123,"label":"aire acondicionado sant cugat"},{"value":48,"label":"Blog"},{"value":69,"label":"Climatizaci\u00f3n"},{"value":70,"label":"Instalaci\u00f3n aire acondicionado"},{"value":77,"label":"Instalaci\u00f3n de climatizaci\u00f3n"},{"value":55,"label":"Mantenimiento aire acondicionado"},{"value":73,"label":"Reparaci\u00f3n aire acondicionado"}],"post_tag":[{"value":121,"label":"acondiciona"},{"value":99,"label":"aire"},{"value":122,"label":"aire acondicinado"},{"value":97,"label":"aire acondicionado sant cugat"},{"value":109,"label":"climatizacion"},{"value":124,"label":"instalar aire acondicionado"},{"value":107,"label":"mantenimiento"},{"value":96,"label":"mantenimiento aire acondicionado"},{"value":125,"label":"reparaci\u00f3n aire acondicionado"},{"value":126,"label":"sant cugat"}]},"featured_image_src_large":["https:\/\/pujolclima.com\/wp-content\/uploads\/2017\/09\/aire-acondicionado-sant-cugat-2.jpg",728,432,false],"author_info":{"display_name":"soporte","author_link":"https:\/\/pujolclima.com\/en\/author\/soporte\/"},"comment_info":0,"category_info":[{"term_id":59,"name":"Aire Acondicionado","slug":"aire-acondicionado","term_group":0,"term_taxonomy_id":59,"taxonomy":"category","description":"","parent":0,"count":55,"filter":"raw","term_order":"12","cat_ID":59,"category_count":55,"category_description":"","cat_name":"Aire Acondicionado","category_nicename":"aire-acondicionado","category_parent":0},{"term_id":123,"name":"aire acondicionado sant cugat","slug":"aire-acondicionado-sant-cugat","term_group":0,"term_taxonomy_id":123,"taxonomy":"category","description":"","parent":0,"count":7,"filter":"raw","term_order":"5","cat_ID":123,"category_count":7,"category_description":"","cat_name":"aire acondicionado sant cugat","category_nicename":"aire-acondicionado-sant-cugat","category_parent":0},{"term_id":48,"name":"Blog","slug":"blog","term_group":0,"term_taxonomy_id":48,"taxonomy":"category","description":"","parent":0,"count":83,"filter":"raw","term_order":"13","cat_ID":48,"category_count":83,"category_description":"","cat_name":"Blog","category_nicename":"blog","category_parent":0},{"term_id":69,"name":"Climatizaci\u00f3n","slug":"climatizacion","term_group":0,"term_taxonomy_id":69,"taxonomy":"category","description":"","parent":0,"count":38,"filter":"raw","term_order":"11","cat_ID":69,"category_count":38,"category_description":"","cat_name":"Climatizaci\u00f3n","category_nicename":"climatizacion","category_parent":0},{"term_id":70,"name":"Instalaci\u00f3n aire acondicionado","slug":"instalacion-aire-acondicionado","term_group":0,"term_taxonomy_id":70,"taxonomy":"category","description":"","parent":0,"count":28,"filter":"raw","term_order":"10","cat_ID":70,"category_count":28,"category_description":"","cat_name":"Instalaci\u00f3n aire acondicionado","category_nicename":"instalacion-aire-acondicionado","category_parent":0},{"term_id":77,"name":"Instalaci\u00f3n de climatizaci\u00f3n","slug":"instalacion-de-climatizacion","term_group":0,"term_taxonomy_id":77,"taxonomy":"category","description":"","parent":0,"count":15,"filter":"raw","term_order":"8","cat_ID":77,"category_count":15,"category_description":"","cat_name":"Instalaci\u00f3n de climatizaci\u00f3n","category_nicename":"instalacion-de-climatizacion","category_parent":0},{"term_id":55,"name":"Mantenimiento aire acondicionado","slug":"mantenimiento-aire-acondicionado","term_group":0,"term_taxonomy_id":55,"taxonomy":"category","description":"","parent":0,"count":29,"filter":"raw","term_order":"15","cat_ID":55,"category_count":29,"category_description":"","cat_name":"Mantenimiento aire acondicionado","category_nicename":"mantenimiento-aire-acondicionado","category_parent":0},{"term_id":73,"name":"Reparaci\u00f3n aire acondicionado","slug":"reparacion-aire-acondicionado","term_group":0,"term_taxonomy_id":73,"taxonomy":"category","description":"","parent":0,"count":12,"filter":"raw","term_order":"9","cat_ID":73,"category_count":12,"category_description":"","cat_name":"Reparaci\u00f3n aire acondicionado","category_nicename":"reparacion-aire-acondicionado","category_parent":0}],"tag_info":[{"term_id":121,"name":"acondiciona","slug":"acondiciona","term_group":0,"term_taxonomy_id":121,"taxonomy":"post_tag","description":"","parent":0,"count":1,"filter":"raw","term_order":"0"},{"term_id":99,"name":"aire","slug":"aire","term_group":0,"term_taxonomy_id":99,"taxonomy":"post_tag","description":"","parent":0,"count":12,"filter":"raw","term_order":"0"},{"term_id":122,"name":"aire acondicinado","slug":"aire-acondicinado","term_group":0,"term_taxonomy_id":122,"taxonomy":"post_tag","description":"","parent":0,"count":2,"filter":"raw","term_order":"0"},{"term_id":97,"name":"aire acondicionado sant cugat","slug":"aire-acondicionado-sant-cugat","term_group":0,"term_taxonomy_id":97,"taxonomy":"post_tag","description":"","parent":0,"count":3,"filter":"raw","term_order":"0"},{"term_id":109,"name":"climatizacion","slug":"climatizacion","term_group":0,"term_taxonomy_id":109,"taxonomy":"post_tag","description":"","parent":0,"count":11,"filter":"raw","term_order":"0"},{"term_id":124,"name":"instalar aire acondicionado","slug":"instalar-aire-acondicionado","term_group":0,"term_taxonomy_id":124,"taxonomy":"post_tag","description":"","parent":0,"count":2,"filter":"raw","term_order":"0"},{"term_id":107,"name":"mantenimiento","slug":"mantenimiento","term_group":0,"term_taxonomy_id":107,"taxonomy":"post_tag","description":"","parent":0,"count":11,"filter":"raw","term_order":"0"},{"term_id":96,"name":"mantenimiento aire acondicionado","slug":"mantenimiento-aire-acondicionado","term_group":0,"term_taxonomy_id":96,"taxonomy":"post_tag","description":"","parent":0,"count":13,"filter":"raw","term_order":"0"},{"term_id":125,"name":"reparaci\u00f3n aire acondicionado","slug":"reparacion-aire-acondicionado","term_group":0,"term_taxonomy_id":125,"taxonomy":"post_tag","description":"","parent":0,"count":2,"filter":"raw","term_order":"0"},{"term_id":126,"name":"sant cugat","slug":"sant-cugat","term_group":0,"term_taxonomy_id":126,"taxonomy":"post_tag","description":"","parent":0,"count":1,"filter":"raw","term_order":"0"}],"_links":{"self":[{"href":"https:\/\/pujolclima.com\/en\/wp-json\/wp\/v2\/posts\/2252","targetHints":{"allow":["GET"]}}],"collection":[{"href":"https:\/\/pujolclima.com\/en\/wp-json\/wp\/v2\/posts"}],"about":[{"href":"https:\/\/pujolclima.com\/en\/wp-json\/wp\/v2\/types\/post"}],"author":[{"embeddable":true,"href":"https:\/\/pujolclima.com\/en\/wp-json\/wp\/v2\/users\/2"}],"replies":[{"embeddable":true,"href":"https:\/\/pujolclima.com\/en\/wp-json\/wp\/v2\/comments?post=2252"}],"version-history":[{"count":0,"href":"https:\/\/pujolclima.com\/en\/wp-json\/wp\/v2\/posts\/2252\/revisions"}],"wp:featuredmedia":[{"embeddable":true,"href":"https:\/\/pujolclima.com\/en\/wp-json\/wp\/v2\/media\/2254"}],"wp:attachment":[{"href":"https:\/\/pujolclima.com\/en\/wp-json\/wp\/v2\/media?parent=2252"}],"wp:term":[{"taxonomy":"category","embeddable":true,"href":"https:\/\/pujolclima.com\/en\/wp-json\/wp\/v2\/categories?post=2252"},{"taxonomy":"post_tag","embeddable":true,"href":"https:\/\/pujolclima.com\/en\/wp-json\/wp\/v2\/tags?post=2252"}],"curies":[{"name":"wp","href":"https:\/\/api.w.org\/{rel}","templated":true}]}}