{"id":322,"date":"2017-01-24T16:38:47","date_gmt":"2017-01-24T16:38:47","guid":{"rendered":"http:\/\/ecloudagency.com\/?p=322"},"modified":"2017-01-24T16:38:47","modified_gmt":"2017-01-24T16:38:47","slug":"aire-acondicionado-mantenimiento-ii","status":"publish","type":"post","link":"https:\/\/pujolclima.com\/en\/aire-acondicionado-mantenimiento-ii\/","title":{"rendered":"Air Conditioning, Maintenance II"},"content":{"rendered":"<p>In the previous post, we talked about the importance of <strong>air conditioning maintenance in Terrassa<\/strong> and other towns in the Vall\u00e8s. And today in <strong>Pujol Climate<\/strong> We want to delve a little deeper into the topic and explain what this maintenance entails. To do this, we&#039;re going to look in more detail at each of the key factors.<\/p>\n<h2><strong>Cleaning the indoor unit filter<\/strong><\/h2>\n<p>The indoor unit of our system <strong>air-conditioning<\/strong> It has a filter so that dirt, dust and microorganisms present in the air are trapped in it, in this way we achieve greater <strong>air quality<\/strong> in our home and we keep the exchange battery clean. To perform the <strong>air conditioning maintenance in Terrassa<\/strong> and other towns in Barcelona, we must remove the filter, wash it carefully, and replace it. This process must be repeated as many times as necessary throughout its use.<\/p>\n<h2><strong>Cleaning the outdoor unit battery<\/strong><\/h2>\n<p>In <strong>Pujol Climate<\/strong>, your company <strong>air conditioning maintenance in Terrassa<\/strong>, we recommend that you make a <strong>cleaning<\/strong> thoroughly to remove all the dirt from the street that settles on the exchange battery. If proper maintenance is not performed, the <strong>efficiency<\/strong> of our system will decrease and we will lose <strong>thermal power<\/strong>, all of which will lead to a system crash.<\/p>\n<h2><strong>Checking the refrigerant gas charge<\/strong><\/h2>\n<p>Cleaning the different units of the equipment is as important as checking the level of <strong>refrigerant gas<\/strong> is the right one. In <strong>Pujol Climate<\/strong>, your company <strong>air conditioning maintenance in Terrassa<\/strong>, we recharge the <strong>gas<\/strong> and we look for a possible leak that could be the cause of the loss of the <strong>refrigerant<\/strong>To check the levels we will need a <strong>pressure gauge<\/strong> and other specialized tools, although one of the signs that warn us of a low level is a blockage due to low pressure or the formation of ice in the outdoor unit.<\/p>","protected":false},"excerpt":{"rendered":"<p>In the previous post, we discussed the importance of air conditioning maintenance in Terrassa and other towns in the Vall\u00e8s region. And today, at Pujol Clima\u2026<\/p>","protected":false},"author":2,"featured_media":323,"comment_status":"open","ping_status":"open","sticky":false,"template":"","format":"standard","meta":{"_kad_blocks_custom_css":"","_kad_blocks_head_custom_js":"","_kad_blocks_body_custom_js":"","_kad_blocks_footer_custom_js":"","_kadence_starter_templates_imported_post":false,"_kad_post_transparent":"","_kad_post_title":"","_kad_post_layout":"","_kad_post_sidebar_id":"","_kad_post_content_style":"","_kad_post_vertical_padding":"","_kad_post_feature":"","_kad_post_feature_position":"","_kad_post_header":false,"_kad_post_footer":false,"_kad_post_classname":"","_joinchat":[],"footnotes":""},"categories":[59,48,55],"tags":[60,61,54,83,53],"class_list":["post-322","post","type-post","status-publish","format-standard","has-post-thumbnail","hentry","category-aire-acondicionado","category-blog","category-mantenimiento-aire-acondicionado","tag-aire-acondicionado-comercial","tag-aire-acondicionado-domestico","tag-aire-acondicionado-industrial","tag-recarga-de-gas","tag-terrassa"],"aioseo_notices":[],"aioseo_head":"\n\t\t<!-- All in One SEO 5.0.1.1 - aioseo.com -->\n\t<meta name=\"description\" content=\"En el post anterior, hablamos de la importancia del mantenimiento del aire acondicionado en Terrassa y otras poblaciones del Vall\u00e8s. Y hoy en Pujol Clima queremos profundizar un poco m\u00e1s en el tema y explicarte en qu\u00e9 consiste dicho mantenimiento, para ello, vamos a ver con m\u00e1s detalle en qu\u00e9 consiste cada uno de los\" \/>\n\t<meta name=\"robots\" content=\"max-image-preview:large\" \/>\n\t<meta name=\"author\" content=\"soporte\"\/>\n\t<link rel=\"canonical\" href=\"https:\/\/pujolclima.com\/en\/aire-acondicionado-mantenimiento-ii\/\" \/>\n\t<meta name=\"generator\" content=\"All in One SEO (AIOSEO) 5.0.1.1\" \/>\n\t\t<meta property=\"og:locale\" content=\"en_US\" \/>\n\t\t<meta property=\"og:site_name\" content=\"Pujolclima. Expertos en climatizaci\u00f3n - Expertos en climatizaci\u00f3n para hogares y empresas. Instalaci\u00f3n, mantenimiento y reparaci\u00f3n de aire acondicionado y calefacci\u00f3n con tecnolog\u00eda eficiente, servicio r\u00e1pido y el mejor confort\u00a0garantizado.\" \/>\n\t\t<meta property=\"og:type\" content=\"article\" \/>\n\t\t<meta property=\"og:title\" content=\"Aire Acondicionado, Mantenimiento II - Pujolclima. Expertos en climatizaci\u00f3n\" \/>\n\t\t<meta property=\"og:description\" content=\"En el post anterior, hablamos de la importancia del mantenimiento del aire acondicionado en Terrassa y otras poblaciones del Vall\u00e8s. Y hoy en Pujol Clima queremos profundizar un poco m\u00e1s en el tema y explicarte en qu\u00e9 consiste dicho mantenimiento, para ello, vamos a ver con m\u00e1s detalle en qu\u00e9 consiste cada uno de los\" \/>\n\t\t<meta property=\"og:url\" content=\"https:\/\/pujolclima.com\/en\/aire-acondicionado-mantenimiento-ii\/\" \/>\n\t\t<meta property=\"og:image\" content=\"https:\/\/pujolclima.com\/wp-content\/uploads\/2025\/03\/cropped-PujolCLIMA-VECTOR-1.png\" \/>\n\t\t<meta property=\"og:image:secure_url\" content=\"https:\/\/pujolclima.com\/wp-content\/uploads\/2025\/03\/cropped-PujolCLIMA-VECTOR-1.png\" \/>\n\t\t<meta property=\"article:published_time\" content=\"2017-01-24T16:38:47+00:00\" \/>\n\t\t<meta property=\"article:modified_time\" content=\"2017-01-24T16:38:47+00:00\" \/>\n\t\t<meta name=\"twitter:card\" content=\"summary_large_image\" \/>\n\t\t<meta name=\"twitter:title\" content=\"Aire Acondicionado, Mantenimiento II - Pujolclima. Expertos en climatizaci\u00f3n\" \/>\n\t\t<meta name=\"twitter:description\" content=\"En el post anterior, hablamos de la importancia del mantenimiento del aire acondicionado en Terrassa y otras poblaciones del Vall\u00e8s. Y hoy en Pujol Clima queremos profundizar un poco m\u00e1s en el tema y explicarte en qu\u00e9 consiste dicho mantenimiento, para ello, vamos a ver con m\u00e1s detalle en qu\u00e9 consiste cada uno de los\" \/>\n\t\t<meta name=\"twitter:image\" content=\"https:\/\/pujolclima.com\/wp-content\/uploads\/2025\/03\/cropped-PujolCLIMA-VECTOR-1.png\" \/>\n\t\t<script type=\"application\/ld+json\" class=\"aioseo-schema\">\n\t\t\t{\"@context\":\"https:\\\/\\\/schema.org\",\"@graph\":[{\"@type\":\"BlogPosting\",\"@id\":\"https:\\\/\\\/pujolclima.com\\\/en\\\/aire-acondicionado-mantenimiento-ii\\\/#blogposting\",\"name\":\"Aire Acondicionado, Mantenimiento II - Pujolclima. Expertos en climatizaci\\u00f3n\",\"headline\":\"Aire Acondicionado, Mantenimiento II\",\"author\":{\"@id\":\"https:\\\/\\\/pujolclima.com\\\/en\\\/author\\\/soporte\\\/#author\"},\"publisher\":{\"@id\":\"https:\\\/\\\/pujolclima.com\\\/en\\\/#organization\"},\"image\":{\"@type\":\"ImageObject\",\"url\":\"https:\\\/\\\/pujolclima.com\\\/wp-content\\\/uploads\\\/2017\\\/01\\\/mantenimiento-aire-acondicioando-terrassa-II.jpg\",\"width\":940,\"height\":627},\"datePublished\":\"2017-01-24T16:38:47+01:00\",\"dateModified\":\"2017-01-24T16:38:47+01:00\",\"inLanguage\":\"en-US\",\"mainEntityOfPage\":{\"@id\":\"https:\\\/\\\/pujolclima.com\\\/en\\\/aire-acondicionado-mantenimiento-ii\\\/#webpage\"},\"isPartOf\":{\"@id\":\"https:\\\/\\\/pujolclima.com\\\/en\\\/aire-acondicionado-mantenimiento-ii\\\/#webpage\"},\"articleSection\":\"Aire Acondicionado, Blog, Mantenimiento aire acondicionado, Aire Acondicionado comercial, Aire acondicionado domestico, Aire Acondicionado Industrial, Recarga de Gas, Terrassa\"},{\"@type\":\"BreadcrumbList\",\"@id\":\"https:\\\/\\\/pujolclima.com\\\/en\\\/aire-acondicionado-mantenimiento-ii\\\/#breadcrumblist\",\"itemListElement\":[{\"@type\":\"ListItem\",\"@id\":\"https:\\\/\\\/pujolclima.com\\\/en#listItem\",\"position\":1,\"name\":\"Inicio\",\"item\":\"https:\\\/\\\/pujolclima.com\\\/en\",\"nextItem\":{\"@type\":\"ListItem\",\"@id\":\"https:\\\/\\\/pujolclima.com\\\/en\\\/category\\\/blog\\\/#listItem\",\"name\":\"Blog\"}},{\"@type\":\"ListItem\",\"@id\":\"https:\\\/\\\/pujolclima.com\\\/en\\\/category\\\/blog\\\/#listItem\",\"position\":2,\"name\":\"Blog\",\"item\":\"https:\\\/\\\/pujolclima.com\\\/en\\\/category\\\/blog\\\/\",\"nextItem\":{\"@type\":\"ListItem\",\"@id\":\"https:\\\/\\\/pujolclima.com\\\/en\\\/aire-acondicionado-mantenimiento-ii\\\/#listItem\",\"name\":\"Aire Acondicionado, Mantenimiento II\"},\"previousItem\":{\"@type\":\"ListItem\",\"@id\":\"https:\\\/\\\/pujolclima.com\\\/en#listItem\",\"name\":\"Inicio\"}},{\"@type\":\"ListItem\",\"@id\":\"https:\\\/\\\/pujolclima.com\\\/en\\\/aire-acondicionado-mantenimiento-ii\\\/#listItem\",\"position\":3,\"name\":\"Aire Acondicionado, Mantenimiento II\",\"previousItem\":{\"@type\":\"ListItem\",\"@id\":\"https:\\\/\\\/pujolclima.com\\\/en\\\/category\\\/blog\\\/#listItem\",\"name\":\"Blog\"}}]},{\"@type\":\"Organization\",\"@id\":\"https:\\\/\\\/pujolclima.com\\\/en\\\/#organization\",\"name\":\"Pujolclima. Colaborador Oficial de Nedgia\",\"description\":\"Expertos en climatizaci\\u00f3n para hogares y empresas. Instalaci\\u00f3n, mantenimiento y reparaci\\u00f3n de aire acondicionado y calefacci\\u00f3n con tecnolog\\u00eda eficiente, servicio r\\u00e1pido y el mejor confort\\u00a0garantizado.\",\"url\":\"https:\\\/\\\/pujolclima.com\\\/en\\\/\",\"telephone\":\"+34664582238\",\"logo\":{\"@type\":\"ImageObject\",\"url\":\"https:\\\/\\\/pujolclima.com\\\/wp-content\\\/uploads\\\/2025\\\/03\\\/cropped-PujolCLIMA-VECTOR-1.png\",\"@id\":\"https:\\\/\\\/pujolclima.com\\\/en\\\/aire-acondicionado-mantenimiento-ii\\\/#organizationLogo\",\"width\":1925,\"height\":570},\"image\":{\"@id\":\"https:\\\/\\\/pujolclima.com\\\/en\\\/aire-acondicionado-mantenimiento-ii\\\/#organizationLogo\"}},{\"@type\":\"Person\",\"@id\":\"https:\\\/\\\/pujolclima.com\\\/en\\\/author\\\/soporte\\\/#author\",\"url\":\"https:\\\/\\\/pujolclima.com\\\/en\\\/author\\\/soporte\\\/\",\"name\":\"soporte\"},{\"@type\":\"WebPage\",\"@id\":\"https:\\\/\\\/pujolclima.com\\\/en\\\/aire-acondicionado-mantenimiento-ii\\\/#webpage\",\"url\":\"https:\\\/\\\/pujolclima.com\\\/en\\\/aire-acondicionado-mantenimiento-ii\\\/\",\"name\":\"Aire Acondicionado, Mantenimiento II - Pujolclima. Expertos en climatizaci\\u00f3n\",\"description\":\"En el post anterior, hablamos de la importancia del mantenimiento del aire acondicionado en Terrassa y otras poblaciones del Vall\\u00e8s. Y hoy en Pujol Clima queremos profundizar un poco m\\u00e1s en el tema y explicarte en qu\\u00e9 consiste dicho mantenimiento, para ello, vamos a ver con m\\u00e1s detalle en qu\\u00e9 consiste cada uno de los\",\"inLanguage\":\"en-US\",\"isPartOf\":{\"@id\":\"https:\\\/\\\/pujolclima.com\\\/en\\\/#website\"},\"breadcrumb\":{\"@id\":\"https:\\\/\\\/pujolclima.com\\\/en\\\/aire-acondicionado-mantenimiento-ii\\\/#breadcrumblist\"},\"author\":{\"@id\":\"https:\\\/\\\/pujolclima.com\\\/en\\\/author\\\/soporte\\\/#author\"},\"creator\":{\"@id\":\"https:\\\/\\\/pujolclima.com\\\/en\\\/author\\\/soporte\\\/#author\"},\"image\":{\"@type\":\"ImageObject\",\"url\":\"https:\\\/\\\/pujolclima.com\\\/wp-content\\\/uploads\\\/2017\\\/01\\\/mantenimiento-aire-acondicioando-terrassa-II.jpg\",\"@id\":\"https:\\\/\\\/pujolclima.com\\\/en\\\/aire-acondicionado-mantenimiento-ii\\\/#mainImage\",\"width\":940,\"height\":627},\"primaryImageOfPage\":{\"@id\":\"https:\\\/\\\/pujolclima.com\\\/en\\\/aire-acondicionado-mantenimiento-ii\\\/#mainImage\"},\"datePublished\":\"2017-01-24T16:38:47+01:00\",\"dateModified\":\"2017-01-24T16:38:47+01:00\"},{\"@type\":\"WebSite\",\"@id\":\"https:\\\/\\\/pujolclima.com\\\/en\\\/#website\",\"url\":\"https:\\\/\\\/pujolclima.com\\\/en\\\/\",\"name\":\"Pujolclima. Colaborador Gas Natural Fernosa\",\"description\":\"Expertos en climatizaci\\u00f3n para hogares y empresas. Instalaci\\u00f3n, mantenimiento y reparaci\\u00f3n de aire acondicionado y calefacci\\u00f3n con tecnolog\\u00eda eficiente, servicio r\\u00e1pido y el mejor confort\\u00a0garantizado.\",\"inLanguage\":\"en-US\",\"publisher\":{\"@id\":\"https:\\\/\\\/pujolclima.com\\\/en\\\/#organization\"}}]}\n\t\t<\/script>\n\t\t<!-- All in One SEO -->\n\n","aioseo_head_json":{"title":"Aire Acondicionado, Mantenimiento II - Pujolclima. Expertos en climatizaci\u00f3n","description":"En el post anterior, hablamos de la importancia del mantenimiento del aire acondicionado en Terrassa y otras poblaciones del Vall\u00e8s. Y hoy en Pujol Clima queremos profundizar un poco m\u00e1s en el tema y explicarte en qu\u00e9 consiste dicho mantenimiento, para ello, vamos a ver con m\u00e1s detalle en qu\u00e9 consiste cada uno de los","canonical_url":"https:\/\/pujolclima.com\/en\/aire-acondicionado-mantenimiento-ii\/","robots":"max-image-preview:large","keywords":"","webmasterTools":{"miscellaneous":""},"schema":{"@context":"https:\/\/schema.org","@graph":[{"@type":"BlogPosting","@id":"https:\/\/pujolclima.com\/en\/aire-acondicionado-mantenimiento-ii\/#blogposting","name":"Aire Acondicionado, Mantenimiento II - Pujolclima. Expertos en climatizaci\u00f3n","headline":"Aire Acondicionado, Mantenimiento II","author":{"@id":"https:\/\/pujolclima.com\/en\/author\/soporte\/#author"},"publisher":{"@id":"https:\/\/pujolclima.com\/en\/#organization"},"image":{"@type":"ImageObject","url":"https:\/\/pujolclima.com\/wp-content\/uploads\/2017\/01\/mantenimiento-aire-acondicioando-terrassa-II.jpg","width":940,"height":627},"datePublished":"2017-01-24T16:38:47+01:00","dateModified":"2017-01-24T16:38:47+01:00","inLanguage":"en-US","mainEntityOfPage":{"@id":"https:\/\/pujolclima.com\/en\/aire-acondicionado-mantenimiento-ii\/#webpage"},"isPartOf":{"@id":"https:\/\/pujolclima.com\/en\/aire-acondicionado-mantenimiento-ii\/#webpage"},"articleSection":"Aire Acondicionado, Blog, Mantenimiento aire acondicionado, Aire Acondicionado comercial, Aire acondicionado domestico, Aire Acondicionado Industrial, Recarga de Gas, Terrassa"},{"@type":"BreadcrumbList","@id":"https:\/\/pujolclima.com\/en\/aire-acondicionado-mantenimiento-ii\/#breadcrumblist","itemListElement":[{"@type":"ListItem","@id":"https:\/\/pujolclima.com\/en#listItem","position":1,"name":"Inicio","item":"https:\/\/pujolclima.com\/en","nextItem":{"@type":"ListItem","@id":"https:\/\/pujolclima.com\/en\/category\/blog\/#listItem","name":"Blog"}},{"@type":"ListItem","@id":"https:\/\/pujolclima.com\/en\/category\/blog\/#listItem","position":2,"name":"Blog","item":"https:\/\/pujolclima.com\/en\/category\/blog\/","nextItem":{"@type":"ListItem","@id":"https:\/\/pujolclima.com\/en\/aire-acondicionado-mantenimiento-ii\/#listItem","name":"Aire Acondicionado, Mantenimiento II"},"previousItem":{"@type":"ListItem","@id":"https:\/\/pujolclima.com\/en#listItem","name":"Inicio"}},{"@type":"ListItem","@id":"https:\/\/pujolclima.com\/en\/aire-acondicionado-mantenimiento-ii\/#listItem","position":3,"name":"Aire Acondicionado, Mantenimiento II","previousItem":{"@type":"ListItem","@id":"https:\/\/pujolclima.com\/en\/category\/blog\/#listItem","name":"Blog"}}]},{"@type":"Organization","@id":"https:\/\/pujolclima.com\/en\/#organization","name":"Pujolclima. Colaborador Oficial de Nedgia","description":"Expertos en climatizaci\u00f3n para hogares y empresas. Instalaci\u00f3n, mantenimiento y reparaci\u00f3n de aire acondicionado y calefacci\u00f3n con tecnolog\u00eda eficiente, servicio r\u00e1pido y el mejor confort\u00a0garantizado.","url":"https:\/\/pujolclima.com\/en\/","telephone":"+34664582238","logo":{"@type":"ImageObject","url":"https:\/\/pujolclima.com\/wp-content\/uploads\/2025\/03\/cropped-PujolCLIMA-VECTOR-1.png","@id":"https:\/\/pujolclima.com\/en\/aire-acondicionado-mantenimiento-ii\/#organizationLogo","width":1925,"height":570},"image":{"@id":"https:\/\/pujolclima.com\/en\/aire-acondicionado-mantenimiento-ii\/#organizationLogo"}},{"@type":"Person","@id":"https:\/\/pujolclima.com\/en\/author\/soporte\/#author","url":"https:\/\/pujolclima.com\/en\/author\/soporte\/","name":"soporte"},{"@type":"WebPage","@id":"https:\/\/pujolclima.com\/en\/aire-acondicionado-mantenimiento-ii\/#webpage","url":"https:\/\/pujolclima.com\/en\/aire-acondicionado-mantenimiento-ii\/","name":"Aire Acondicionado, Mantenimiento II - Pujolclima. Expertos en climatizaci\u00f3n","description":"En el post anterior, hablamos de la importancia del mantenimiento del aire acondicionado en Terrassa y otras poblaciones del Vall\u00e8s. Y hoy en Pujol Clima queremos profundizar un poco m\u00e1s en el tema y explicarte en qu\u00e9 consiste dicho mantenimiento, para ello, vamos a ver con m\u00e1s detalle en qu\u00e9 consiste cada uno de los","inLanguage":"en-US","isPartOf":{"@id":"https:\/\/pujolclima.com\/en\/#website"},"breadcrumb":{"@id":"https:\/\/pujolclima.com\/en\/aire-acondicionado-mantenimiento-ii\/#breadcrumblist"},"author":{"@id":"https:\/\/pujolclima.com\/en\/author\/soporte\/#author"},"creator":{"@id":"https:\/\/pujolclima.com\/en\/author\/soporte\/#author"},"image":{"@type":"ImageObject","url":"https:\/\/pujolclima.com\/wp-content\/uploads\/2017\/01\/mantenimiento-aire-acondicioando-terrassa-II.jpg","@id":"https:\/\/pujolclima.com\/en\/aire-acondicionado-mantenimiento-ii\/#mainImage","width":940,"height":627},"primaryImageOfPage":{"@id":"https:\/\/pujolclima.com\/en\/aire-acondicionado-mantenimiento-ii\/#mainImage"},"datePublished":"2017-01-24T16:38:47+01:00","dateModified":"2017-01-24T16:38:47+01:00"},{"@type":"WebSite","@id":"https:\/\/pujolclima.com\/en\/#website","url":"https:\/\/pujolclima.com\/en\/","name":"Pujolclima. Colaborador Gas Natural Fernosa","description":"Expertos en climatizaci\u00f3n para hogares y empresas. Instalaci\u00f3n, mantenimiento y reparaci\u00f3n de aire acondicionado y calefacci\u00f3n con tecnolog\u00eda eficiente, servicio r\u00e1pido y el mejor confort\u00a0garantizado.","inLanguage":"en-US","publisher":{"@id":"https:\/\/pujolclima.com\/en\/#organization"}}]},"og:locale":"en_US","og:site_name":"Pujolclima. Expertos en climatizaci\u00f3n - Expertos en climatizaci\u00f3n para hogares y empresas. Instalaci\u00f3n, mantenimiento y reparaci\u00f3n de aire acondicionado y calefacci\u00f3n con tecnolog\u00eda eficiente, servicio r\u00e1pido y el mejor confort\u00a0garantizado.","og:type":"article","og:title":"Aire Acondicionado, Mantenimiento II - Pujolclima. Expertos en climatizaci\u00f3n","og:description":"En el post anterior, hablamos de la importancia del mantenimiento del aire acondicionado en Terrassa y otras poblaciones del Vall\u00e8s. Y hoy en Pujol Clima queremos profundizar un poco m\u00e1s en el tema y explicarte en qu\u00e9 consiste dicho mantenimiento, para ello, vamos a ver con m\u00e1s detalle en qu\u00e9 consiste cada uno de los","og:url":"https:\/\/pujolclima.com\/en\/aire-acondicionado-mantenimiento-ii\/","og:image":"https:\/\/pujolclima.com\/wp-content\/uploads\/2025\/03\/cropped-PujolCLIMA-VECTOR-1.png","og:image:secure_url":"https:\/\/pujolclima.com\/wp-content\/uploads\/2025\/03\/cropped-PujolCLIMA-VECTOR-1.png","article:published_time":"2017-01-24T16:38:47+00:00","article:modified_time":"2017-01-24T16:38:47+00:00","twitter:card":"summary_large_image","twitter:title":"Aire Acondicionado, Mantenimiento II - Pujolclima. Expertos en climatizaci\u00f3n","twitter:description":"En el post anterior, hablamos de la importancia del mantenimiento del aire acondicionado en Terrassa y otras poblaciones del Vall\u00e8s. Y hoy en Pujol Clima queremos profundizar un poco m\u00e1s en el tema y explicarte en qu\u00e9 consiste dicho mantenimiento, para ello, vamos a ver con m\u00e1s detalle en qu\u00e9 consiste cada uno de los","twitter:image":"https:\/\/pujolclima.com\/wp-content\/uploads\/2025\/03\/cropped-PujolCLIMA-VECTOR-1.png"},"aioseo_meta_data":{"post_id":"322","title":null,"description":null,"keywords":null,"keyphrases":null,"primary_term":null,"canonical_url":null,"og_title":null,"og_description":null,"og_object_type":"default","og_image_type":"default","og_image_url":null,"og_image_width":null,"og_image_height":null,"og_image_custom_url":null,"og_image_custom_fields":null,"og_video":null,"og_custom_url":null,"og_article_section":null,"og_article_tags":null,"twitter_use_og":false,"twitter_card":"default","twitter_image_type":"default","twitter_image_url":null,"twitter_image_custom_url":null,"twitter_image_custom_fields":null,"twitter_title":null,"twitter_description":null,"schema":{"blockGraphs":[],"customGraphs":[],"default":{"data":{"Article":[],"Course":[],"Dataset":[],"FAQPage":[],"Movie":[],"Person":[],"Product":[],"ProductReview":[],"Car":[],"Recipe":[],"Service":[],"SoftwareApplication":[],"WebPage":[]},"graphName":"","isEnabled":true},"graphs":[]},"schema_type":"default","schema_type_options":null,"pillar_content":false,"robots_default":true,"robots_noindex":false,"robots_noarchive":false,"robots_nosnippet":false,"robots_nofollow":false,"robots_noimageindex":false,"robots_noodp":false,"robots_notranslate":false,"robots_max_snippet":null,"robots_max_videopreview":null,"robots_max_imagepreview":"large","priority":null,"frequency":null,"local_seo":null,"breadcrumb_settings":null,"limit_modified_date":false,"ai":null,"created":"2024-06-13 09:23:48","updated":"2025-07-08 08:50:19","focus_keyword":null,"additional_keywords":null,"truseo_locale":null,"seo_analyzer_scan_date":null},"aioseo_breadcrumb":"<div class=\"aioseo-breadcrumbs\"><span class=\"aioseo-breadcrumb\">\n\t\t\t<a href=\"https:\/\/pujolclima.com\/en\" title=\"Inicio\">Inicio<\/a>\n\t\t<\/span><span class=\"aioseo-breadcrumb-separator\">&raquo;<\/span><span class=\"aioseo-breadcrumb\">\n\t\t\t<a href=\"https:\/\/pujolclima.com\/en\/category\/blog\/\" title=\"Blog\">Blog<\/a>\n\t\t<\/span><span class=\"aioseo-breadcrumb-separator\">&raquo;<\/span><span class=\"aioseo-breadcrumb\">\n\t\t\tAire Acondicionado, Mantenimiento II\n\t\t<\/span><\/div>","aioseo_breadcrumb_json":[{"label":"Inicio","link":"https:\/\/pujolclima.com\/en"},{"label":"Blog","link":"https:\/\/pujolclima.com\/en\/category\/blog\/"},{"label":"Aire Acondicionado, Mantenimiento II","link":"https:\/\/pujolclima.com\/en\/aire-acondicionado-mantenimiento-ii\/"}],"taxonomy_info":{"category":[{"value":59,"label":"Aire Acondicionado"},{"value":48,"label":"Blog"},{"value":55,"label":"Mantenimiento aire acondicionado"}],"post_tag":[{"value":60,"label":"Aire Acondicionado comercial"},{"value":61,"label":"Aire acondicionado domestico"},{"value":54,"label":"Aire Acondicionado Industrial"},{"value":83,"label":"Recarga de Gas"},{"value":53,"label":"Terrassa"}]},"featured_image_src_large":["https:\/\/pujolclima.com\/wp-content\/uploads\/2017\/01\/mantenimiento-aire-acondicioando-terrassa-II.jpg",940,627,false],"author_info":{"display_name":"soporte","author_link":"https:\/\/pujolclima.com\/en\/author\/soporte\/"},"comment_info":0,"category_info":[{"term_id":59,"name":"Aire Acondicionado","slug":"aire-acondicionado","term_group":0,"term_taxonomy_id":59,"taxonomy":"category","description":"","parent":0,"count":55,"filter":"raw","term_order":"12","cat_ID":59,"category_count":55,"category_description":"","cat_name":"Aire Acondicionado","category_nicename":"aire-acondicionado","category_parent":0},{"term_id":48,"name":"Blog","slug":"blog","term_group":0,"term_taxonomy_id":48,"taxonomy":"category","description":"","parent":0,"count":83,"filter":"raw","term_order":"13","cat_ID":48,"category_count":83,"category_description":"","cat_name":"Blog","category_nicename":"blog","category_parent":0},{"term_id":55,"name":"Mantenimiento aire acondicionado","slug":"mantenimiento-aire-acondicionado","term_group":0,"term_taxonomy_id":55,"taxonomy":"category","description":"","parent":0,"count":29,"filter":"raw","term_order":"15","cat_ID":55,"category_count":29,"category_description":"","cat_name":"Mantenimiento aire acondicionado","category_nicename":"mantenimiento-aire-acondicionado","category_parent":0}],"tag_info":[{"term_id":60,"name":"Aire Acondicionado comercial","slug":"aire-acondicionado-comercial","term_group":0,"term_taxonomy_id":60,"taxonomy":"post_tag","description":"","parent":0,"count":15,"filter":"raw","term_order":"0"},{"term_id":61,"name":"Aire acondicionado domestico","slug":"aire-acondicionado-domestico","term_group":0,"term_taxonomy_id":61,"taxonomy":"post_tag","description":"","parent":0,"count":28,"filter":"raw","term_order":"0"},{"term_id":54,"name":"Aire Acondicionado Industrial","slug":"aire-acondicionado-industrial","term_group":0,"term_taxonomy_id":54,"taxonomy":"post_tag","description":"","parent":0,"count":15,"filter":"raw","term_order":"0"},{"term_id":83,"name":"Recarga de Gas","slug":"recarga-de-gas","term_group":0,"term_taxonomy_id":83,"taxonomy":"post_tag","description":"","parent":0,"count":1,"filter":"raw","term_order":"0"},{"term_id":53,"name":"Terrassa","slug":"terrassa","term_group":0,"term_taxonomy_id":53,"taxonomy":"post_tag","description":"","parent":0,"count":12,"filter":"raw","term_order":"0"}],"_links":{"self":[{"href":"https:\/\/pujolclima.com\/en\/wp-json\/wp\/v2\/posts\/322","targetHints":{"allow":["GET"]}}],"collection":[{"href":"https:\/\/pujolclima.com\/en\/wp-json\/wp\/v2\/posts"}],"about":[{"href":"https:\/\/pujolclima.com\/en\/wp-json\/wp\/v2\/types\/post"}],"author":[{"embeddable":true,"href":"https:\/\/pujolclima.com\/en\/wp-json\/wp\/v2\/users\/2"}],"replies":[{"embeddable":true,"href":"https:\/\/pujolclima.com\/en\/wp-json\/wp\/v2\/comments?post=322"}],"version-history":[{"count":0,"href":"https:\/\/pujolclima.com\/en\/wp-json\/wp\/v2\/posts\/322\/revisions"}],"wp:featuredmedia":[{"embeddable":true,"href":"https:\/\/pujolclima.com\/en\/wp-json\/wp\/v2\/media\/323"}],"wp:attachment":[{"href":"https:\/\/pujolclima.com\/en\/wp-json\/wp\/v2\/media?parent=322"}],"wp:term":[{"taxonomy":"category","embeddable":true,"href":"https:\/\/pujolclima.com\/en\/wp-json\/wp\/v2\/categories?post=322"},{"taxonomy":"post_tag","embeddable":true,"href":"https:\/\/pujolclima.com\/en\/wp-json\/wp\/v2\/tags?post=322"}],"curies":[{"name":"wp","href":"https:\/\/api.w.org\/{rel}","templated":true}]}}